{"id":202765,"date":"2024-06-18T15:00:53","date_gmt":"2024-06-18T13:00:53","guid":{"rendered":"https:\/\/mediarun.com\/pl\/?p=202765"},"modified":"2024-06-18T15:00:53","modified_gmt":"2024-06-18T13:00:53","slug":"grazyna-golebiowska-nowa-czlonkinia-zarzadu-ams","status":"publish","type":"post","link":"https:\/\/mediarun.com\/pl\/media\/grazyna-golebiowska-nowa-czlonkinia-zarzadu-ams.html","title":{"rendered":"Gra\u017cyna Go\u0142\u0119biowska now\u0105 cz\u0142onkini\u0105 zarz\u0105du AMS"},"content":{"rendered":"<h1>Ma\u0142gorzata Augustyniak Rezygnuje z Zarz\u0105du AMS<\/h1>\n<h2>11 czerwca rada nadzorcza AMS og\u0142osi\u0142a, \u017ce Ma\u0142gorzata Augustyniak zrezygnowa\u0142a z funkcji cz\u0142onkini zarz\u0105du. Na jej miejsce powo\u0142ano Gra\u017cyn\u0119 Go\u0142\u0119biowsk\u0105, a zmiany te wejd\u0105 w \u017cycie 1 lipca.<\/h2>\n<p>&nbsp;<\/p>\n<p><strong>Ma\u0142gorzata Augustyniak<\/strong>, dotychczasowa wiceprezeska zarz\u0105du, postanowi\u0142a skupi\u0107 si\u0119 na dzia\u0142aniach z zakresu spo\u0142ecznej odpowiedzialno\u015bci biznesu, kt\u00f3re s\u0105 kluczowe dla strategii <strong>AMS<\/strong>. Zarz\u0105d firmy pozostaje trzyosobowy \u2013 obok nowej cz\u0142onkini <strong>Gra\u017cyny Go\u0142\u0119biowskiej<\/strong>, zasiadaj\u0105 w nim <strong>Marek Kuzaka<\/strong>, prezes zarz\u0105du, oraz <strong>Wojciech Zdanowicz<\/strong>, odpowiedzialny za dzia\u0142alno\u015b\u0107 operacyjn\u0105.<\/p>\n<p>\u2013 &#8222;Zmiany w zarz\u0105dzie <strong>AMS<\/strong> s\u0105 dowodem naszej odpowiedzialno\u015bci za sp\u00f3\u0142k\u0119 oraz dojrza\u0142o\u015bci menad\u017cerskiej. <strong>Ma\u0142gorzata Augustyniak<\/strong> wnios\u0142a wiele lat do\u015bwiadcze\u0144 i sukces\u00f3w do <strong>AMS<\/strong>. Jestem bardzo wdzi\u0119czny za jej dotychczasow\u0105 wsp\u00f3\u0142prac\u0119 i wsparcie, kt\u00f3re nadal b\u0119dzie nam udziela\u0107&#8221; \u2013 powiedzia\u0142 <strong>Marek Kuzaka<\/strong>, prezes zarz\u0105du AMS.<\/p>\n<p><strong>Gra\u017cyna Go\u0142\u0119biowska<\/strong>, nowa cz\u0142onkini zarz\u0105du, b\u0119dzie odpowiedzialna za marketing i sprzeda\u017c. Posiada 25-letnie do\u015bwiadczenie w bran\u017cy medialnej i reklamowej, zaczynaj\u0105c karier\u0119 w TVP i TVN. Od 1999 roku pracuje w sektorze reklamy Out-of-Home, a od 2003 roku zarz\u0105dza marketingiem <strong>AMS<\/strong>.<\/p>\n<p>\u2013 &#8222;Chcemy dalej intensywnie rozwija\u0107 nasze dzia\u0142ania marketingowe, a do\u015bwiadczenie Gra\u017cyny pozwoli nam skuteczniej realizowa\u0107 cele strategiczne. Rozw\u00f3j w cyfrowych obszarach dzia\u0142alno\u015bci i orientacja na dane s\u0105 kluczowe dla umacniania pozycji lidera rynku przez <strong>AMS<\/strong>&#8221; \u2013 doda\u0142 Marek Kuzaka.<\/p>\n<p><strong>Gra\u017cyna Go\u0142\u0119biowska<\/strong> jest absolwentk\u0105 Uniwersytetu Warszawskiego, Szko\u0142y G\u0142\u00f3wnej Handlowej oraz Centrum Dziennikarstwa. Uko\u0144czy\u0142a r\u00f3wnie\u017c programy rozwojowe takie jak Harvard Manage Mentor i Neuroleadership Academy.<\/p>\n","protected":false},"excerpt":{"rendered":"Ma\u0142gorzata Augustyniak Rezygnuje z Zarz\u0105du AMS 11 czerwca rada nadzorcza AMS og\u0142osi\u0142a, \u017ce Ma\u0142gorzata Augustyniak zrezygnowa\u0142a z funkcji&hellip;","protected":false},"author":68,"featured_media":202766,"comment_status":"open","ping_status":"closed","sticky":false,"template":"","format":"standard","meta":{"csco_display_header_overlay":false,"csco_singular_sidebar":"","csco_page_header_type":"","csco_page_load_nextpost":"","csco_post_video_location":[],"csco_post_video_location_hash":"","csco_post_video_url":"","csco_post_video_bg_start_time":0,"csco_post_video_bg_end_time":0,"footnotes":""},"categories":[9668,9674],"tags":[118,13179,14014,14015],"class_list":{"0":"post-202765","1":"post","2":"type-post","3":"status-publish","4":"format-standard","5":"has-post-thumbnail","7":"category-media","8":"category-ooh","9":"tag-ams","10":"tag-grazyna-golebiowska","11":"tag-malgorzata-augustyniak","12":"tag-marek-kuzaka","13":"cs-entry","14":"cs-video-wrap"},"_links":{"self":[{"href":"https:\/\/mediarun.com\/pl\/wp-json\/wp\/v2\/posts\/202765","targetHints":{"allow":["GET"]}}],"collection":[{"href":"https:\/\/mediarun.com\/pl\/wp-json\/wp\/v2\/posts"}],"about":[{"href":"https:\/\/mediarun.com\/pl\/wp-json\/wp\/v2\/types\/post"}],"author":[{"embeddable":true,"href":"https:\/\/mediarun.com\/pl\/wp-json\/wp\/v2\/users\/68"}],"replies":[{"embeddable":true,"href":"https:\/\/mediarun.com\/pl\/wp-json\/wp\/v2\/comments?post=202765"}],"version-history":[{"count":0,"href":"https:\/\/mediarun.com\/pl\/wp-json\/wp\/v2\/posts\/202765\/revisions"}],"wp:featuredmedia":[{"embeddable":true,"href":"https:\/\/mediarun.com\/pl\/wp-json\/wp\/v2\/media\/202766"}],"wp:attachment":[{"href":"https:\/\/mediarun.com\/pl\/wp-json\/wp\/v2\/media?parent=202765"}],"wp:term":[{"taxonomy":"category","embeddable":true,"href":"https:\/\/mediarun.com\/pl\/wp-json\/wp\/v2\/categories?post=202765"},{"taxonomy":"post_tag","embeddable":true,"href":"https:\/\/mediarun.com\/pl\/wp-json\/wp\/v2\/tags?post=202765"}],"curies":[{"name":"wp","href":"https:\/\/api.w.org\/{rel}","templated":true}]}}