{"id":201929,"date":"2024-01-04T12:44:49","date_gmt":"2024-01-04T11:44:49","guid":{"rendered":"https:\/\/mediarun.com\/pl\/?p=201929"},"modified":"2024-01-04T12:44:49","modified_gmt":"2024-01-04T11:44:49","slug":"ikea-polska-i-mbank-wstrzymuja-reklamy-w-tv-republika-po-kontrowersyjnych-wypowiedziach","status":"publish","type":"post","link":"https:\/\/mediarun.com\/pl\/media\/ikea-polska-i-mbank-wstrzymuja-reklamy-w-tv-republika-po-kontrowersyjnych-wypowiedziach.html","title":{"rendered":"Ikea Polska i mBank wstrzymuj\u0105 reklamy w TV Republika po kontrowersyjnych wypowiedziach"},"content":{"rendered":"<p>W ostatnich dniach <strong>Telewizja Republika<\/strong> znalaz\u0142a si\u0119 w ogniu kontrowersji po skandalicznych wypowiedziach dw\u00f3ch publicyst\u00f3w, <strong>Marka Kr\u00f3la<\/strong> i <strong>Jana Pietrzaka.<\/strong> Ich kontrowersyjne uwagi na temat imigrant\u00f3w sk\u0142oni\u0142y dwie du\u017ce firmy, Ike\u0119 Polska oraz mBank, do podj\u0119cia zdecydowanego kroku \u2013 wstrzymania emisji reklam w tej stacji.<\/p>\n<h2>Kontrowersje wok\u00f3\u0142 wypowiedzi publicyst\u00f3w<\/h2>\n<p>Wypowied\u017a <strong>Marka Kr\u00f3la,<\/strong> kt\u00f3ry por\u00f3wna\u0142 migrant\u00f3w do ps\u00f3w, sugeruj\u0105c, \u017ce nale\u017cy im wszczepi\u0107 czipy, wywo\u0142a\u0142a lawin\u0119 oburzenia. W tym kontek\u015bcie <strong>Telewizja Republika<\/strong> zdystansowa\u0142a si\u0119 od tych s\u0142\u00f3w, podkre\u015blaj\u0105c, \u017ce &#8222;g\u0142\u0119boko nie zgadza si\u0119&#8221; z pogl\u0105dami Kr\u00f3la. Nie by\u0142a to jednak jedyna kontrowersyjna wypowied\u017a na antenie tej stacji. W niedziel\u0119 <strong>Jan Pietrzak,<\/strong> prawicowy satyryk, w swojej wypowiedzi u\u017cy\u0142 makabrycznych aluzji do nazistowskich oboz\u00f3w koncentracyjnych, sugeruj\u0105c, \u017ce baraki dla imigrant\u00f3w znajd\u0105 si\u0119 w miejscach tak tragicznych, jak Auschwitz czy Majdanek.<\/p>\n<p>Reakcje na te s\u0142owa nie pozosta\u0142y bez konsekwencji. <strong>Krajowa<\/strong> <strong>Rada Radiofonii i Telewizji<\/strong> rozpocz\u0119\u0142a post\u0119powanie w sprawie audycji z udzia\u0142em <strong>Jana Pietrzaka,<\/strong> a prokuratura r\u00f3wnie\u017c wszcz\u0119\u0142a dochodzenie. Dodatkowo, Muzeum Auschwitz skrytykowa\u0142o wypowied\u017a <strong>Pietrzaka,<\/strong> zaznaczaj\u0105c, \u017ce jest to sprawa wymagaj\u0105ca powa\u017cnego potraktowania. Jednak nie tylko instytucje pa\u0144stwowe reaguj\u0105 na te kontrowersje. Klienci <strong>Ikei<\/strong> i <strong>mBanku<\/strong> wyrazili oburzenie na wie\u015b\u0107 o tym, \u017ce reklamy obu firm by\u0142y emitowane w <strong>Telewizji Republika.<\/strong> W rezultacie obie firmy podj\u0119\u0142y natychmiastowe dzia\u0142ania.<\/p>\n<h2>Ikea i mBank wycofuj\u0105 swoje reklamy z TV Republika<\/h2>\n<p>Na swoich oficjalnych profilach w mediach spo\u0142eczno\u015bciowych, polski oddzia\u0142 Ikei og\u0142osi\u0142, \u017ce od 4 stycznia zdecydowano si\u0119 wstrzyma\u0107 emisj\u0119 reklam w <strong>TV Republika.<\/strong> Firma t\u0142umaczy\u0142a, \u017ce nie by\u0142a \u015bwiadoma, i\u017c stacja sta\u0142a si\u0119 cz\u0119\u015bci\u0105 pakietu stacji tematycznych oferowanych przez Polsat, a jej reklamy by\u0142y emitowane w wyniku b\u0142\u0119du domu mediowego. Podobny krok podj\u0105\u0142 mBank. Zast\u0119pca rzecznika <strong>mBanku, Piotr Rutkowski,<\/strong> poinformowa\u0142, \u017ce bank &#8222;nie zgadza si\u0119 z pogl\u0105dami g\u0142oszonymi na antenie TV Republika&#8221; i wyrazi\u0142 sprzeciw wobec mowy nienawi\u015bci. Wstrzymanie emisji reklam to dla mBanku konsekwencja b\u0142\u0119du domu mediowego, kt\u00f3ry dzia\u0142a\u0142 w ich imieniu.<\/p>\n<p>Decyzje <strong>Ikei<\/strong> i <strong>mBanku<\/strong> wywo\u0142a\u0142y szerokie zainteresowanie i dyskusj\u0119 w\u015br\u00f3d internaut\u00f3w, podkre\u015blaj\u0105c wa\u017cno\u015b\u0107 odpowiedzialnego podej\u015bcia firm do wyboru medi\u00f3w, na kt\u00f3rych promuj\u0105 swoje produkty. Obydwie firmy przekazuj\u0105 jednoznaczny sygna\u0142, \u017ce nie toleruj\u0105 mowy nienawi\u015bci i kontrowersyjnych pogl\u0105d\u00f3w, co stanowi wa\u017cny krok w kierunku promowania szacunku, tolerancji i pluralizmu w przestrzeni publicznej.<\/p>\n","protected":false},"excerpt":{"rendered":"W ostatnich dniach Telewizja Republika znalaz\u0142a si\u0119 w ogniu kontrowersji po skandalicznych wypowiedziach dw\u00f3ch publicyst\u00f3w, Marka Kr\u00f3la i&hellip;","protected":false},"author":60,"featured_media":201930,"comment_status":"open","ping_status":"closed","sticky":false,"template":"","format":"standard","meta":{"csco_display_header_overlay":false,"csco_singular_sidebar":"","csco_page_header_type":"","csco_page_load_nextpost":"","csco_post_video_location":[],"csco_post_video_location_hash":"","csco_post_video_url":"","csco_post_video_bg_start_time":0,"csco_post_video_bg_end_time":0,"footnotes":""},"categories":[9668,9670],"tags":[171,374,13929],"class_list":{"0":"post-201929","1":"post","2":"type-post","3":"status-publish","4":"format-standard","5":"has-post-thumbnail","7":"category-media","8":"category-tv","9":"tag-ikea","10":"tag-mbank","11":"tag-tv-republika","12":"cs-entry","13":"cs-video-wrap"},"_links":{"self":[{"href":"https:\/\/mediarun.com\/pl\/wp-json\/wp\/v2\/posts\/201929","targetHints":{"allow":["GET"]}}],"collection":[{"href":"https:\/\/mediarun.com\/pl\/wp-json\/wp\/v2\/posts"}],"about":[{"href":"https:\/\/mediarun.com\/pl\/wp-json\/wp\/v2\/types\/post"}],"author":[{"embeddable":true,"href":"https:\/\/mediarun.com\/pl\/wp-json\/wp\/v2\/users\/60"}],"replies":[{"embeddable":true,"href":"https:\/\/mediarun.com\/pl\/wp-json\/wp\/v2\/comments?post=201929"}],"version-history":[{"count":0,"href":"https:\/\/mediarun.com\/pl\/wp-json\/wp\/v2\/posts\/201929\/revisions"}],"wp:featuredmedia":[{"embeddable":true,"href":"https:\/\/mediarun.com\/pl\/wp-json\/wp\/v2\/media\/201930"}],"wp:attachment":[{"href":"https:\/\/mediarun.com\/pl\/wp-json\/wp\/v2\/media?parent=201929"}],"wp:term":[{"taxonomy":"category","embeddable":true,"href":"https:\/\/mediarun.com\/pl\/wp-json\/wp\/v2\/categories?post=201929"},{"taxonomy":"post_tag","embeddable":true,"href":"https:\/\/mediarun.com\/pl\/wp-json\/wp\/v2\/tags?post=201929"}],"curies":[{"name":"wp","href":"https:\/\/api.w.org\/{rel}","templated":true}]}}