{"id":201355,"date":"2023-09-29T11:59:51","date_gmt":"2023-09-29T09:59:51","guid":{"rendered":"https:\/\/mediarun.com\/pl\/?p=201355"},"modified":"2023-09-29T11:59:51","modified_gmt":"2023-09-29T09:59:51","slug":"zakonczyl-sie-xxii-kongres-public-relations","status":"publish","type":"post","link":"https:\/\/mediarun.com\/pl\/wydarzenia\/zakonczyl-sie-xxii-kongres-public-relations.html","title":{"rendered":"Zako\u0144czy\u0142 si\u0119 XXII Kongres Public Relations"},"content":{"rendered":"<p><strong>Kongres Public Relations<\/strong> to wydarzenie, kt\u00f3re od lat gromadzi profesjonalist\u00f3w z bran\u017cy komunikacji i PR. W ubieg\u0142ym tygodniu odby\u0142a si\u0119 ju\u017c 23. edycja tego presti\u017cowego projektu, kt\u00f3ra skupi\u0142a si\u0119 na temacie &#8222;Marka w Przestrzeni Wirtualnej: Interakcja, Dialog, Kryzys&#8221;. Blisko 200 uczestnik\u00f3w przyby\u0142o, aby poszuka\u0107 odpowiedzi na liczne pytania zwi\u0105zane m.in. z komunikacj\u0105 online i radzeniem sobie w trudnych sytuacjach.<\/p>\n<h2>Budowanie wiarygodno\u015bci marki w erze cyfrowej<\/h2>\n<p>Podczas Kongresu eksperci reprezentuj\u0105cy r\u00f3\u017cne dziedziny dzielili si\u0119 swoimi spostrze\u017ceniami i rozwi\u0105zaniami dotycz\u0105cymi skutecznego budowania wiarygodnej marki. W dzisiejszym \u015bwiecie, kt\u00f3ry jest nieustannie zmieniaj\u0105cy si\u0119 i rozwijaj\u0105cy si\u0119 technologicznie, budowanie wiarygodno\u015bci sta\u0142o si\u0119 nie tylko wyzwaniem, ale r\u00f3wnie\u017c kluczowym elementem przetrwania na rynku.<\/p>\n<p><strong>Aida Bella,<\/strong> Dyrektor Departamentu Komunikacji Korporacyjnej i Rzecznik Prasowy <strong>Totalizatora Sportowego,<\/strong> Partnera Strategicznego Kongresu, podkre\u015bla, \u017ce &#8222;marka wsp\u00f3\u0142cze\u015bnie to przede wszystkim relacje i zaufanie, jakie budujemy z nasz\u0105 spo\u0142eczno\u015bci\u0105&#8221;. Marka musi by\u0107 autentyczna i rzeczywista, co sprawia, \u017ce staje si\u0119 odporna na kryzysy i przyci\u0105ga zaanga\u017cowan\u0105 spo\u0142eczno\u015b\u0107.<\/p>\n<h2>Komunikacja z Generacj\u0105 Z<\/h2>\n<p>Jednym z istotnych temat\u00f3w poruszonych na Kongresie by\u0142o komunikowanie si\u0119 z Generacj\u0105 Z. <strong>Ta m\u0142odsza grupa konsument\u00f3w poszukuje rozrywki w mediach, a gry komputerowe stanowi\u0105 wa\u017cny element ich \u017cycia.<\/strong> Jednak reprezentanci Generacji Z s\u0105 bardzo wyczuleni na autentyczno\u015b\u0107 i niech\u0119tni wobec sztucznych pr\u00f3b wykorzystania ich przez marki.<\/p>\n<p>Wsp\u00f3\u0142czesna komunikacja musi r\u00f3wnie\u017c uwzgl\u0119dnia\u0107 kwestie etyczne. Budowanie narracji zwi\u0105zanej z mark\u0105 opiera si\u0119 na uczciwo\u015bci i warto\u015bciach, kt\u00f3re s\u0105 rzeczywi\u015bcie obecne w dzia\u0142aniach firmy. Puste deklaracje nie wystarcz\u0105, a autentyczno\u015b\u0107 staje si\u0119 kluczem do zdobycia zaufania klient\u00f3w.<\/p>\n<h2>Wykorzystanie sztucznej inteligencji w PR<\/h2>\n<p><strong>Kongres Profesjonalist\u00f3w Public Relations<\/strong> nie m\u00f3g\u0142 omin\u0105\u0107 tematu sztucznej inteligencji i jej roli w pracy specjalist\u00f3w ds. PR. Zaawansowane narz\u0119dzia monitoringu medi\u00f3w i analizy tre\u015bci sta\u0142y si\u0119 standardem, pozwalaj\u0105c na lepsze zrozumienie grupy docelowej i kszta\u0142towanie wizerunku firmy.<\/p>\n<p><strong>Dr hab. Dariusz Tworzyd\u0142o,<\/strong> pomys\u0142odawca i organizator Kongresu, podkre\u015bla, \u017ce &#8222;budowanie wiarygodnego i autentycznego wizerunku marki jest dzisiaj bardzo wa\u017cne&#8221;. W obliczu dynamicznego rozwoju technologii marki musz\u0105 by\u0107 bardziej \u015bwiadome nowoczesnych narz\u0119dzi, w tym sztucznej inteligencji, kt\u00f3ra mo\u017ce znacz\u0105co przyspieszy\u0107 i usprawni\u0107 procesy komunikacji.<\/p>\n<p><strong>Kongres Profesjonalist\u00f3w Public Relations<\/strong> to nie tylko forum wymiany wiedzy, ale tak\u017ce miejsce spotka\u0144 i integracji os\u00f3b zwi\u0105zanych z bran\u017c\u0105 komunikacji i PR. Organizowany od ponad dw\u00f3ch dekad, pozostaje kluczowym wydarzeniem dla wszystkich, kt\u00f3rzy chc\u0105 pozosta\u0107 na bie\u017c\u0105co z najnowszymi trendami i rozwi\u0105zaniami w dziedzinie komunikacji.<\/p>\n<h2>O XXII Kongresie Profesjonalist\u00f3w PR<\/h2>\n<p>Kongres Profesjonalist\u00f3w Public Relations to og\u00f3lnopolskie wydarzenie, \u0142\u0105cz\u0105ce od ponad dw\u00f3ch dekad \u015brodowisko i ludzi zajmuj\u0105cych si\u0119 problematyk\u0105 komunikacji i PR. Jego organizatorem jest firma <a href=\"https:\/\/newsline.pl\/\" target=\"_blank\" rel=\"noopener\">Newsline Sp. z o.o.<\/a> Na program spotkania sk\u0142adaj\u0105 si\u0119 wyst\u0105pienia plenarne, debaty i sesja naukowa. Kongres stanowi forum dialogu, inspiracji i integracji wszystkich tych, kt\u00f3rzy tworz\u0105 bran\u017c\u0119: praktyk\u00f3w, naukowc\u00f3w i pasjonat\u00f3w. <strong>Kongres Public Relations<\/strong> odbywa si\u0119 w Rzeszowie od 2001 roku i stanowi miejsce spotka\u0144 przedstawicieli bran\u017cy public relations z Polski.<span class=\"Apple-converted-space\">\u00a0<\/span><\/p>\n<p>To ju\u017c XXII spotkanie specjalist\u00f3w z bran\u017cy public relations, kt\u00f3remu patronowali: <strong>Polskie Stowarzyszenie Public Relations<\/strong> oraz <strong>Stowarzyszenie Agencji Public Relations.<\/strong> Partnerem Strategicznym by\u0142 <strong>Totalizator Sportowy.<\/strong> Sponsor g\u0142\u00f3wny to <strong>PSMM Monitoring<\/strong> <strong>&amp; More<\/strong>. Partnerem G\u0142\u00f3wnym jest <strong>Ideo Force.<\/strong> Partnerem merytorycznym Kongresu by\u0142 <strong>Uniwersytet Warszawski<\/strong> (Wydzia\u0142 Dziennikarstwa Informacji i Bibliologii), a organizatorem <strong>Newsline Sp. z o.o.<\/strong> Pozostali partnerzy to: <strong>Orange Polska, Rzesz\u00f3w<\/strong> &#8211; <strong>stolica innowacji, Bank Gospodarstwa Krajowego, Polskie Linie Lotnicze LOT, Prografix<\/strong> <strong>\u2013 more than print<\/strong>, <strong>Ideo, Informatyka Podkarpacka, Grupa PRC, Instytut Rozwoju Spo\u0142ecze\u0144stwa Informacyjnego, Exacto.<\/strong><\/p>\n<p>Partner logistyczny: <strong>Ford Polska<\/strong><br \/>\nPartner medialny: <strong>Polska Agencja Prasowa SA<\/strong><br \/>\nPartner technologiczny: <strong>Media Visage<\/strong><br \/>\nPartner wydawniczy: <strong>PWN<\/strong><br \/>\nPatroni medialni: <strong>Grupa RMF, Rzeczpospolita, BRIEF, Wirtualne Media, Business HUB \u201eWolny Rynek\u201d MediaRun, OOH Magazine, Dziennik Warto Wiedzie\u0107, publicrelations.pl, Marketing przy Kawie, Medialna Perspektywa, portalmedialny.pl, QBusiness.pl, Marketing<\/strong> <strong>w Pigu\u0142ce,<\/strong><\/p>\n","protected":false},"excerpt":{"rendered":"Kongres Public Relations to wydarzenie, kt\u00f3re od lat gromadzi profesjonalist\u00f3w z bran\u017cy komunikacji i PR. W ubieg\u0142ym tygodniu&hellip;","protected":false},"author":60,"featured_media":201357,"comment_status":"open","ping_status":"closed","sticky":false,"template":"","format":"standard","meta":{"csco_display_header_overlay":false,"csco_singular_sidebar":"","csco_page_header_type":"","csco_page_load_nextpost":"","csco_post_video_location":[],"csco_post_video_location_hash":"","csco_post_video_url":"","csco_post_video_bg_start_time":0,"csco_post_video_bg_end_time":0,"footnotes":""},"categories":[4641,46],"tags":[9811,5216],"class_list":{"0":"post-201355","1":"post","2":"type-post","3":"status-publish","4":"format-standard","5":"has-post-thumbnail","7":"category-konferencje","8":"category-wydarzenia","9":"tag-kongres-profesjonalistow-pr","10":"tag-kongres-profesjonalistow-public-relations","11":"cs-entry","12":"cs-video-wrap"},"_links":{"self":[{"href":"https:\/\/mediarun.com\/pl\/wp-json\/wp\/v2\/posts\/201355","targetHints":{"allow":["GET"]}}],"collection":[{"href":"https:\/\/mediarun.com\/pl\/wp-json\/wp\/v2\/posts"}],"about":[{"href":"https:\/\/mediarun.com\/pl\/wp-json\/wp\/v2\/types\/post"}],"author":[{"embeddable":true,"href":"https:\/\/mediarun.com\/pl\/wp-json\/wp\/v2\/users\/60"}],"replies":[{"embeddable":true,"href":"https:\/\/mediarun.com\/pl\/wp-json\/wp\/v2\/comments?post=201355"}],"version-history":[{"count":0,"href":"https:\/\/mediarun.com\/pl\/wp-json\/wp\/v2\/posts\/201355\/revisions"}],"wp:featuredmedia":[{"embeddable":true,"href":"https:\/\/mediarun.com\/pl\/wp-json\/wp\/v2\/media\/201357"}],"wp:attachment":[{"href":"https:\/\/mediarun.com\/pl\/wp-json\/wp\/v2\/media?parent=201355"}],"wp:term":[{"taxonomy":"category","embeddable":true,"href":"https:\/\/mediarun.com\/pl\/wp-json\/wp\/v2\/categories?post=201355"},{"taxonomy":"post_tag","embeddable":true,"href":"https:\/\/mediarun.com\/pl\/wp-json\/wp\/v2\/tags?post=201355"}],"curies":[{"name":"wp","href":"https:\/\/api.w.org\/{rel}","templated":true}]}}