{"id":201152,"date":"2023-09-13T13:21:05","date_gmt":"2023-09-13T11:21:05","guid":{"rendered":"https:\/\/mediarun.com\/pl\/?p=201152"},"modified":"2023-09-13T13:21:05","modified_gmt":"2023-09-13T11:21:05","slug":"apple-zaprezentowalo-nowego-iphonea-poznaj-specyfikacje","status":"publish","type":"post","link":"https:\/\/mediarun.com\/pl\/trendy\/apple-zaprezentowalo-nowego-iphonea-poznaj-specyfikacje.html","title":{"rendered":"Apple zaprezentowa\u0142o nowego iPhone&#8217;a &#8211; poznaj specyfikacj\u0119!"},"content":{"rendered":"<p>Apple na ostatniej konferencji wreszcie zaprezentowa\u0142o nowy model swojego flagowego produktu. iPhone 15 po raz pierwszy wyposa\u017cony zosta\u0142 w z\u0142\u0105cze USB-C. To jednak nie koniec nowo\u015bci. Co warto wiedzie\u0107 o nowym smartfonie?<\/p>\n<h2>USB-C to odpowied\u017a na dyrektyw\u0119 Unii Europejskiej<\/h2>\n<p>Najwi\u0119ksz\u0105 zmian\u0105, kt\u00f3ra powinna szczeg\u00f3lnie zainteresowa\u0107 obywateli Unii Europejskiej, jest wyposa\u017cenie iPhone&#8217;a 15 w z\u0142\u0105cze USB-C ze wsparciem USB 3.2. Apple przestaje wykorzystywa\u0107 Lightning\u2011USB, kt\u00f3ry do tej pory s\u0142u\u017cy\u0142 do \u0142adowania urz\u0105dze\u0144. Zmiana z\u0142\u0105cza zwi\u0105zana jest ze zmianami, kt\u00f3re wprowadzi\u0142a Unia Europejska. USB-C zosta\u0142o og\u0142oszone standardem dla wszystkich urz\u0105dze\u0144 elektronicznych, kt\u00f3re mog\u0105 pojawia\u0107 si\u0119 na rynku wsp\u00f3lnotowym po 2026 roku.<\/p>\n<h2>iPhone 15 w trzech wersjach<\/h2>\n<p>Na konferencji &#8222;Wonderlust&#8221; zaprezentowano szczeg\u00f3\u0142y dotycz\u0105ce wszystkich nowych wersji urz\u0105dzenia od Apple. Poni\u017cej prezentujemy cechy charakterystyczne iPhone&#8217;a 15, iPhone&#8217;a 15 Plus, Phone&#8217;a 15 Pro i iPhone&#8217;a 15 Pro Max.<\/p>\n<h3>iPhone 15<\/h3>\n<p>Wspominali\u015bmy ju\u017c, \u017ce ka\u017cdy nowy smartfon od Apple wykorzystywa\u0142 b\u0119dzie USB-C, tak jest r\u00f3wnie\u017c w przypadku standardowej wersji urz\u0105dzenia. Zwyk\u0142a wersja urz\u0105dzenia wyposa\u017cona zosta\u0142a w 6,1-calowy ekran Super Retina XR OLED. Kontrowersje mo\u017ce wzbudza\u0107 fakt, \u017ce cz\u0119stotliwo\u015b\u0107 od\u015bwie\u017cania wynosi jedynie 60 Hz. Rynek smartfon\u00f3w przyzwyczai\u0142 nas, \u017ce znacznie ta\u0144sze urz\u0105dzenia wyposa\u017cone s\u0105 ju\u017c w ekrany z od\u015bwie\u017caniem 120 Hz. Z nowo\u015bci mo\u017cna wymieni\u0107 mi\u0119dzy innymi poprawiony aparat &#8211; 48 MP (quad-pixel) z OIS i dodatkow\u0105 jednostk\u0105 12 MP telefoto. Apple podkre\u015bla r\u00f3wnie\u017c znacznie usprawnione zdj\u0119cia portretowe i udoskonalony tryb nocny. Bateria ma pozwala\u0107 na ca\u0142odniowe dzia\u0142anie bez potrzeby \u0142adowania.<\/p>\n<h3>iPhone 15 Plus<\/h3>\n<p>iPhone 15 Plus jest wi\u0119ksz\u0105 wersj\u0105 produktu standardowego. Opr\u00f3cz ekranu, kt\u00f3rego rozmiar wynosi 6,7 cala, wyr\u00f3\u017cnia si\u0119 tak\u017ce d\u0142u\u017csz\u0105 prac\u0105 bez konieczno\u015bci \u0142adowania. Podczas konferencji nie skupiano si\u0119 przesadnie na tym modelu i nie ma si\u0119 temu co dziwi\u0107, bo od standardowej wersji r\u00f3\u017cni si\u0119 on praktycznie tylko gabarytami.<\/p>\n<h3>iPhone 15 Pro i Pro Max<\/h3>\n<p>Du\u017co wi\u0119cej czasu po\u015bwi\u0119cona najmocniejszej wersji iPhone&#8217;a. iPhone 15 Pro doczeka\u0142 si\u0119 sporo nowo\u015bci wzgl\u0119dem swoich poprzednik\u00f3w, pierwsz\u0105 z nich jest 6,1 calowy ekran z adaptacyjnym od\u015bwie\u017caniem do 120 Hz. Pro Max otrzyma\u0142 ekran o przek\u0105tnej 6,7 cala. Warto zaznaczy\u0107, \u017ce ramki wok\u00f3\u0142 ekranu w nowych iPhone&#8217;ach s\u0105 cie\u0144sze ni\u017c w przesz\u0142o\u015bci. Wewn\u0105trz urz\u0105dze\u0144 znalaz\u0142 si\u0119 chip A17 PRO 3 nm, wyr\u00f3\u017cnia go bardzo du\u017ca wydajno\u015b\u0107. Urz\u0105dzenie obs\u0142uguje mi\u0119dzy innymi technologi\u0119 \u015bledzenia promieni (ang. ray-tracing). Najbardziej wyr\u00f3\u017cniaj\u0105cym si\u0119 elementem estetycznym w nowych smartfonach jest tytanowa obudowa i przycisk akcji, dzi\u0119ki kt\u00f3remu mo\u017cna mi\u0119dzy innymi wycisza\u0107 powiadomienia lub ustawi\u0107 pod nim skr\u00f3t do wybranej aplikacji.<\/p>\n<p>iPhone 15 Pro wyr\u00f3\u017cnia si\u0119 tak\u017ce aparatem. Wyposa\u017cony zosta\u0142 w ulepszon\u0105 jednostk\u0119 g\u0142\u00f3wn\u0105 48 MP wspierana przez kamer\u0119 telefoto 12 MP i kamer\u0119 12 MP Ultra Wide. Model Pro Max ma dodatkowo 5-krotny zoom optyczny, wersja Pro mo\u017ce przybli\u017ca\u0107 obraz tylko 3-krotnie.<\/p>\n<h2>iPhone 15 &#8211; ile b\u0119d\u0105 kosztowa\u0142y nowe modele?<\/h2>\n<p>Apple przedstawi\u0142o r\u00f3wnie\u017c ceny nowych modeli, prezentuj\u0105 si\u0119 one nast\u0119puj\u0105co:<\/p>\n<h3>iPhone 15<\/h3>\n<p>iPhone 15 128 GB \u2014 4699 z\u0142<br \/>\niPhone 15 256 GB \u2014 5299 z\u0142<br \/>\niPhone 15 512 GB \u2014 6499 z\u0142<\/p>\n<h3>iPhone 15 Plus<\/h3>\n<p>iPhone 15 Plus 128 GB \u2014 5299 z\u0142<br \/>\niPhone 15 Plus 256 GB \u2014 5899 z\u0142<br \/>\niPhone 15 Plus 512 GB \u2014 7099 z\u0142<\/p>\n<h3>iPhone 15 Pro<\/h3>\n<p>iPhone 15 Pro 128 GB \u2014 5999 z\u0142<br \/>\niPhone 15 Pro 256 GB \u2014 6599 z\u0142<br \/>\niPhone 15 Pro 512 GB \u2014 7799 z\u0142<br \/>\niPhone 15 Pro 1 TB \u2014 8999 z\u0142<\/p>\n<h3>iPhone 15 Pro Max<\/h3>\n<p>iPhone 15 Pro Max 256 GB \u2014 7199 z\u0142<br \/>\niPhone 15 Pro Max 512 GB \u2014 8399 z\u0142<br \/>\niPhone 15 Pro Max 1 TB \u2014 9599 z\u0142<\/p>\n<p>Chocia\u017c nowy iPhone zapowiada si\u0119 obiecuj\u0105co, to ci\u0119\u017cko m\u00f3wi\u0107 o rewolucji. Najbardziej znacz\u0105c\u0105 zmian\u0105 jest wprowadzenie z\u0142\u0105cza USB-C. Ceny r\u00f3wnie\u017c nie odbiegaj\u0105 znacz\u0105co od tego, do czego przyzwyczai\u0142 nas ameryka\u0144ski producent. Teraz pozostaje tylko czeka\u0107 na recenzje i pierwsze wra\u017cenia u\u017cytkownik\u00f3w, aby dowiedzie\u0107 si\u0119, czy Apple utrzyma\u0142 swoj\u0105 pozycj\u0119 lidera w \u015bwiecie smartfon\u00f3w.<\/p>\n<p>&nbsp;<\/p>\n<p>&nbsp;<\/p>\n<p>&nbsp;<\/p>\n<p>&nbsp;<\/p>\n<p>&nbsp;<\/p>\n<p>&nbsp;<\/p>\n<p>&nbsp;<\/p>\n<p>&nbsp;<\/p>\n<p>&nbsp;<\/p>\n<p>&nbsp;<\/p>\n<p>&nbsp;<\/p>\n<p>&nbsp;<\/p>\n<p>&nbsp;<\/p>\n<p>&nbsp;<\/p>\n<p>&nbsp;<\/p>\n","protected":false},"excerpt":{"rendered":"Apple na ostatniej konferencji wreszcie zaprezentowa\u0142o nowy model swojego flagowego produktu. iPhone 15 po raz pierwszy wyposa\u017cony zosta\u0142&hellip;","protected":false},"author":60,"featured_media":201153,"comment_status":"open","ping_status":"closed","sticky":false,"template":"","format":"standard","meta":{"csco_display_header_overlay":false,"csco_singular_sidebar":"","csco_page_header_type":"","csco_page_load_nextpost":"","csco_post_video_location":[],"csco_post_video_location_hash":"","csco_post_video_url":"","csco_post_video_bg_start_time":0,"csco_post_video_bg_end_time":0,"footnotes":""},"categories":[9666,4631],"tags":[196,426,3399,13279],"class_list":{"0":"post-201152","1":"post","2":"type-post","3":"status-publish","4":"format-standard","5":"has-post-thumbnail","7":"category-technologie","8":"category-trendy","9":"tag-apple","10":"tag-iphone","11":"tag-smartfony","12":"tag-smartphon","13":"cs-entry","14":"cs-video-wrap"},"_links":{"self":[{"href":"https:\/\/mediarun.com\/pl\/wp-json\/wp\/v2\/posts\/201152","targetHints":{"allow":["GET"]}}],"collection":[{"href":"https:\/\/mediarun.com\/pl\/wp-json\/wp\/v2\/posts"}],"about":[{"href":"https:\/\/mediarun.com\/pl\/wp-json\/wp\/v2\/types\/post"}],"author":[{"embeddable":true,"href":"https:\/\/mediarun.com\/pl\/wp-json\/wp\/v2\/users\/60"}],"replies":[{"embeddable":true,"href":"https:\/\/mediarun.com\/pl\/wp-json\/wp\/v2\/comments?post=201152"}],"version-history":[{"count":0,"href":"https:\/\/mediarun.com\/pl\/wp-json\/wp\/v2\/posts\/201152\/revisions"}],"wp:featuredmedia":[{"embeddable":true,"href":"https:\/\/mediarun.com\/pl\/wp-json\/wp\/v2\/media\/201153"}],"wp:attachment":[{"href":"https:\/\/mediarun.com\/pl\/wp-json\/wp\/v2\/media?parent=201152"}],"wp:term":[{"taxonomy":"category","embeddable":true,"href":"https:\/\/mediarun.com\/pl\/wp-json\/wp\/v2\/categories?post=201152"},{"taxonomy":"post_tag","embeddable":true,"href":"https:\/\/mediarun.com\/pl\/wp-json\/wp\/v2\/tags?post=201152"}],"curies":[{"name":"wp","href":"https:\/\/api.w.org\/{rel}","templated":true}]}}