{"id":20114,"date":"2011-01-11T15:31:20","date_gmt":"2011-01-11T14:31:20","guid":{"rendered":"https:\/\/mediarun.com\/index.php\/news-posts\/koncert-uslysz-bialorus-na-antenie-radiowej-dwojki\/"},"modified":"2011-01-11T15:31:20","modified_gmt":"2011-01-11T14:31:20","slug":"koncert-uslysz-bialorus-na-antenie-radiowej-dwojki","status":"publish","type":"post","link":"https:\/\/mediarun.com\/pl\/media\/radio\/koncert-uslysz-bialorus-na-antenie-radiowej-dwojki.html","title":{"rendered":"Koncert &#8222;Us\u0142ysz Bia\u0142oru\u015b&#8221; na antenie radiowej Dw\u00f3jki"},"content":{"rendered":"<p>W programie koncertu, zainicjowanego przez <a href=\"http:\/\/dlafirm.mediarun.pl\/katalog\/firma\/program-ii-polskie-radio,808,1.html\" target=\"_blank\" rel=\"noopener\">Program II Polskiego Radia<\/a>, znajdzie si\u0119 poezja represjonowanego U\u0142adzimira Nikalajewa w interpretacji Adama Ferencego i w opracowaniach muzyk&oacute;w bia\u0142oruskich. Wydarzenie ma zwr&oacute;ci\u0107 uwag\u0119 opinii publicznej na kultur\u0119 Bia\u0142orusi.<\/p>\n<p>Specjalnie z tej okazji znany grafik &#8211; Andrzej P\u0105gowski zaprojektowa\u0142 plakat oraz znaczek, kt&oacute;ry kupi\u0107 mo\u017cna na stronie <a href=\"http:\/\/sklep.polskieradio.pl\/\" target=\"_blank\" rel=\"noopener\">sklep.polskieradio.pl<\/a> za 10 z\u0142.<\/p>\n<p>Bilety-cegie\u0142ki na koncert mo\u017cna naby\u0107 na stronie <a href=\"http:\/\/bilety.polskieradio.pl\/palio\/html.run?_Instance=koncerty4u\" target=\"_blank\" rel=\"noopener\">bilety.polskieradio.pl<\/a> i w kasie Studia Koncertowego im. Witolda Lutos\u0142awskiego przy ul. Modzelewskiego 59 na godzin\u0119 przed koncertem (za 30 lub 50 z\u0142).<\/p>\n<p>Ca\u0142kowity doch&oacute;d ze sprzeda\u017cy bilet&oacute;w, plakat&oacute;w oraz znaczk&oacute;w zostanie przekazany redakcji niezale\u017cnego bia\u0142oruskiego tygodnika Nasza Niwa na wsparcie kultury naszych s\u0105siad&oacute;w.<\/p>\n","protected":false},"excerpt":{"rendered":"W niedziel\u0119, 16 stycznia o godz. 19.00 odb\u0119dzie si\u0119 specjalny koncert &#8222;Us\u0142ysz Bia\u0142oru\u015b &#8211; kultura kontra dyktatura&#8221;. Koncert transmituje Program II Polskiego Radia.","protected":false},"author":1,"featured_media":20115,"comment_status":"open","ping_status":"closed","sticky":false,"template":"","format":"standard","meta":{"csco_display_header_overlay":false,"csco_singular_sidebar":"","csco_page_header_type":"","csco_page_load_nextpost":"","csco_post_video_location":[],"csco_post_video_location_hash":"","csco_post_video_url":"","csco_post_video_bg_start_time":0,"csco_post_video_bg_end_time":0,"footnotes":""},"categories":[9672],"tags":[405],"class_list":{"0":"post-20114","1":"post","2":"type-post","3":"status-publish","4":"format-standard","5":"has-post-thumbnail","7":"category-radio","8":"tag-polskie-radio","9":"cs-entry","10":"cs-video-wrap"},"_links":{"self":[{"href":"https:\/\/mediarun.com\/pl\/wp-json\/wp\/v2\/posts\/20114","targetHints":{"allow":["GET"]}}],"collection":[{"href":"https:\/\/mediarun.com\/pl\/wp-json\/wp\/v2\/posts"}],"about":[{"href":"https:\/\/mediarun.com\/pl\/wp-json\/wp\/v2\/types\/post"}],"author":[{"embeddable":true,"href":"https:\/\/mediarun.com\/pl\/wp-json\/wp\/v2\/users\/1"}],"replies":[{"embeddable":true,"href":"https:\/\/mediarun.com\/pl\/wp-json\/wp\/v2\/comments?post=20114"}],"version-history":[{"count":0,"href":"https:\/\/mediarun.com\/pl\/wp-json\/wp\/v2\/posts\/20114\/revisions"}],"wp:featuredmedia":[{"embeddable":true,"href":"https:\/\/mediarun.com\/pl\/wp-json\/wp\/v2\/media\/20115"}],"wp:attachment":[{"href":"https:\/\/mediarun.com\/pl\/wp-json\/wp\/v2\/media?parent=20114"}],"wp:term":[{"taxonomy":"category","embeddable":true,"href":"https:\/\/mediarun.com\/pl\/wp-json\/wp\/v2\/categories?post=20114"},{"taxonomy":"post_tag","embeddable":true,"href":"https:\/\/mediarun.com\/pl\/wp-json\/wp\/v2\/tags?post=20114"}],"curies":[{"name":"wp","href":"https:\/\/api.w.org\/{rel}","templated":true}]}}