{"id":201133,"date":"2023-09-12T14:11:39","date_gmt":"2023-09-12T12:11:39","guid":{"rendered":"https:\/\/mediarun.com\/pl\/?p=201133"},"modified":"2023-09-12T14:11:39","modified_gmt":"2023-09-12T12:11:39","slug":"inpost-wkracza-na-nowe-rynki","status":"publish","type":"post","link":"https:\/\/mediarun.com\/pl\/inwestycje\/inpost-wkracza-na-nowe-rynki.html","title":{"rendered":"InPost wkracza na nowe rynki"},"content":{"rendered":"<p><strong>Grupa InPost<\/strong> og\u0142osi\u0142a dzi\u015b znacz\u0105cy krok w procesie mi\u0119dzynarodowej ekspansji i integracji, wprowadzaj\u0105c swoj\u0105 mark\u0119 <strong>InPost<\/strong> na rynek Hiszpanii i Portugalii oraz dokonuj\u0105c rebrandingu marki <strong>Mondial Relay<\/strong> we Francji i krajach Beneluksu. To strategiczny ruch, kt\u00f3ry podkre\u015bla zaanga\u017cowanie firmy w dostarczanie nowoczesnych i ekologicznych rozwi\u0105za\u0144 logistycznych dla klient\u00f3w e-commerce w Europie.<\/p>\n<h3>InPost zdobywa Hiszpani\u0119 i Portugali\u0119<\/h3>\n<p>Od pocz\u0105tku lipca 2023 roku marka <strong>InPost<\/strong> jest dost\u0119pna na rynkach Hiszpanii i Portugalii. To wa\u017cny krok, umo\u017cliwiaj\u0105cy <strong>InPostowi<\/strong> poszerzenie swojej obecno\u015bci w Europie Zachodniej. W Hiszpanii firma posiada ju\u017c 3200 punkt\u00f3w odbioru paczek, a wsp\u00f3\u0142praca z sieci\u0105 stacji paliw <strong>Galp,<\/strong> licz\u0105c\u0105 570 punkt\u00f3w, zapewni rozpowszechnienie paczkomat\u00f3w InPost w najwa\u017cniejszych miastach kraju, takich jak Madryt, Barcelona, Sewilla, Walencja i Malaga.<\/p>\n<h3>Rebranding Mondial Relay we Francji i Beneluksie<\/h3>\n<p>We Francji, Belgii i Holandii Grupa InPost b\u0119dzie dzia\u0142a\u0107 pod mark\u0105 <strong>Mondial Relay,<\/strong> kt\u00f3ra przesz\u0142a gruntowny rebranding. Nowy wizerunek marki skupia si\u0119 na optymistycznym i konsumenckim podej\u015bciu do u\u017cytkownik\u00f3w. Ta zmiana jest zgodna z og\u00f3ln\u0105 strategi\u0105 <strong>InPosta,<\/strong> kt\u00f3ry konsekwentnie wdra\u017ca swoje innowacje na wszystkich rynkach.<\/p>\n<h3>InPost i Mondial Relay \u2013 pot\u0119\u017cna platforma dostaw<\/h3>\n<p><strong>InPost<\/strong> sta\u0142 si\u0119 najwi\u0119ksz\u0105 platform\u0105 dostaw dla e-commerce w Europie po przej\u0119ciu w lipcu 2021 roku <strong>Mondial Relay,<\/strong> rynkowego lidera dostaw &#8222;out of home&#8221; oraz alternatywnych punkt\u00f3w dostaw. Obecnie firma planuje wdro\u017cenie szeregu rozwi\u0105za\u0144 prokonsumenckich, rozbudow\u0119 sieci punkt\u00f3w odbioru przesy\u0142ek oraz przyspieszenie budowy innowacyjnych paczkomat\u00f3w InPost na wszystkich rynkach, zar\u00f3wno pod mark\u0105 <strong>InPost,<\/strong> jak i <strong>Mondial Relay.<\/strong><\/p>\n<h3>Ekologiczne rozwi\u0105zania ciesz\u0105 si\u0119 popularno\u015bci\u0105<\/h3>\n<p>Paczkomaty <strong>InPost<\/strong> zyskuj\u0105 coraz wi\u0119ksz\u0105 popularno\u015b\u0107 we Francji. Francuzi doceniaj\u0105 je za bezpiecze\u0144stwo i szybko\u015b\u0107 odbioru przesy\u0142ek, a tak\u017ce za ich walory ekologiczne. To dow\u00f3d na to, \u017ce ekologiczne rozwi\u0105zania w logistyce znajduj\u0105 swoich zwolennik\u00f3w na rynkach europejskich.<\/p>\n<h3>Rozw\u00f3j us\u0142ug i innowacje<\/h3>\n<p>Rebranding Mondial Relay i wprowadzenie marki InPost na nowe rynki to nie tylko zmiana nazwy, ale tak\u017ce rozwijanie oferty us\u0142ug. Grupa InPost planuje dostarczy\u0107 innowacyjne rozwi\u0105zania i technologie, kt\u00f3re zrewolucjonizuj\u0105 rynek dostaw w Polsce, na nowe rynki europejskie oraz w krajach Beneluksu.<\/p>\n<blockquote><p><em>\u201eProces integracji Grupy InPost zak\u0142ada systematyczn\u0105 implementacj\u0119 najbardziej innowacyjnych rozwi\u0105za\u0144 na kolejnych rynkach. Dotyczy to tak\u017ce marki InPost, kt\u00f3ra jest synonimem jako\u015bci \u015bwiadczonych us\u0142ug, a kt\u00f3ra z sukcesem rozwijana jest w Polsce, Wielkiej Brytani i W\u0142oszech. Z pocz\u0105tkiem lipca zostanie wprowadzona tak\u017ce na rynku hiszpa\u0144skim i portugalskim. We Francji, Belgii i Holandii Grupa InPost b\u0119dzie rozwijana pod mark\u0105 Mondial Relay, kt\u00f3rej wizerunek zosta\u0142 unowocze\u015bniony, a marka jest znana z optymistycznego i bardzo konsumenckiego podej\u015bcia do u\u017cytkownik\u00f3w. Jest to zgodne ze strategi\u0105 Grupy InPost, kt\u00f3ra jest konsekwentnie wdra\u017cana na wszystkich rynkach\u201d<\/em><\/p>\n<p>&#8211; powiedzia\u0142 Rafa\u0142 Brzoska, za\u0142o\u017cyciel i prezes InPost.<\/p><\/blockquote>\n<p>InPost kontynuuje swoj\u0105 misj\u0119 dostarczania wyj\u0105tkowych rozwi\u0105za\u0144 logistycznych i rozwijania swojej obecno\u015bci na mi\u0119dzynarodowym rynku, dbaj\u0105c jednocze\u015bnie o potrzeby klient\u00f3w i \u015brodowiska naturalnego.<\/p>\n<p>&nbsp;<\/p>\n<p>&nbsp;<\/p>\n<p>&nbsp;<\/p>\n","protected":false},"excerpt":{"rendered":"Grupa InPost og\u0142osi\u0142a dzi\u015b znacz\u0105cy krok w procesie mi\u0119dzynarodowej ekspansji i integracji, wprowadzaj\u0105c swoj\u0105 mark\u0119 InPost na rynek&hellip;","protected":false},"author":60,"featured_media":201134,"comment_status":"open","ping_status":"closed","sticky":false,"template":"","format":"standard","meta":{"csco_display_header_overlay":false,"csco_singular_sidebar":"","csco_page_header_type":"","csco_page_load_nextpost":"","csco_post_video_location":[],"csco_post_video_location_hash":"","csco_post_video_url":"","csco_post_video_bg_start_time":0,"csco_post_video_bg_end_time":0,"footnotes":""},"categories":[8246],"tags":[603,6577],"class_list":{"0":"post-201133","1":"post","2":"type-post","3":"status-publish","4":"format-standard","5":"has-post-thumbnail","7":"category-inwestycje","8":"tag-inpost","9":"tag-rafal-brzoska","10":"cs-entry","11":"cs-video-wrap"},"_links":{"self":[{"href":"https:\/\/mediarun.com\/pl\/wp-json\/wp\/v2\/posts\/201133","targetHints":{"allow":["GET"]}}],"collection":[{"href":"https:\/\/mediarun.com\/pl\/wp-json\/wp\/v2\/posts"}],"about":[{"href":"https:\/\/mediarun.com\/pl\/wp-json\/wp\/v2\/types\/post"}],"author":[{"embeddable":true,"href":"https:\/\/mediarun.com\/pl\/wp-json\/wp\/v2\/users\/60"}],"replies":[{"embeddable":true,"href":"https:\/\/mediarun.com\/pl\/wp-json\/wp\/v2\/comments?post=201133"}],"version-history":[{"count":0,"href":"https:\/\/mediarun.com\/pl\/wp-json\/wp\/v2\/posts\/201133\/revisions"}],"wp:featuredmedia":[{"embeddable":true,"href":"https:\/\/mediarun.com\/pl\/wp-json\/wp\/v2\/media\/201134"}],"wp:attachment":[{"href":"https:\/\/mediarun.com\/pl\/wp-json\/wp\/v2\/media?parent=201133"}],"wp:term":[{"taxonomy":"category","embeddable":true,"href":"https:\/\/mediarun.com\/pl\/wp-json\/wp\/v2\/categories?post=201133"},{"taxonomy":"post_tag","embeddable":true,"href":"https:\/\/mediarun.com\/pl\/wp-json\/wp\/v2\/tags?post=201133"}],"curies":[{"name":"wp","href":"https:\/\/api.w.org\/{rel}","templated":true}]}}