{"id":201108,"date":"2024-07-22T09:00:33","date_gmt":"2024-07-22T07:00:33","guid":{"rendered":"https:\/\/mediarun.com\/pl\/?p=201108"},"modified":"2024-07-22T10:04:49","modified_gmt":"2024-07-22T08:04:49","slug":"najlepsze-kampanie-komunikacyjne-zostana-docenione-w-konkursie-pr-wings","status":"publish","type":"post","link":"https:\/\/mediarun.com\/pl\/wydarzenia\/najlepsze-kampanie-komunikacyjne-zostana-docenione-w-konkursie-pr-wings.html","title":{"rendered":"Najlepsze kampanie komunikacyjne zostan\u0105 docenione w konkursie PR Wings!"},"content":{"rendered":"<div class=\"publicationHeader-js\">\n<h1 class=\"publication__header\">Ruszy\u0142a 4 edycja konkursu PR WINGS organizowanego przez SAPR<\/h1>\n<\/div>\n<div class=\"publication__content\">\n<p><strong>Trwa przyjmowanie zg\u0142osze\u0144 do konkursu polskiej bran\u017cy Public Relations PR WINGS. Jego organizatorem jest Stowarzyszenie Agencji Public Relations (SAPR), z kt\u00f3rym PSPR podejmuje liczne, bran\u017cowe inicjatywy. Do udzia\u0142u w konkursie PR Wings zaproszeni s\u0105 autorzy i autorki kampanii PR zrealizowanych w okresie od 1 stycznia 2023 r. do 30 czerwca 2024 r. Tym razem uczestnicy powalcz\u0105 o zwyci\u0119stwo a\u017c w 24 kategoriach z kluczowych obszar\u00f3w komunikacji. Zg\u0142oszenia przyjmowane s\u0105 do 4 wrze\u015bnia.<\/strong><\/p>\n<p>Konkurs polskiej bran\u017cy Public Relations PR WINGS powsta\u0142, by doceni\u0107 zaanga\u017cowanie rodzimego sektora komunikacji w projekty maj\u0105ce pozytywny wp\u0142yw na rzeczywisto\u015b\u0107. Rokrocznie spo\u015br\u00f3d szeregu kampanii z zakresu PR, digital PR oraz public affairs wy\u0142ania te wyr\u00f3\u017cniaj\u0105ce si\u0119 najwi\u0119kszym nowatorstwem, kreatywno\u015bci\u0105, efektywno\u015bci\u0105, a tak\u017ce profesjonalizmem. Organizator PR WINGS od pocz\u0105tku stawia na premiowanie inicjatyw, kt\u00f3re mog\u0105 stanowi\u0107 wz\u00f3r do na\u015bladowania dla innych podmiot\u00f3w \u2013 wierzy, \u017ce takie podej\u015bcie wspiera rozw\u00f3j etycznej i rzetelnej bran\u017cy PR w Polsce.<\/p>\n<p><strong>Nie tylko miejsce na podium<\/strong><\/p>\n<p>Korzy\u015bci z udzia\u0142u w konkursie PR WINGS nie ograniczaj\u0105 si\u0119 jedynie do mo\u017cliwo\u015bci uzyskania statuetki. Ka\u017cde zg\u0142oszenie to szansa na potwierdzenie warto\u015bci merytorycznej projektu oraz okazja do zwi\u0119kszenia rozpoznawalno\u015bci firmy b\u0105d\u017a marki. Konkursowe kampanie ocenia ponad<br \/>\n<a href=\"https:\/\/prwings.pl\/jury\/#jury\" rel=\"noopener\" target=\"_blank\">70-osobowe Jury<\/a> z\u0142o\u017cone z wybitnych specjalist\u00f3w w obszarze komunikacji: przedstawicieli r\u00f3\u017cnych ga\u0142\u0119zi biznesu, sektora publicznego, pozarz\u0105dowego, medi\u00f3w i \u015brodowiska akademickiego. Pozytywny werdykt tak uznanego grona pomaga rozwin\u0105\u0107 skrzyd\u0142a tw\u00f3rcom najciekawszych polskich projekt\u00f3w, a przy tym doceni\u0107 prac\u0119 zespo\u0142u w\u0142o\u017con\u0105 w jego planowanie i realizacj\u0119.<\/p>\n<p><strong>Konkurs przyjazny i otwarty<\/strong><\/p>\n<p>Konkurs PR WINGS ma charakter otwarty: jest dost\u0119pny dla wszystkich uczestnik\u00f3w rynku komunikacji, nie tylko dla agencji czy dzia\u0142\u00f3w PR korporacji. Mog\u0105 do niego aplikowa\u0107 zar\u00f3wno ma\u0142e, jak i du\u017ce podmioty: prywatne, publiczne, NGO; specjalizuj\u0105ce si\u0119 w komunikacji marketingowej i reprezentuj\u0105ce poszczeg\u00f3lne sektory gospodarki. Wa\u017cne, by zg\u0142aszane projekty realizowane by\u0142y w okresie od 1 stycznia 2023 roku do 30 czerwca 2024 r. i wpisywa\u0142y si\u0119 w przynajmniej jedn\u0105 z 24 konkursowych kategorii.<\/p>\n<p><em>Dajemy szans\u0119 wszystkim firmom i instytucjom, kt\u00f3re chcia\u0142yby pochwali\u0107 si\u0119 \u015bwiatu efektami swojej pracy \u2013 <\/em>powiedzia\u0142a Emilia Hahn, prezeska Stowarzyszenia Agencji Public Relations. <em>W konkursie<br \/>\nPR WINGS kluczowe kryterium oceny stanowi warto\u015b\u0107 projektu, a nie rodzaj dzia\u0142alno\u015bci czy rozpoznawalno\u015b\u0107 podmiotu zg\u0142aszaj\u0105cego. W poprzednich edycjach nagrodzili\u015bmy \u0142\u0105cznie 43 kampanie. Zainteresowanie konkursem ro\u015bnie z roku na rok, dbamy wi\u0119c, by by\u0142 on maksymalnie przyjazny od strony formalnej, a jednocze\u015bnie wychodzi\u0142 naprzeciw potrzebom rynku i zmieniaj\u0105cej si\u0119 rzeczywisto\u015bci \u2013 <\/em>dodaje.<\/p>\n<p><strong>Nowe kategorie i nowe mo\u017cliwo\u015bci<\/strong><\/p>\n<p>Dowodem tego s\u0105 zmiany wprowadzone w 4. edycji PR WINGS, w tym rozszerzenie listy konkursowych kategorii z 13 do 24. Zabieg ten to odpowied\u017a na sygna\u0142y p\u0142yn\u0105ce z rynku do SAPR. Kategorie sektorowe s\u0105 nowo\u015bci\u0105 w tej edycji konkursu, podobnie jak kilka obszar\u00f3w debiutuj\u0105cych w\u015br\u00f3d kategorii g\u0142\u00f3wnych. Tu do PR korporacyjnego, produktowego, ESG+CSR czy komunikacji kryzysowej do\u0142\u0105czy\u0142a m.in. ochrona przed dezinformacj\u0105: kategoria stworzona dla kampanii, kt\u00f3re przeciwdzia\u0142aj\u0105 szerzeniu fa\u0142szywych przekaz\u00f3w nt. danej firmy, us\u0142ugi czy idei. Jury PR WINGS nagrodzi tak\u017ce projekt, kt\u00f3ry w innowacyjny spos\u00f3b wykorzystuje sztuczn\u0105 inteligencj\u0119 do budowania zaanga\u017cowania odbiorc\u00f3w (kategoria: komunikacja z wykorzystaniem narz\u0119dzi AI). Du\u017c\u0105 zmian\u0105 w konkursie b\u0119dzie r\u00f3wnie\u017c uproszczenie harmonogramu: tym razem obrady Jury skr\u00f3cono z 2<br \/>\ndo 1 etapu g\u0142osowania.<\/p>\n<p><strong>Nagrody z misj\u0105 w tle<\/strong><\/p>\n<p>Tak jak w poprzednich edycjach, w tegorocznym konkursie PR WINGS zostanie przyznana dodatkowa Nagroda Specjalna SAPR. Otrzyma j\u0105, jako Grand Prix konkursu, jeden projekt wybrany spo\u015br\u00f3d wszystkich zg\u0142osze\u0144. Wy\u0142oni go <a href=\"https:\/\/prwings.pl\/jury\/#jury-sapr\" rel=\"noopener\" target=\"_blank\">Jury Specjalne<\/a> z\u0142o\u017cone z przedstawicieli agencji zrzeszonych w\u00a0SAPR. W ten spos\u00f3b Stowarzyszenie chce podkre\u015bli\u0107 zwi\u0105zek konkursu z realizowan\u0105 przez siebie misj\u0105, jak\u0105 jest nie tylko reprezentacja, ale te\u017c wspieranie szeroko rozumianej bran\u017cy PR w Polsce.<\/p>\n<p>Zg\u0142oszenia do konkursu polskiej bran\u017cy Public Relations PR WINGS b\u0119d\u0105 przyjmowane od 25 czerwca do 4 wrze\u015bnia 2024 r., a zwyci\u0119skie kampanie poznamy na gali fina\u0142owej 13 listopada 2024 r. Ka\u017cdy projekt mo\u017cna zg\u0142osi\u0107 do kilku kategorii (maksymalnie do 3). Szczeg\u00f3\u0142owe zasady konkursu, zwi\u0105zane z nim op\u0142aty oraz regulamin dost\u0119pne s\u0105 na stronie <a href=\"https:\/\/prwings.pl\/\" rel=\"noopener\" target=\"_blank\">prwings.pl<\/a><\/p>\n<p><strong>Kategorie konkursu PR WINGS 2024<\/strong><\/p>\n<ol>\n<li><strong>Kategorie g\u0142\u00f3wne:<\/strong><\/li>\n<li>PR korporacyjny<\/li>\n<li>PR produktowy<\/li>\n<li>Komunikacja kryzysowa<\/li>\n<li>Public Affairs i lobbying<\/li>\n<li>ESG i CSR<\/li>\n<li>Komunikacja w mediach spo\u0142eczno\u015bciowych i influencer marketing<\/li>\n<li>Anga\u017cuj\u0105cy event<\/li>\n<li>Komunikacja B2B<\/li>\n<li>Efektywno\u015b\u0107 roku<\/li>\n<li>Employer Branding<\/li>\n<li>Komunikacja wewn\u0119trzna<\/li>\n<li>Komunikacja z wykorzystaniem narz\u0119dzi AI<\/li>\n<li>Ochrona przed dezinformacj\u0105<\/li>\n<li>Kampania edukacyjna<\/li>\n<\/ol>\n<p>&nbsp;<\/p>\n<ol>\n<li><strong>Kategorie sektorowe:<\/strong><\/li>\n<li>Transport, spedycja, logistyka<\/li>\n<li>Technologie i innowacje<\/li>\n<li>Bran\u017ca FMCG<\/li>\n<li>Rynek zdrowia<\/li>\n<li>Nieruchomo\u015bci, budownictwo, infrastruktura<\/li>\n<li>Bran\u017ca motoryzacyjna<\/li>\n<li>Sport, turystyka, hotelarstwo<\/li>\n<li>Przemys\u0142, chemia, energetyka<\/li>\n<li>Finanse i ubezpieczenia<\/li>\n<\/ol>\n<p>&nbsp;<\/p>\n<p><strong>Partnerzy:<\/strong><\/p>\n<p>Hotel Bellotto, Business Center Club, Forum Odpowiedzialnego Biznesu, Micha\u0142 Gmitruk Production, Konfederacja Lewiatan, MEDIAFRESH, netPR, Osborne Clarke, Polskie Towarzystwo Gospodarcze, Pracodawcy RP.<\/p>\n<p><strong>Patroni madiowi:<\/strong><\/p>\n<p>Biznes24 TV, Defence24, Eurobuild, Mediarun, Agencja Informacyjna Newseria, Obserwator Logistyczny, PRESS, ThinkMice, Wiadomo\u015bci Handlowe, Wirtualne Media.<\/p>\n<p><strong><em><u>\u00a0<\/u><\/em><\/strong><\/p>\n<p><strong><em><u>Wi\u0119cej informacji udziela:<\/u><\/em><\/strong><\/p>\n<p>Emilia Hahn, prezeska zarz\u0105du SAPR, <a href=\"mailto:emilia.hahn@sapr.com.pl\" rel=\"noopener\">emilia.hahn@sapr.com.pl<\/a>, tel. 502\u00a0325\u00a0812<\/p>\n<p>Lidia Piekarska-Juszczyk, <a href=\"mailto:l.piekarska@bepr.pl\" rel=\"noopener\">l.piekarska@bepr.pl<\/a>, tel. 691 38 12 38<\/p>\n<p>&nbsp;<\/p>\n<p><strong><em><u>O SAPR:<\/u><\/em><\/strong><\/p>\n<p>Stowarzyszenie Agencji Public Relations (SAPR) powsta\u0142o w\u00a0celu reprezentacji i\u00a0wspierania szeroko rozumianej bran\u017cy us\u0142ug komunikacji i\u00a0PR. Stowarzyszenie stawia sobie za cel podnoszenie i\u00a0promowanie wysokiej jako\u015bci us\u0142ug komunikacji i\u00a0PR, stymulowanie rozwoju tego sektora, wspieranie zapotrzebowania na takie us\u0142ugi oraz wzmocnienie bran\u017cy PR wobec rosn\u0105cej konkurencji innych sektor\u00f3w us\u0142ug komunikacyjnych. Dzia\u0142a z\u00a0my\u015bl\u0105 o\u00a0r\u00f3wnoczesnym wsparciu zar\u00f3wno os\u00f3b zarz\u0105dzaj\u0105cych agencjami PR, jak i\u00a0wszystkich konsultant\u00f3w pracuj\u0105cych w\u00a0stowarzyszonych agencjach. To dlatego szczeg\u00f3lny nacisk w\u00a0programie dzia\u0142ania Stowarzyszenia po\u0142o\u017cony jest na dzia\u0142ania edukacyjne i\u00a0promowanie najlepszych standard\u00f3w obs\u0142ugi klienta w\u015br\u00f3d ka\u017cdego szczebla pracownik\u00f3w agencji cz\u0142onkowskich.<\/p>\n<\/div>\n<div class=\"publication__boilerplate\">\n<p>Po debiutanckim, bardzo udanym sezonie podcastu &#8222;Co Rzecze Rzecznik&#8221; Polskie Stowarzyszenie Public Relations przyst\u0105pi\u0142o do wsp\u00f3\u0142pracy przy jego kolejnej ods\u0142onie &#8211; w roli partnera merytorycznego. Premiera drugiego sezonu to dziewi\u0119\u0107 bardzo r\u00f3\u017cnorodnych rozm\u00f3w z rzecznikami prasowymi: o specyfice, niezwyk\u0142ych historiach, blaskach i cieniach tego zawodu. Do grona go\u015bci podcastu autorzy zaprosili wielu cz\u0142onk\u00f3w PSPR.<\/p>\n<\/div>\n","protected":false},"excerpt":{"rendered":"Ruszy\u0142a 4 edycja konkursu PR WINGS organizowanego przez SAPR Trwa przyjmowanie zg\u0142osze\u0144 do konkursu polskiej bran\u017cy Public Relations&hellip;","protected":false},"author":60,"featured_media":202955,"comment_status":"open","ping_status":"closed","sticky":false,"template":"","format":"standard","meta":{"csco_display_header_overlay":false,"csco_singular_sidebar":"","csco_page_header_type":"","csco_page_load_nextpost":"","csco_post_video_location":[],"csco_post_video_location_hash":"","csco_post_video_url":"","csco_post_video_bg_start_time":0,"csco_post_video_bg_end_time":0,"footnotes":""},"categories":[4640,46],"tags":[8130,430,14076,9649],"class_list":{"0":"post-201108","1":"post","2":"type-post","3":"status-publish","4":"format-standard","5":"has-post-thumbnail","7":"category-konkursy","8":"category-wydarzenia","9":"tag-agencje-pr","10":"tag-konkurs","11":"tag-prwings","12":"tag-pr","13":"cs-entry","14":"cs-video-wrap"},"_links":{"self":[{"href":"https:\/\/mediarun.com\/pl\/wp-json\/wp\/v2\/posts\/201108","targetHints":{"allow":["GET"]}}],"collection":[{"href":"https:\/\/mediarun.com\/pl\/wp-json\/wp\/v2\/posts"}],"about":[{"href":"https:\/\/mediarun.com\/pl\/wp-json\/wp\/v2\/types\/post"}],"author":[{"embeddable":true,"href":"https:\/\/mediarun.com\/pl\/wp-json\/wp\/v2\/users\/60"}],"replies":[{"embeddable":true,"href":"https:\/\/mediarun.com\/pl\/wp-json\/wp\/v2\/comments?post=201108"}],"version-history":[{"count":0,"href":"https:\/\/mediarun.com\/pl\/wp-json\/wp\/v2\/posts\/201108\/revisions"}],"wp:featuredmedia":[{"embeddable":true,"href":"https:\/\/mediarun.com\/pl\/wp-json\/wp\/v2\/media\/202955"}],"wp:attachment":[{"href":"https:\/\/mediarun.com\/pl\/wp-json\/wp\/v2\/media?parent=201108"}],"wp:term":[{"taxonomy":"category","embeddable":true,"href":"https:\/\/mediarun.com\/pl\/wp-json\/wp\/v2\/categories?post=201108"},{"taxonomy":"post_tag","embeddable":true,"href":"https:\/\/mediarun.com\/pl\/wp-json\/wp\/v2\/tags?post=201108"}],"curies":[{"name":"wp","href":"https:\/\/api.w.org\/{rel}","templated":true}]}}