{"id":200751,"date":"2023-08-01T22:35:29","date_gmt":"2023-08-01T20:35:29","guid":{"rendered":"https:\/\/mediarun.com\/pl\/?p=200751"},"modified":"2023-08-01T22:35:29","modified_gmt":"2023-08-01T20:35:29","slug":"polfa-wywiad-z-mariuszem-borkowskim-dyrektorem-marketingu-marketing-talks-2","status":"publish","type":"post","link":"https:\/\/mediarun.com\/pl\/ludzie\/wywiad\/polfa-wywiad-z-mariuszem-borkowskim-dyrektorem-marketingu-marketing-talks-2.html","title":{"rendered":"POLFA \u2013 Wywiad z Mariuszem Borkowskim Dyrektorem Marketingu \u2013 MARKETING TALKS"},"content":{"rendered":"<p>Zapraszamy do \u015bwiata <strong>MARKETING TALKS<\/strong> &#8211; cyklu wywiad\u00f3w i podcast\u00f3w, z liderami marketingu w Polsce, kt\u00f3re publikujemy na \u0142amach <strong>Mediarun.com<\/strong>.<\/p>\n<p>Pragniemy\u00a0zanurzy\u0107 Was w inspiruj\u0105cym \u015bwiecie marketingu, a tak\u017ce przybli\u017cy\u0107 cenne wskaz\u00f3wki i do\u015bwiadczenia lider\u00f3w tej dziedziny w Polsce. Tym razem naszym go\u015bciem jest <strong>Mariusz Borkowski, Dyrektor Marketingu POLFA<\/strong>.<\/p>\n<p>Mariusz Borkowski to do\u015bwiadczony specjalista, kt\u00f3rego bogate do\u015bwiadczenie w bran\u017cy mo\u017ce stanowi\u0107 prawdziw\u0105 inspiracj\u0119. Jest on zwi\u0105zany z bran\u017c\u0105 marketingow\u0105 od ponad 18 lat. W tym czasie wsp\u00f3\u0142pracowa\u0142 z wieloma renomowanymi firmami, takimi jak <strong>ADAMED, BIOTON<\/strong> i <strong>SANOFI AVENTIS.<\/strong> Obecnie jest <strong>Dyrektorem Marketingu<\/strong> w <strong>POLFA,<\/strong> a tak\u017ce wyk\u0142adowc\u0105 na <strong>SGH<\/strong> i cz\u0142onkiem <strong>Rady PASMI.<\/strong> Nasz wywiad dostarczy informacji o kulisach jego kariery i najwi\u0119kszych wyzwaniach, z jakimi musia\u0142 si\u0119 zmierzy\u0107.<\/p>\n<p><center><br \/>\n<iframe title=\"YouTube video player\" src=\"https:\/\/www.youtube.com\/embed\/iJ7w4SYyEmU?start=15\" width=\"750\" height=\"422\" frameborder=\"0\" allowfullscreen=\"allowfullscreen\"><span style=\"display: inline-block; width: 0px; overflow: hidden; line-height: 0;\" data-mce-type=\"bookmark\" class=\"mce_SELRES_start\">\ufeff<\/span><span data-mce-type=\"bookmark\" style=\"display: inline-block; width: 0px; overflow: hidden; line-height: 0;\" class=\"mce_SELRES_start\">\ufeff<\/span><span style=\"display: inline-block; width: 0px; overflow: hidden; line-height: 0;\" data-mce-type=\"bookmark\" class=\"mce_SELRES_start\">\ufeff<\/span><\/iframe><\/center>&nbsp;<\/p>\n<p>Zapytali\u015bmy <strong>Mariusza<\/strong> o osi\u0105gni\u0119cia w dziedzinie marketingu, kt\u00f3re ciesz\u0105 go najbardziej. Jego odpowiedzi pozwoli\u0142y nam przyjrze\u0107 si\u0119 bli\u017cej jego drodze zawodowej i dowiedzie\u0107 si\u0119, co przyczyni\u0142o si\u0119 do osi\u0105gni\u0119cia tak wysokiej pozycji w tej bardzo konkurencyjnej bran\u017cy.<\/p>\n<p><strong>CMO POLFA<\/strong> podzieli\u0142 si\u0119 z nami swoj\u0105 wiedz\u0105 na temat mierzenia skuteczno\u015bci dzia\u0142a\u0144 marketingowych w firmie i wskaza\u0142 kluczowe wska\u017aniki, na kt\u00f3rych skupia si\u0119 jego zesp\u00f3\u0142. Poruszyli\u015bmy r\u00f3wnie\u017c popularny ostatnio temat sztucznej inteligencji i tego, w jaki spos\u00f3b wp\u0142ywa ona na dzia\u0142ania w obszarze marketingu.<\/p>\n<p>Nie mogli\u015bmy pomin\u0105\u0107 tematu najwa\u017cniejszych trend\u00f3w marketingowych w 2023 roku. Om\u00f3wili\u015bmy tak\u017ce prognozy dotycz\u0105ce rynku farmaceutycznego i medycznego oraz ich wp\u0142yw na strategi\u0119 marketingow\u0105 <strong>POLFY<\/strong> w przysz\u0142o\u015bci. Mariusz podkre\u015bli\u0142 znaczenie monitorowania trend\u00f3w i prognoz, aby utrzyma\u0107 konkurencyjno\u015b\u0107 firmy na rynku.<\/p>\n<p><strong>Mariusz Borkowski<\/strong> w 2021 roku zdoby\u0142 tytu\u0142 <strong>CMO of the Year<\/strong> w konkursie <strong>Dyrektor Marketingu Roku,<\/strong> kt\u00f3ry corocznie organizowany jest przez <strong>Mediarun.com.<\/strong> Zapytali\u015bmy, w jaki spos\u00f3b nagroda ta wp\u0142yn\u0119\u0142a na jego karier\u0119 zawodow\u0105 oraz jak zosta\u0142a odebrana wewn\u0105trz firmy i w \u015brodowisku bran\u017cowym. Przypominamy, \u017ce kolejna edycja konkursu <strong>Dyrektor Marketingu<\/strong>\u00a0<strong>Roku<\/strong> ju\u017c w listopadzie!<\/p>\n","protected":false},"excerpt":{"rendered":"Zapraszamy do \u015bwiata MARKETING TALKS &#8211; cyklu wywiad\u00f3w i podcast\u00f3w, z liderami marketingu w Polsce, kt\u00f3re publikujemy na&hellip;","protected":false},"author":60,"featured_media":200627,"comment_status":"open","ping_status":"closed","sticky":false,"template":"","format":"standard","meta":{"csco_display_header_overlay":false,"csco_singular_sidebar":"","csco_page_header_type":"","csco_page_load_nextpost":"","csco_post_video_location":[],"csco_post_video_location_hash":"","csco_post_video_url":"","csco_post_video_bg_start_time":0,"csco_post_video_bg_end_time":0,"footnotes":""},"categories":[9677,45],"tags":[4187,6495,13571,13854,13878,9680,7221],"class_list":{"0":"post-200751","1":"post","2":"type-post","3":"status-publish","4":"format-standard","5":"has-post-thumbnail","7":"category-ludzie","8":"category-wywiad","9":"tag-cmo","10":"tag-dmr","11":"tag-dyrektor-marketinu-roku","12":"tag-marketing-talks","13":"tag-polfa","14":"tag-wywiad","15":"tag-wywiady","16":"cs-entry","17":"cs-video-wrap"},"_links":{"self":[{"href":"https:\/\/mediarun.com\/pl\/wp-json\/wp\/v2\/posts\/200751","targetHints":{"allow":["GET"]}}],"collection":[{"href":"https:\/\/mediarun.com\/pl\/wp-json\/wp\/v2\/posts"}],"about":[{"href":"https:\/\/mediarun.com\/pl\/wp-json\/wp\/v2\/types\/post"}],"author":[{"embeddable":true,"href":"https:\/\/mediarun.com\/pl\/wp-json\/wp\/v2\/users\/60"}],"replies":[{"embeddable":true,"href":"https:\/\/mediarun.com\/pl\/wp-json\/wp\/v2\/comments?post=200751"}],"version-history":[{"count":0,"href":"https:\/\/mediarun.com\/pl\/wp-json\/wp\/v2\/posts\/200751\/revisions"}],"wp:featuredmedia":[{"embeddable":true,"href":"https:\/\/mediarun.com\/pl\/wp-json\/wp\/v2\/media\/200627"}],"wp:attachment":[{"href":"https:\/\/mediarun.com\/pl\/wp-json\/wp\/v2\/media?parent=200751"}],"wp:term":[{"taxonomy":"category","embeddable":true,"href":"https:\/\/mediarun.com\/pl\/wp-json\/wp\/v2\/categories?post=200751"},{"taxonomy":"post_tag","embeddable":true,"href":"https:\/\/mediarun.com\/pl\/wp-json\/wp\/v2\/tags?post=200751"}],"curies":[{"name":"wp","href":"https:\/\/api.w.org\/{rel}","templated":true}]}}