{"id":20064,"date":"2011-01-13T11:49:52","date_gmt":"2011-01-13T10:49:52","guid":{"rendered":"https:\/\/mediarun.com\/index.php\/news-posts\/idmnet-wzmacnia-dzial-agencyjny\/"},"modified":"2015-03-17T11:32:05","modified_gmt":"2015-03-17T11:32:05","slug":"idmnet-wzmacnia-dzial-agencyjny","status":"publish","type":"post","link":"https:\/\/mediarun.com\/pl\/ludzie\/kariera\/idmnet-wzmacnia-dzial-agencyjny.html","title":{"rendered":"IDMnet wzmacnia dzia\u0142 agencyjny"},"content":{"rendered":"<p>Katarzyna Grzechnik zajmie si\u0119 sieciami tematycznymi <a rel=\"nofollow noopener\" href=\"http:\/\/dlafirm.mediarun.pl\/katalog\/firma\/idmnet,1334,1.html\" target=\"_blank\">IDMnet<\/a>: 4clover i ZdrowieNet. Posiada do\u015bwiadczenie w pracy w bran\u017cy reklamowej, z kt&oacute;r\u0105 zwi\u0105zana jest zawodowo od 1999 roku.<\/p>\n<p>Przez niemal 10 lat pracowa\u0142a w <a rel=\"nofollow\" href=\" http:\/\/dlafirm.mediarun.pl\/katalog\/firma\/agora,2225,1.html\" target=\"_blank\">Agorze<\/a> &#8211; ostatnio jako account manager bezp\u0142atnego dziennika Metro, odpowiadaj\u0105cy za wsp&oacute;\u0142prac\u0119 z domami mediowymi. Wcze\u015bniej, jako specjalista ds. sprzeda\u017cy w <a rel=\"nofollow noopener\" href=\"http:\/\/dlafirm.mediarun.pl\/katalog\/firma\/gazeta-wyborcza,2142,1.html\" target=\"_blank\">Gazecie Wyborczej<\/a>, gdzie obs\u0142ugiwa\u0142a klient&oacute;w z bran\u017cy wn\u0119trzarskiej. Pracowa\u0142a r&oacute;wnie\u017c jako specjalista ds. sprzeda\u017cy w miesi\u0119czniku Press oraz jako project manager w firmie Kinads.<\/p>\n<p>Ewa Czech (na zdj\u0119ciu), zajmie si\u0119 obs\u0142ug\u0105 agencji i dom&oacute;w mediowych. Ostatnio by\u0142a zatrudniona w grupie Media Regionalne (Mecom Group) na stanowisku internet account managera. Do jej obowi\u0105zk&oacute;w nale\u017ca\u0142a sprzeda\u017c powierzchni reklamowej portali, planowanie i przygotowanie projekt&oacute;w kampanii reklamowych w internecie oraz obs\u0142uga dom&oacute;w mediowych. Wcze\u015bniej pracowa\u0142a m.in. w Grupie Pino PRV pl na stanowisku junior account managera.<\/p>\n<p>Nowi account managerowie b\u0119d\u0105 pracowa\u0107 pod kierownictwem Jana Roszkiewicza &#8211; dyrektora dzia\u0142u agencyjnego.<\/p>\n","protected":false},"excerpt":{"rendered":"Do dzia\u0142u agencyjnego IDMnet na stanowiska account manager&oacute;w do\u0142\u0105czy\u0142y dwie nowe osoby: Katarzyna Grzechnik i Ewa Czech.","protected":false},"author":1,"featured_media":20065,"comment_status":"open","ping_status":"closed","sticky":false,"template":"","format":"standard","meta":{"csco_display_header_overlay":false,"csco_singular_sidebar":"","csco_page_header_type":"","csco_page_load_nextpost":"","csco_post_video_location":[],"csco_post_video_location_hash":"","csco_post_video_url":"","csco_post_video_bg_start_time":0,"csco_post_video_bg_end_time":0,"footnotes":""},"categories":[5909],"tags":[214,202,193,1142],"class_list":{"0":"post-20064","1":"post","2":"type-post","3":"status-publish","4":"format-standard","5":"has-post-thumbnail","7":"category-kariera","8":"tag-agora","9":"tag-gazeta-wyborcza","10":"tag-idmnet","11":"tag-press","12":"cs-entry","13":"cs-video-wrap"},"_links":{"self":[{"href":"https:\/\/mediarun.com\/pl\/wp-json\/wp\/v2\/posts\/20064","targetHints":{"allow":["GET"]}}],"collection":[{"href":"https:\/\/mediarun.com\/pl\/wp-json\/wp\/v2\/posts"}],"about":[{"href":"https:\/\/mediarun.com\/pl\/wp-json\/wp\/v2\/types\/post"}],"author":[{"embeddable":true,"href":"https:\/\/mediarun.com\/pl\/wp-json\/wp\/v2\/users\/1"}],"replies":[{"embeddable":true,"href":"https:\/\/mediarun.com\/pl\/wp-json\/wp\/v2\/comments?post=20064"}],"version-history":[{"count":0,"href":"https:\/\/mediarun.com\/pl\/wp-json\/wp\/v2\/posts\/20064\/revisions"}],"wp:featuredmedia":[{"embeddable":true,"href":"https:\/\/mediarun.com\/pl\/wp-json\/wp\/v2\/media\/20065"}],"wp:attachment":[{"href":"https:\/\/mediarun.com\/pl\/wp-json\/wp\/v2\/media?parent=20064"}],"wp:term":[{"taxonomy":"category","embeddable":true,"href":"https:\/\/mediarun.com\/pl\/wp-json\/wp\/v2\/categories?post=20064"},{"taxonomy":"post_tag","embeddable":true,"href":"https:\/\/mediarun.com\/pl\/wp-json\/wp\/v2\/tags?post=20064"}],"curies":[{"name":"wp","href":"https:\/\/api.w.org\/{rel}","templated":true}]}}