{"id":20056,"date":"2011-01-13T12:43:52","date_gmt":"2011-01-13T11:43:52","guid":{"rendered":"https:\/\/mediarun.com\/index.php\/news-posts\/lider-feel-druga-gwiazda-bitwy-na-glosy-wideo\/"},"modified":"2011-01-13T12:43:52","modified_gmt":"2011-01-13T11:43:52","slug":"lider-feel-druga-gwiazda-bitwy-na-glosy-wideo","status":"publish","type":"post","link":"https:\/\/mediarun.com\/pl\/media\/tv\/lider-feel-druga-gwiazda-bitwy-na-glosy-wideo.html","title":{"rendered":"Lider Feel drug\u0105 gwiazd\u0105 &#8222;Bitwy na g\u0142osy&#8221; (wideo)"},"content":{"rendered":"<p>Lider popularnej grupy Feel b\u0119dzie tworzy\u0142 zesp&oacute;\u0142 i szuka\u0142 talent&oacute;w wokalnych 23 stycznia, w swoich rodzinnych Katowicach.<\/p>\n<p>Wszyscy uzdolnieni muzycznie z tego miasta i okolic mog\u0105 zg\u0142asza\u0107 ch\u0119\u0107 udzia\u0142u w castingu, rejestruj\u0105c si\u0119 na stronie <a href=\"http:\/\/www.tvp.pl\/rozrywka\/programy-muzyczne\/bitwa-na-glosy\" target=\"_blank\" rel=\"noopener\">www.bitwanaglosy.tvp.pl\/casting<\/a>. Wype\u0142nienie za\u0142\u0105czonego na stronie formularza daje pierwsze\u0144stwo w zaprezentowaniu w\u0142asnych umiej\u0119tno\u015bci na przes\u0142uchaniach. Szczeg&oacute;\u0142y dotycz\u0105ce castingu b\u0119d\u0105 upublicznione niebawem.<\/p>\n<p>Piotr Kupicha jest jedn\u0105 z o\u015bmiu gwiazd, kt&oacute;re poprowadz\u0105 swoje wokalne zespo\u0142y podczas program&oacute;w na \u017cywo, emitowanych tej wiosny w TVP2 w soboty o godz. 20.00.<\/p>\n<p>Producenci show ci\u0105gle negocjuj\u0105 umowy z pozosta\u0142ymi gwiazdami. P&oacute;ki co pewny jest udzia\u0142 lidera zespo\u0142u Feel oraz Macieja Miecznikowskiego. Wed\u0142ug nieoficjalnych informacji w programie wyst\u0105pi tak\u017ce Edyta G&oacute;rniak. Gwiazda jednak nie podpisa\u0142a jeszcze umowy.<\/p>\n<p>15 stycznia br. w Gdyni startuj\u0105 pierwsze przes\u0142uchania do nowego muzycznego programu w TVP2. Sw&oacute;j zesp&oacute;\u0142 wokalny b\u0119dzie tworzy\u0142 w tym mie\u015bcie Maciej Miecznikowski. Kolejne castingi maj\u0105 odby\u0107 si\u0119 w nast\u0119pnych tygodniach, w rodzinnych miejscowo\u015bciach pozosta\u0142ych siedmiu prowadz\u0105cych.<\/p>\n","protected":false},"excerpt":{"rendered":"Piotr Kupicha to kolejna gwiazda nowego programu rozrywkowego telewizyjnej Dw&oacute;jki &#8222;Bitwa na g\u0142osy&#8221;.","protected":false},"author":1,"featured_media":20057,"comment_status":"open","ping_status":"closed","sticky":false,"template":"","format":"standard","meta":{"csco_display_header_overlay":false,"csco_singular_sidebar":"","csco_page_header_type":"","csco_page_load_nextpost":"","csco_post_video_location":[],"csco_post_video_location_hash":"","csco_post_video_url":"","csco_post_video_bg_start_time":0,"csco_post_video_bg_end_time":0,"footnotes":""},"categories":[9670],"tags":[610],"class_list":{"0":"post-20056","1":"post","2":"type-post","3":"status-publish","4":"format-standard","5":"has-post-thumbnail","7":"category-tv","8":"tag-tvp2","9":"cs-entry","10":"cs-video-wrap"},"_links":{"self":[{"href":"https:\/\/mediarun.com\/pl\/wp-json\/wp\/v2\/posts\/20056","targetHints":{"allow":["GET"]}}],"collection":[{"href":"https:\/\/mediarun.com\/pl\/wp-json\/wp\/v2\/posts"}],"about":[{"href":"https:\/\/mediarun.com\/pl\/wp-json\/wp\/v2\/types\/post"}],"author":[{"embeddable":true,"href":"https:\/\/mediarun.com\/pl\/wp-json\/wp\/v2\/users\/1"}],"replies":[{"embeddable":true,"href":"https:\/\/mediarun.com\/pl\/wp-json\/wp\/v2\/comments?post=20056"}],"version-history":[{"count":0,"href":"https:\/\/mediarun.com\/pl\/wp-json\/wp\/v2\/posts\/20056\/revisions"}],"wp:featuredmedia":[{"embeddable":true,"href":"https:\/\/mediarun.com\/pl\/wp-json\/wp\/v2\/media\/20057"}],"wp:attachment":[{"href":"https:\/\/mediarun.com\/pl\/wp-json\/wp\/v2\/media?parent=20056"}],"wp:term":[{"taxonomy":"category","embeddable":true,"href":"https:\/\/mediarun.com\/pl\/wp-json\/wp\/v2\/categories?post=20056"},{"taxonomy":"post_tag","embeddable":true,"href":"https:\/\/mediarun.com\/pl\/wp-json\/wp\/v2\/tags?post=20056"}],"curies":[{"name":"wp","href":"https:\/\/api.w.org\/{rel}","templated":true}]}}