{"id":200149,"date":"2024-06-10T15:30:50","date_gmt":"2024-06-10T13:30:50","guid":{"rendered":"https:\/\/mediarun.com\/pl\/?p=200149"},"modified":"2024-06-10T22:08:34","modified_gmt":"2024-06-10T20:08:34","slug":"innowacyjny-lider-konkurs-doceniajacy-innowacyjnych-prezesow-startupy-i-marki","status":"publish","type":"post","link":"https:\/\/mediarun.com\/pl\/wydarzenia\/innowacyjny-lider-konkurs-doceniajacy-innowacyjnych-prezesow-startupy-i-marki.html","title":{"rendered":"Zaproszenie do II edycji Konkurs doceniaj\u0105cy innowacyjnych Prezes\u00f3w, Zarz\u0105dy, Marki, Produkty, StartUpy"},"content":{"rendered":"<div class=\"page\" title=\"Page 1\">\n<div class=\"layoutArea\">\n<div class=\"column\">\n<h1>INNOWACYJNY LIDER 2024<\/h1>\n<\/div>\n<h2>Czy masz w sobie iskr\u0119 innowacyjno\u015bci? Czy marzysz o tym, aby Twoje pomys\u0142y zmienia\u0142y \u015bwiat? Je\u015bli tak, to mamy dla Ciebie \u015bwietne wie\u015bci!<\/h2>\n<p>Zapraszamy serdecznie do udzia\u0142u w drugiej edycji konkursu &#8222;Innowacyjny Lider 2024&#8221;. To wyj\u0105tkowa okazja, aby zaprezentowa\u0107 swoje pomys\u0142y, zdoby\u0107 uznanie i wsparcie dla swoich innowacyjnych projekt\u00f3w oraz by\u0107 cz\u0119\u015bci\u0105 inspiruj\u0105cej spo\u0142eczno\u015bci lider\u00f3w zmian. Do\u0142\u0105cz do naszej misji przekszta\u0142cania wyobra\u017ce\u0144 w rzeczywisto\u015b\u0107 i zapisz si\u0119 ju\u017c dzi\u015b!<\/p>\n<\/div>\n<p><iframe title=\"YouTube video player\" src=\"https:\/\/www.youtube.com\/embed\/bLfz-9FRz0Y?si=vUtQOKxkmr8dyasR\" width=\"700\" height=\"500\" frameborder=\"0\" allowfullscreen=\"allowfullscreen\"><span data-mce-type=\"bookmark\" style=\"display: inline-block; width: 0px; overflow: hidden; line-height: 0;\" class=\"mce_SELRES_start\">\ufeff<\/span><span data-mce-type=\"bookmark\" style=\"display: inline-block; width: 0px; overflow: hidden; line-height: 0;\" class=\"mce_SELRES_start\">\ufeff<\/span><span data-mce-type=\"bookmark\" style=\"display: inline-block; width: 0px; overflow: hidden; line-height: 0;\" class=\"mce_SELRES_start\">\ufeff<\/span><\/iframe><\/p>\n<div class=\"layoutArea\">\n<p>Zg\u0142oszenia do drugiej edycji konkursu <strong>Innowacyjny Lider 2024<\/strong>\u00a0dla Prezeso\u0301w, Za\u0142oz\u0307ycieli firmy, Cz\u0142onk\u00f3w Zarz\u0105du oraz Start-upo\u0301w sa\u0328 bezp\u0142atne &#8211; <a href=\"https:\/\/innowacyjnylider.com\/idea-konkursu\/\" target=\"_blank\" rel=\"noopener\"><strong>https:\/\/innowacyjnylider.com\/idea-konkursu\/<\/strong><\/a><\/p>\n<div class=\"column\">\n<p>W konkursie zg\u0142oszenia firm i oso\u0301b moz\u0307na dokonywac\u0301 w jednej z <strong>25<\/strong> <strong>kategorii branz\u0307owych &#8211; <a href=\"https:\/\/innowacyjnylider.com\/kategorie-il-2024\/\" target=\"_blank\" rel=\"noopener\">https:\/\/innowacyjnylider.com\/kategorie-il-2024\/ <\/a><\/strong>. Ca\u0142os\u0301c\u0301 wydarzenia &#8211; <strong>Konferencja, Cocktail, \u00a0oraz Gala Fina\u0142owa<\/strong> odbe\u0328da\u0328 sie\u0328 na terenie<strong> Pa\u0142acu w Wilanowie \u2013 Oranz\u0307erii, w dniach 27-28 czerwca 2024<\/strong><\/p>\n<p>\u201eBez innowacji nie ma poste\u0328pu, bez odwaz\u0307nych Lidero\u0301w nawet najwie\u0328ksze firmy i organizacje nie sa\u0328 w stanie sie\u0328 rozwijac\u0301. Dlatego po 10 latach organizacji konkursu Dyrektor Marketingu Roku inaugurujemy nowy konkurs- Innowacyjny Lider 2023, w kto\u0301rym Kapitu\u0142a Konkursu sk\u0142adaja\u0328ca sie\u0328 z przedstawicieli Uczelni, Medio\u0301w, Eksperto\u0301w Branz\u0307owych, oraz przedstawicieli Funduszy Inwestycyjnych nagrodzi osoby, startupy i innowacyjne marki, produkty oraz us\u0142ugi nowa\u0328 statuetka\u0328 i tytu\u0142ami <strong>INNOWACYJNY LIDER 2024<\/strong>\u201d \u2013 powiedzia\u0142 <strong>Pawe\u0142 Netczuk<\/strong>, Wydawca <strong>Mediarun.com<\/strong> i Organizator Konkursu.<\/p>\n<p>Wydarzenie ma na celu promowanie najbardziej innowacyjnych firm i ich lidero\u0301w, kto\u0301rzy czynia\u0328 nasze z\u0307ycie i s\u0301wiat lepszym. Wyro\u0301z\u0307nieni zostana\u0328 najbardziej innowacyjni liderzy polskiego rynku, kto\u0301rzy przyczynili sie\u0328 do rozwoju swoich firm i organizacji.<\/p>\n<p><strong>Jury Konkursu<\/strong>\u00a0doceni ro\u0301wniez\u0307 <strong>Innowacyjne Marki \/ Produkty i Us\u0142ugi<\/strong> oraz <strong>Innowacyjne Zarza\u0328dy<\/strong>, kto\u0301rych udzia\u0142 w Konkursie jest p\u0142atny.<\/p>\n<p>Gala Fina\u0142owa konkursu <strong>\u201eInnowacyjny Lider\u201d<\/strong> odbe\u0328dzie sie\u0328 <strong>28 czerwca 2024 <\/strong>w Oranz\u0307erii <strong>Pa\u0142acu w Wilanowie<\/strong>. Podczas gali fina\u0142owej uhonorowani zostana\u0328 Prezesi, Cz\u0142onkowie Zarza\u0328du oraz Za\u0142oz\u0307yciele firm. Wyro\u0301z\u0307nione zostana\u0328 zaro\u0301wno dojrza\u0142e firmy, startupy, jak i osoby prywatne, kto\u0301re osia\u0328gne\u0328\u0142y znacza\u0328ce sukcesy.<\/p>\n<p>Pe\u0142ne informacje, o kategoriach, jury, zasadach oraz rejestracji zg\u0142oszen\u0301, zapraszamy do odwiedzenia oficjalnej strony konkursu <a href=\"https:\/\/innowacyjnylider.com\" target=\"_blank\" rel=\"noopener\">www.innowacyjnylider.com<\/a>. Tam znajda\u0328 Pan\u0301stwo szczego\u0301\u0142owe informacje o kategoriach, jury i zasadach konkursy.<\/p>\n<\/div>\n<\/div>\n<div class=\"layoutArea\">\n<div class=\"column\">\n<p><strong>Waz\u0307ne daty:<\/strong><\/p>\n<p>Konie zg\u0142oszen\u0301: 16 czerwca 2024<br \/>\nGala Fina\u0142owa: 28 czerwca 2024<br \/>\nMiejsce: Pa\u0142ac w Wilanowie \u2013 Warszawa<\/p>\n<p>Rejestracja do konkursu: <a href=\"https:\/\/innowacyjnylider.com\/rejestracja\/\" target=\"_blank\" rel=\"noopener\"><strong>https:\/\/innowacyjnylider.com\/rejestracja\/<\/strong><\/a><\/p>\n<div class=\"page\" title=\"Page 2\">\n<div class=\"layoutArea\">\n<div class=\"column\">\n<p><strong><br \/>\nO organizatorze:<\/strong><\/p>\n<p>Organizatorem wydarzenia jest <strong>HEXAGON NETWORK Sp z o.o.<\/strong> wydawca Mediarun.com, organizator konferencji Executive Summit oraz Konkursu Dyrektora Marketingu Roku. Od lat Integrujemy i Inspirujemy kadre\u0328 kierownicza\u0328 najbardziej innowacyjnych firm w Polsce.<\/p>\n<p>Poprzez organizacje\u0328 konferencji, spotkan\u0301 networkingowych i gali fina\u0142owej konkursu &#8222;Innowacyjny Lider&#8221;, spo\u0301\u0142ka stawia sobie za cel wsparcie i uhonorowanie lidero\u0301w, kto\u0301rzy wnosza\u0328 istotny wk\u0142ad w rozwo\u0301j swoich firmy.<\/p>\n<p><strong>Dla medio\u0301w:<\/strong><\/p>\n<p>Jes\u0301li jestes\u0301 przedstawicielami medio\u0301w, zainteresowanym uzyskaniem szczego\u0301\u0142owych informacji o Konkursie, poniz\u0307ej za\u0142a\u0328czamy link do formularza akredytacyjnego dla medio\u0301w:<\/p>\n<\/div>\n<p><a href=\"https:\/\/executivesummit.eu\/media\/media-accreditation\/\" target=\"_blank\" rel=\"noopener\"><strong>https:\/\/executivesummit.eu\/media\/media-accreditation\/<\/strong><\/a><\/p>\n<\/div>\n<\/div>\n<\/div>\n<\/div>\n<\/div>\n","protected":false},"excerpt":{"rendered":"INNOWACYJNY LIDER 2024 Czy masz w sobie iskr\u0119 innowacyjno\u015bci? Czy marzysz o tym, aby Twoje pomys\u0142y zmienia\u0142y \u015bwiat?&hellip;","protected":false},"author":60,"featured_media":202591,"comment_status":"open","ping_status":"closed","sticky":false,"template":"","format":"standard","meta":{"csco_display_header_overlay":false,"csco_singular_sidebar":"","csco_page_header_type":"","csco_page_load_nextpost":"","csco_post_video_location":[],"csco_post_video_location_hash":"","csco_post_video_url":"","csco_post_video_bg_start_time":0,"csco_post_video_bg_end_time":0,"footnotes":""},"categories":[4640,46],"tags":[14001,430,6496],"class_list":{"0":"post-200149","1":"post","2":"type-post","3":"status-publish","4":"format-standard","5":"has-post-thumbnail","7":"category-konkursy","8":"category-wydarzenia","9":"tag-innowacyjny-lider","10":"tag-konkurs","11":"tag-pawel-netczuk","12":"cs-entry","13":"cs-video-wrap"},"_links":{"self":[{"href":"https:\/\/mediarun.com\/pl\/wp-json\/wp\/v2\/posts\/200149","targetHints":{"allow":["GET"]}}],"collection":[{"href":"https:\/\/mediarun.com\/pl\/wp-json\/wp\/v2\/posts"}],"about":[{"href":"https:\/\/mediarun.com\/pl\/wp-json\/wp\/v2\/types\/post"}],"author":[{"embeddable":true,"href":"https:\/\/mediarun.com\/pl\/wp-json\/wp\/v2\/users\/60"}],"replies":[{"embeddable":true,"href":"https:\/\/mediarun.com\/pl\/wp-json\/wp\/v2\/comments?post=200149"}],"version-history":[{"count":0,"href":"https:\/\/mediarun.com\/pl\/wp-json\/wp\/v2\/posts\/200149\/revisions"}],"wp:featuredmedia":[{"embeddable":true,"href":"https:\/\/mediarun.com\/pl\/wp-json\/wp\/v2\/media\/202591"}],"wp:attachment":[{"href":"https:\/\/mediarun.com\/pl\/wp-json\/wp\/v2\/media?parent=200149"}],"wp:term":[{"taxonomy":"category","embeddable":true,"href":"https:\/\/mediarun.com\/pl\/wp-json\/wp\/v2\/categories?post=200149"},{"taxonomy":"post_tag","embeddable":true,"href":"https:\/\/mediarun.com\/pl\/wp-json\/wp\/v2\/tags?post=200149"}],"curies":[{"name":"wp","href":"https:\/\/api.w.org\/{rel}","templated":true}]}}