{"id":20008,"date":"2011-01-17T01:59:16","date_gmt":"2011-01-17T00:59:16","guid":{"rendered":"https:\/\/mediarun.com\/index.php\/news-posts\/kuzniar-poprowadzi-x-factor\/"},"modified":"2011-01-17T01:59:16","modified_gmt":"2011-01-17T00:59:16","slug":"kuzniar-poprowadzi-x-factor","status":"publish","type":"post","link":"https:\/\/mediarun.com\/pl\/media\/tv\/kuzniar-poprowadzi-x-factor.html","title":{"rendered":"Ku\u017aniar poprowadzi &#8222;X Factor&#8221;"},"content":{"rendered":"<p>W sobotnim &#8222;Dzie\u0144 dobry TVN&#8221; Ku\u017aniar przyzna\u0142, \u017ce do poprowadzenia &#8222;X-Factor&#8221; przekona\u0142a go brytyjska edycja programu. &#8211; S\u0142ysza\u0142am, \u017ce si\u0119 prostytuuj\u0119. Je\u015bli to prostytucja, to jest to bardzo mi\u0142y zaw&oacute;d &#8211; za\u017cartowa\u0142.<\/p>\n<p>Udzia\u0142 w nowym programie TVN nie wp\u0142ynie na jego dotychczasowe obowi\u0105zki &#8211; prowadzenie porannego pasma &#8222;Wstajesz i wiesz&#8221; w TVN24 oraz programu publicystycznego &#8222;Rozmowa bardzo polityczna&#8221;.<\/p>\n<p>Uczestnik&oacute;w programu &#8222;X Factor&#8221; b\u0119dzie ocenia\u0107 trzyosobowe jury, w kt&oacute;rym zasi\u0105d\u0105 muzyk Czes\u0142aw Mozil (znany pod pseudonimem Czes\u0142aw \u015apiewa) oraz Kuba Wojew&oacute;dzki. Trzeci\u0105 osob\u0105 b\u0119dzie najprawdopodobniej Maja Sablewska, managerka Edyty G&oacute;rniak.<\/p>\n<p>Show zadebiutuje w wiosennej ram&oacute;wce TVN i b\u0119dzie emitowane w niedziele o godz. 20. Aktualnie trwaj\u0105 precastingi. Program produkuje FremantleMedia Polska.<\/p>\n<p>&#8222;X Factor&#8221; to telewizyjny muzyczny show szukaj\u0105cy talent&oacute;w, kt&oacute;ry powsta\u0142 w 2004 r. w Wlk. Brytanii.<\/p>\n","protected":false},"excerpt":{"rendered":"Jaros\u0142aw Ku\u017aniar, dziennikarz TVN24, potwierdzi\u0142 sw&oacute;j udzia\u0142 w pierwszej polskiej edycji programu &#8222;X Factor&#8221;. W jury zasi\u0105d\u0105 Kuba Wojew&oacute;dzki i Czes\u0142aw Mozil.","protected":false},"author":1,"featured_media":20009,"comment_status":"open","ping_status":"closed","sticky":false,"template":"","format":"standard","meta":{"csco_display_header_overlay":false,"csco_singular_sidebar":"","csco_page_header_type":"","csco_page_load_nextpost":"","csco_post_video_location":[],"csco_post_video_location_hash":"","csco_post_video_url":"","csco_post_video_bg_start_time":0,"csco_post_video_bg_end_time":0,"footnotes":""},"categories":[9670],"tags":[98,319],"class_list":{"0":"post-20008","1":"post","2":"type-post","3":"status-publish","4":"format-standard","5":"has-post-thumbnail","7":"category-tv","8":"tag-tvn","9":"tag-x-factor","10":"cs-entry","11":"cs-video-wrap"},"_links":{"self":[{"href":"https:\/\/mediarun.com\/pl\/wp-json\/wp\/v2\/posts\/20008","targetHints":{"allow":["GET"]}}],"collection":[{"href":"https:\/\/mediarun.com\/pl\/wp-json\/wp\/v2\/posts"}],"about":[{"href":"https:\/\/mediarun.com\/pl\/wp-json\/wp\/v2\/types\/post"}],"author":[{"embeddable":true,"href":"https:\/\/mediarun.com\/pl\/wp-json\/wp\/v2\/users\/1"}],"replies":[{"embeddable":true,"href":"https:\/\/mediarun.com\/pl\/wp-json\/wp\/v2\/comments?post=20008"}],"version-history":[{"count":0,"href":"https:\/\/mediarun.com\/pl\/wp-json\/wp\/v2\/posts\/20008\/revisions"}],"wp:featuredmedia":[{"embeddable":true,"href":"https:\/\/mediarun.com\/pl\/wp-json\/wp\/v2\/media\/20009"}],"wp:attachment":[{"href":"https:\/\/mediarun.com\/pl\/wp-json\/wp\/v2\/media?parent=20008"}],"wp:term":[{"taxonomy":"category","embeddable":true,"href":"https:\/\/mediarun.com\/pl\/wp-json\/wp\/v2\/categories?post=20008"},{"taxonomy":"post_tag","embeddable":true,"href":"https:\/\/mediarun.com\/pl\/wp-json\/wp\/v2\/tags?post=20008"}],"curies":[{"name":"wp","href":"https:\/\/api.w.org\/{rel}","templated":true}]}}