{"id":19988,"date":"2011-01-17T15:00:41","date_gmt":"2011-01-17T14:00:41","guid":{"rendered":"https:\/\/mediarun.com\/index.php\/news-posts\/10-nowych-osob-w-hypermedia-isobar\/"},"modified":"2015-03-17T11:32:04","modified_gmt":"2015-03-17T11:32:04","slug":"10-nowych-osob-w-hypermedia-isobar","status":"publish","type":"post","link":"https:\/\/mediarun.com\/pl\/ludzie\/kariera\/10-nowych-osob-w-hypermedia-isobar.html","title":{"rendered":"10 nowych os\u00f3b w Hypermedia Isobar"},"content":{"rendered":"<p>Od stycznia dzia\u0142 kreacji w <a rel=\"nofollow noopener\" href=\"http:\/\/dlafirm.mediarun.pl\/katalog\/firma\/hypermedia-sp.-z-o.o.--isobar-polska,2508,1.html\" target=\"_blank\">Hypermedia Isobar<\/a> powi\u0119ksza si\u0119, a pokieruje nim Maciej Nowicki, jako managing creative director.<\/p>\n<p>Nowicki przez ponad pi\u0119tna\u015bcie lat zdobywa\u0142 do\u015bwiadczenie jako dyrektor kreatywny w mi\u0119dzynarodowych agencjach sieciowych, w pracy dla: Procter&amp;Gamble, Casio, Peugeot, Citroen, Daewoo, Grupa \u017bywiec, Hochland, Phillips, General Motors, Nestle, Inteligo, Idea, 3M, Novartis, Unilever i wielu innych.<\/p>\n<p>W styczniu do zespo\u0142u agencji do\u0142\u0105czy\u0142y kolejne osoby. Stanowisko PR manager obj\u0119\u0142a Katarzyna Szlendak, kt&oacute;ra przez ostatnie lata zdobywa\u0142a w Wielkiej Brytanii do\u015bwiadczenie w tworzeniu i realizacji strategii komunikacji oraz PR dla firm: Microsoft, THQ czy Future Publishing.<\/p>\n<p>Do teamu Medi&oacute;w do\u0142\u0105czyli: z MediaCom &#8211; Pawe\u0142 Kuczma, jako senior media planner, z BizOn media &#8211; Pawe\u0142 Sitkowski jako media planner, Piotr K\u0142uci\u0144ski, nowy junior media planner, Joanna Biernacka, jako content designer oraz Stanis\u0142aw Jedli\u0144ski, na stanowisko traffic managera. Anna Kaczmarek awansowa\u0142a na stanowisko buying directora.<\/p>\n<p>W dziale client service Sylwia Skar\u017cy\u0144ska awansowa\u0142a na stanowisko account manager, a stanowisko project manager obejmuje Jakub Kowalczyk, poprzednio w Gorilla Media oraz Marcin Nowak, ostatnio w Pro-Creation. Rafa\u0142 Zag&oacute;rny, na stanowisku graphic designera, do\u0142\u0105czy\u0142 do dzia\u0142u kreacji.<\/p>\n","protected":false},"excerpt":{"rendered":"Maciej Nowicki, managing creative director, na czele listy 10 nowych pracownik&oacute;w interaktywnej agencji Hypermedia Isobar.","protected":false},"author":1,"featured_media":19989,"comment_status":"open","ping_status":"closed","sticky":false,"template":"","format":"standard","meta":{"csco_display_header_overlay":false,"csco_singular_sidebar":"","csco_page_header_type":"","csco_page_load_nextpost":"","csco_post_video_location":[],"csco_post_video_location_hash":"","csco_post_video_url":"","csco_post_video_bg_start_time":0,"csco_post_video_bg_end_time":0,"footnotes":""},"categories":[5909],"tags":[225],"class_list":{"0":"post-19988","1":"post","2":"type-post","3":"status-publish","4":"format-standard","5":"has-post-thumbnail","7":"category-kariera","8":"tag-hypermedia-isobar","9":"cs-entry","10":"cs-video-wrap"},"_links":{"self":[{"href":"https:\/\/mediarun.com\/pl\/wp-json\/wp\/v2\/posts\/19988","targetHints":{"allow":["GET"]}}],"collection":[{"href":"https:\/\/mediarun.com\/pl\/wp-json\/wp\/v2\/posts"}],"about":[{"href":"https:\/\/mediarun.com\/pl\/wp-json\/wp\/v2\/types\/post"}],"author":[{"embeddable":true,"href":"https:\/\/mediarun.com\/pl\/wp-json\/wp\/v2\/users\/1"}],"replies":[{"embeddable":true,"href":"https:\/\/mediarun.com\/pl\/wp-json\/wp\/v2\/comments?post=19988"}],"version-history":[{"count":0,"href":"https:\/\/mediarun.com\/pl\/wp-json\/wp\/v2\/posts\/19988\/revisions"}],"wp:featuredmedia":[{"embeddable":true,"href":"https:\/\/mediarun.com\/pl\/wp-json\/wp\/v2\/media\/19989"}],"wp:attachment":[{"href":"https:\/\/mediarun.com\/pl\/wp-json\/wp\/v2\/media?parent=19988"}],"wp:term":[{"taxonomy":"category","embeddable":true,"href":"https:\/\/mediarun.com\/pl\/wp-json\/wp\/v2\/categories?post=19988"},{"taxonomy":"post_tag","embeddable":true,"href":"https:\/\/mediarun.com\/pl\/wp-json\/wp\/v2\/tags?post=19988"}],"curies":[{"name":"wp","href":"https:\/\/api.w.org\/{rel}","templated":true}]}}