{"id":198938,"date":"2022-08-22T21:50:44","date_gmt":"2022-08-22T19:50:44","guid":{"rendered":"https:\/\/mediarun.com\/pl\/?p=198938"},"modified":"2022-08-22T21:50:44","modified_gmt":"2022-08-22T19:50:44","slug":"empik-z-nowym-digital-content-marketing-director","status":"publish","type":"post","link":"https:\/\/mediarun.com\/pl\/ludzie\/awanse\/empik-z-nowym-digital-content-marketing-director.html","title":{"rendered":"EMPIK z nowym Digital Content Marketing Director"},"content":{"rendered":"<p>Digital content marketing director w Grupie Empik jest odpowiedzialny za realizacj\u0119 strategicznych plan\u00f3w marketingowych w obszarze contentu cyfrowego (audiobooki, ebooki i podcasty) oraz rozw\u00f3j marek Empik Go i Empik Music.<\/p>\n<p>Na swoim profilu LinkedIn Kuba Ambro\u017cewski napisa\u0142:<\/p>\n<blockquote><p>Ch\u0119tnie udost\u0119pni\u0119 informacj\u0119, \u017ce zaczynam prac\u0119 na nowym stanowisku Digital Content Marketing Director w\u00a0Empik Group!<\/p><\/blockquote>\n<p><img fetchpriority=\"high\" decoding=\"async\" class=\"size-full wp-image-198940 aligncenter\" src=\"https:\/\/mediarun.com\/pl\/wp-content\/uploads\/2022\/08\/EMPIK-z-nowym-digital-content-marketing-director.png\" alt=\"\" width=\"1200\" height=\"628\" title=\"\"><\/p>\n<h2>Z pocz\u0105tkiem sierpnia Kuba Ambro\u017cewski jako nowy Digital Content Marketing Director b\u0119dzie zarz\u0105dza\u0142 14-osobowym zespo\u0142em.<\/h2>\n<div class=\"single-content \">\n<p>Kuba Ambro\u017cewski od kilkunastu lat jest zwi\u0105zany z bran\u017c\u0105 muzyczn\u0105 i mediami. By\u0142 wsp\u00f3\u0142pracownikiem m.in. radiowej \u201eTr\u00f3jki\u201d, miesi\u0119cznika \u201eMachina\u201d, a od 2005 roku jest cz\u0119\u015bci\u0105 teamu Radia Kampus. Przez dziesi\u0119\u0107 lat by\u0142 zwi\u0105zany z radiem internetowym Open FM nale\u017c\u0105cym do WP, najpierw jako Music Programmer, a nast\u0119pnie jako Product Owner, odpowiedzialny za marketing, biznes, redakcj\u0119 i rozw\u00f3j tej us\u0142ugi. Bezpo\u015brednio przed do\u0142\u0105czeniem do Empiku, przez p\u00f3\u0142 roku by\u0142 cz\u0119\u015bci\u0105 zespo\u0142u Cloud Services w Huawei Polska, gdzie pracowa\u0142 m.in. nad us\u0142ug\u0105 Huawei Music jako Content Operations Manager.<\/p>\n<p>Do Grupy Empik do\u0142\u0105czy\u0142 w marcu 2021 roku.<\/p>\n<\/div>\n","protected":false},"excerpt":{"rendered":"Digital content marketing director w Grupie Empik jest odpowiedzialny za realizacj\u0119 strategicznych plan\u00f3w marketingowych w obszarze contentu cyfrowego&hellip;","protected":false},"author":64,"featured_media":198940,"comment_status":"open","ping_status":"closed","sticky":false,"template":"","format":"standard","meta":{"csco_display_header_overlay":false,"csco_singular_sidebar":"","csco_page_header_type":"","csco_page_load_nextpost":"","csco_post_video_location":[],"csco_post_video_location_hash":"","csco_post_video_url":"","csco_post_video_bg_start_time":0,"csco_post_video_bg_end_time":0,"footnotes":""},"categories":[9678],"tags":[13251,105,982,4679,9640],"class_list":{"0":"post-198938","1":"post","2":"type-post","3":"status-publish","4":"format-standard","5":"has-post-thumbnail","7":"category-awanse","8":"tag-awanse","9":"tag-empik","10":"tag-kariera","11":"tag-ludzie","12":"tag-marketing","13":"cs-entry","14":"cs-video-wrap"},"_links":{"self":[{"href":"https:\/\/mediarun.com\/pl\/wp-json\/wp\/v2\/posts\/198938","targetHints":{"allow":["GET"]}}],"collection":[{"href":"https:\/\/mediarun.com\/pl\/wp-json\/wp\/v2\/posts"}],"about":[{"href":"https:\/\/mediarun.com\/pl\/wp-json\/wp\/v2\/types\/post"}],"author":[{"embeddable":true,"href":"https:\/\/mediarun.com\/pl\/wp-json\/wp\/v2\/users\/64"}],"replies":[{"embeddable":true,"href":"https:\/\/mediarun.com\/pl\/wp-json\/wp\/v2\/comments?post=198938"}],"version-history":[{"count":0,"href":"https:\/\/mediarun.com\/pl\/wp-json\/wp\/v2\/posts\/198938\/revisions"}],"wp:featuredmedia":[{"embeddable":true,"href":"https:\/\/mediarun.com\/pl\/wp-json\/wp\/v2\/media\/198940"}],"wp:attachment":[{"href":"https:\/\/mediarun.com\/pl\/wp-json\/wp\/v2\/media?parent=198938"}],"wp:term":[{"taxonomy":"category","embeddable":true,"href":"https:\/\/mediarun.com\/pl\/wp-json\/wp\/v2\/categories?post=198938"},{"taxonomy":"post_tag","embeddable":true,"href":"https:\/\/mediarun.com\/pl\/wp-json\/wp\/v2\/tags?post=198938"}],"curies":[{"name":"wp","href":"https:\/\/api.w.org\/{rel}","templated":true}]}}