{"id":198869,"date":"2022-08-12T13:30:39","date_gmt":"2022-08-12T11:30:39","guid":{"rendered":"https:\/\/mediarun.com\/pl\/?p=198869"},"modified":"2022-08-12T07:57:35","modified_gmt":"2022-08-12T05:57:35","slug":"the-voice-of-poland-zmienia-sie","status":"publish","type":"post","link":"https:\/\/mediarun.com\/pl\/media\/tv\/the-voice-of-poland-zmienia-sie.html","title":{"rendered":"THE VOICE OF POLAND zmienia si\u0119!"},"content":{"rendered":"<div><span style=\"color: #000000; font-family: tahoma, sans-serif;\"><b>13. edycja muzycznego talent show TVP2 startuje ju\u017c 3 wrze\u015bnia w zupe\u0142nie nowej, zaawansowanej technologicznie scenografii staj\u0105c si\u0119 tym samym najnowocze\u015bniejszym studiem w Polsce!\u00a0<\/b><\/span><\/div>\n<div><\/div>\n<div>\n<figure id=\"attachment_198874\" aria-describedby=\"caption-attachment-198874\" style=\"width: 1920px\" class=\"wp-caption aligncenter\"><img fetchpriority=\"high\" decoding=\"async\" class=\"wp-image-198874 size-full\" src=\"https:\/\/mediarun.com\/pl\/wp-content\/uploads\/2022\/08\/JAN_6581.jpg\" alt=\"\" width=\"1920\" height=\"1330\" title=\"\" srcset=\"https:\/\/mediarun.com\/pl\/wp-content\/uploads\/2022\/08\/JAN_6581.jpg 1920w, https:\/\/mediarun.com\/pl\/wp-content\/uploads\/2022\/08\/JAN_6581-1011x700.jpg 1011w, https:\/\/mediarun.com\/pl\/wp-content\/uploads\/2022\/08\/JAN_6581-1536x1064.jpg 1536w\" sizes=\"(max-width: 1920px) 100vw, 1920px\" \/><figcaption id=\"caption-attachment-198874\" class=\"wp-caption-text\">fot. Jan Bogacz \/ TVP<\/figcaption><\/figure>\n<\/div>\n<h2>THE VOICE OF POLAND Z NOWYM STUDIO<\/h2>\n<div><span style=\"color: #000000; font-family: tahoma, sans-serif;\"><b>\u00a0<\/b><\/span><\/div>\n<div><span style=\"color: #000000; font-family: tahoma, sans-serif;\"><span style=\"font-size: small;\">Ju\u017c od 3 wrze\u015bnia widzowie \u015bledz\u0105cy losy uczestnik\u00f3w programu<\/span><span style=\"font-size: small;\">, b\u0119d\u0105 mogli odkrywa\u0107 nowe muzyczne talenty w ca\u0142kowicie nowych\u00a0przestrzeniach. Studia najnowszej edycji \u201eThe Voice of Poland&#8221; zosta\u0142y zbudowane na powierzchni ponad 2000 metr\u00f3w kwadratowych i s\u0105 naszpikowane najnowszymi osi\u0105gni\u0119ciami technologicznymi.\u00a0<\/span><\/span><\/div>\n<div>\n<figure id=\"attachment_198877\" aria-describedby=\"caption-attachment-198877\" style=\"width: 1703px\" class=\"wp-caption alignnone\"><img decoding=\"async\" class=\"size-full wp-image-198877\" src=\"https:\/\/mediarun.com\/pl\/wp-content\/uploads\/2022\/08\/JAN_6594-scaled.jpg\" alt=\"\" width=\"1703\" height=\"2560\" title=\"\" srcset=\"https:\/\/mediarun.com\/pl\/wp-content\/uploads\/2022\/08\/JAN_6594-scaled.jpg 1703w, https:\/\/mediarun.com\/pl\/wp-content\/uploads\/2022\/08\/JAN_6594-466x700.jpg 466w, https:\/\/mediarun.com\/pl\/wp-content\/uploads\/2022\/08\/JAN_6594-1022x1536.jpg 1022w, https:\/\/mediarun.com\/pl\/wp-content\/uploads\/2022\/08\/JAN_6594-1363x2048.jpg 1363w\" sizes=\"(max-width: 1703px) 100vw, 1703px\" \/><figcaption id=\"caption-attachment-198877\" class=\"wp-caption-text\">fot. Jan Bogacz \/ TVP<\/figcaption><\/figure>\n<\/div>\n<div>\n<figure id=\"attachment_198876\" aria-describedby=\"caption-attachment-198876\" style=\"width: 2362px\" class=\"wp-caption alignnone\"><img decoding=\"async\" class=\"wp-image-198876 size-full\" src=\"https:\/\/mediarun.com\/pl\/wp-content\/uploads\/2022\/08\/JAN_6632.jpg\" alt=\"\" width=\"2362\" height=\"2229\" title=\"\" srcset=\"https:\/\/mediarun.com\/pl\/wp-content\/uploads\/2022\/08\/JAN_6632.jpg 2362w, https:\/\/mediarun.com\/pl\/wp-content\/uploads\/2022\/08\/JAN_6632-742x700.jpg 742w, https:\/\/mediarun.com\/pl\/wp-content\/uploads\/2022\/08\/JAN_6632-1536x1450.jpg 1536w, https:\/\/mediarun.com\/pl\/wp-content\/uploads\/2022\/08\/JAN_6632-2048x1933.jpg 2048w\" sizes=\"(max-width: 2362px) 100vw, 2362px\" \/><figcaption id=\"caption-attachment-198876\" class=\"wp-caption-text\">fot. Jan Bogacz \/ TVP<\/figcaption><\/figure>\n<\/div>\n<div><span style=\"color: #000000; font-family: tahoma, sans-serif;\">\u00a0<\/span><\/div>\n<blockquote>\n<div><span style=\"color: #000000; font-family: tahoma, sans-serif;\"><i>Ciesz\u0119 si\u0119, \u017ce po 12 edycjach uda\u0142o si\u0119 ca\u0142kowicie odmieni\u0107 studio \u201eThe Voice&#8221;. Nowym charakterystycznym elementem jest okr\u0105g\u0142a scena. Dzi\u0119ki zaawansowanej technologii, kt\u00f3r\u0105 obecnie dysponujemy, b\u0119dziemy mogli zmienia\u0107 nasz\u0105 scen\u0119 w zale\u017cno\u015bci od etapu programu. Ka\u017cdy z nich b\u0119dzie r\u00f3\u017cni\u0142 si\u0119 od siebie i b\u0119dzie wyj\u0105tkowy. Umo\u017cliwi to nam r\u00f3wnie\u017c jeszcze mocniejsze zr\u00f3\u017cnicowanie &#8222;The Voice of Poland&#8221; od &#8222;The Voice Senior&#8221; i &#8222;The Voice Kids&#8221; &#8211;<\/i>\u00a0m\u00f3wi <strong>Rinke Rooyens z Rochstar, producent i re\u017cyser program\u00f3w z rodziny \u201eThe Voice&#8221;.<\/strong><\/span><\/div>\n<\/blockquote>\n<div><span style=\"color: #000000; font-family: tahoma, sans-serif;\">\u00a0<\/span><\/div>\n<div><span style=\"color: #000000; font-family: tahoma, sans-serif;\">Scena muzycznego talent show\u00a0Dw\u00f3jki zosta\u0142a obudowana ekranami LED o powierzchni ponad 600 metr\u00f3w kwadratowych. \u0141\u0105czna d\u0142ugo\u015b\u0107 scenicznej konstrukcji aluminiowej, na kt\u00f3rej zainstalowano sprz\u0119t, wynosi tysi\u0105c metr\u00f3w! Ponad 1800 punkt\u00f3w \u015bwietlnych i 1,2 kilometra ta\u015bm ledowych maj\u0105 zapewni\u0107 widzom doznania wizualne, jakich w polskiej telewizji dot\u0105d nie by\u0142o. Ca\u0142kowicie zautomatyzowana scenografia z elementami, kt\u00f3re dzi\u0119ki mapowaniu staj\u0105 si\u0119 dodatkowymi ekranami wy\u015bwietlaj\u0105cymi projekcje jest po\u0142\u0105czona ze sob\u0105 kablami o \u0142\u0105cznej d\u0142ugo\u015bci 30 kilometr\u00f3w! Wyst\u0119py\u00a0uczestnik\u00f3w 13. edycji \u201eThe Voice of Poland&#8221; \u015bledzi\u0107 b\u0119dzie 14 kamer, aby w jak najdrobniejszym szczeg\u00f3le odda\u0107\u00a0atmosfer\u0119 panuj\u0105c\u0105 w studiu telewizyjnym.\u00a0<\/span><\/div>\n<div>\n<figure id=\"attachment_198878\" aria-describedby=\"caption-attachment-198878\" style=\"width: 2362px\" class=\"wp-caption alignnone\"><img loading=\"lazy\" decoding=\"async\" class=\"wp-image-198878 size-full\" src=\"https:\/\/mediarun.com\/pl\/wp-content\/uploads\/2022\/08\/O4A8137.jpg\" alt=\"\" width=\"2362\" height=\"1575\" title=\"\" srcset=\"https:\/\/mediarun.com\/pl\/wp-content\/uploads\/2022\/08\/O4A8137.jpg 2362w, https:\/\/mediarun.com\/pl\/wp-content\/uploads\/2022\/08\/O4A8137-600x400.jpg 600w, https:\/\/mediarun.com\/pl\/wp-content\/uploads\/2022\/08\/O4A8137-1050x700.jpg 1050w, https:\/\/mediarun.com\/pl\/wp-content\/uploads\/2022\/08\/O4A8137-300x200.jpg 300w, https:\/\/mediarun.com\/pl\/wp-content\/uploads\/2022\/08\/O4A8137-1536x1024.jpg 1536w, https:\/\/mediarun.com\/pl\/wp-content\/uploads\/2022\/08\/O4A8137-2048x1366.jpg 2048w, https:\/\/mediarun.com\/pl\/wp-content\/uploads\/2022\/08\/O4A8137-360x240.jpg 360w\" sizes=\"(max-width: 2362px) 100vw, 2362px\" \/><figcaption id=\"caption-attachment-198878\" class=\"wp-caption-text\">fot. Natasza M\u0142udzik \/TVP<\/figcaption><\/figure>\n<figure id=\"attachment_198875\" aria-describedby=\"caption-attachment-198875\" style=\"width: 2362px\" class=\"wp-caption alignnone\"><img loading=\"lazy\" decoding=\"async\" class=\"size-full wp-image-198875\" src=\"https:\/\/mediarun.com\/pl\/wp-content\/uploads\/2022\/08\/O4A8126.jpg\" alt=\"\" width=\"2362\" height=\"1575\" title=\"\" srcset=\"https:\/\/mediarun.com\/pl\/wp-content\/uploads\/2022\/08\/O4A8126.jpg 2362w, https:\/\/mediarun.com\/pl\/wp-content\/uploads\/2022\/08\/O4A8126-600x400.jpg 600w, https:\/\/mediarun.com\/pl\/wp-content\/uploads\/2022\/08\/O4A8126-1050x700.jpg 1050w, https:\/\/mediarun.com\/pl\/wp-content\/uploads\/2022\/08\/O4A8126-300x200.jpg 300w, https:\/\/mediarun.com\/pl\/wp-content\/uploads\/2022\/08\/O4A8126-1536x1024.jpg 1536w, https:\/\/mediarun.com\/pl\/wp-content\/uploads\/2022\/08\/O4A8126-2048x1366.jpg 2048w, https:\/\/mediarun.com\/pl\/wp-content\/uploads\/2022\/08\/O4A8126-360x240.jpg 360w\" sizes=\"(max-width: 2362px) 100vw, 2362px\" \/><figcaption id=\"caption-attachment-198875\" class=\"wp-caption-text\">fot. Natasza M\u0142udzik \/TVP<\/figcaption><\/figure>\n<\/div>\n<div><\/div>\n<blockquote>\n<div><i>W najnowszej edycji zdecydowali\u015bmy si\u0119 zmniejszy\u0107 odleg\u0142o\u015b\u0107 uczestnik\u00f3w od trener\u00f3w, czego efektem z pewno\u015bci\u0105 b\u0119d\u0105 jeszcze wi\u0119ksze emocje ni\u017c dotychczas. Niezmiennie w naszych programach najwa\u017cniejszy jest talent, a nowa scena umo\u017cliwi jeszcze lepsze wydobycie go i zaprezentowanie milionom widz\u00f3w na r\u00f3\u017cnych p\u0142aszczyznach, nie tylko tej muzycznej\u00a0<\/i>&#8211; dodaje<strong> Rinke Rooyens.<\/strong><\/div>\n<\/blockquote>\n<div><\/div>\n<div><span style=\"color: #000000; font-family: tahoma, sans-serif;\">Zupe\u0142nie nowe studio \u201eThe Voice of Poland&#8221; widzowie b\u0119d\u0105 mogli ogl\u0105da\u0107 w TVP2 ju\u017c od 3 wrze\u015bnia. Program poprowadz\u0105 Tomasz Kammel, Ma\u0142gorzata Tomaszewska i Aleksander Sikora. W roli trener\u00f3w zobaczymy Justyn\u0119 Steczkowsk\u0105, Lanberry, Marka Piekarczyka oraz Tomsona i Barona z zespo\u0142u Afromental.\u00a0<\/span><\/div>\n<div>\n<figure id=\"attachment_198879\" aria-describedby=\"caption-attachment-198879\" style=\"width: 150px\" class=\"wp-caption alignleft\"><img loading=\"lazy\" decoding=\"async\" class=\"wp-image-198879\" src=\"https:\/\/mediarun.com\/pl\/wp-content\/uploads\/2022\/08\/VoP_13_Lanberry-1.jpg\" alt=\"\" width=\"150\" height=\"225\" title=\"\" srcset=\"https:\/\/mediarun.com\/pl\/wp-content\/uploads\/2022\/08\/VoP_13_Lanberry-1.jpg 850w, https:\/\/mediarun.com\/pl\/wp-content\/uploads\/2022\/08\/VoP_13_Lanberry-1-466x700.jpg 466w\" sizes=\"(max-width: 150px) 100vw, 150px\" \/><figcaption id=\"caption-attachment-198879\" class=\"wp-caption-text\">Fot. Jacek Gr\u0105bczewski<\/figcaption><\/figure>\n<figure id=\"attachment_198882\" aria-describedby=\"caption-attachment-198882\" style=\"width: 150px\" class=\"wp-caption alignleft\"><img loading=\"lazy\" decoding=\"async\" class=\"wp-image-198882\" src=\"https:\/\/mediarun.com\/pl\/wp-content\/uploads\/2022\/08\/VoP_13_Afro-scaled.jpg\" alt=\"\" width=\"150\" height=\"225\" title=\"\" srcset=\"https:\/\/mediarun.com\/pl\/wp-content\/uploads\/2022\/08\/VoP_13_Afro-scaled.jpg 1707w, https:\/\/mediarun.com\/pl\/wp-content\/uploads\/2022\/08\/VoP_13_Afro-467x700.jpg 467w, https:\/\/mediarun.com\/pl\/wp-content\/uploads\/2022\/08\/VoP_13_Afro-1024x1536.jpg 1024w, https:\/\/mediarun.com\/pl\/wp-content\/uploads\/2022\/08\/VoP_13_Afro-1365x2048.jpg 1365w\" sizes=\"(max-width: 150px) 100vw, 150px\" \/><figcaption id=\"caption-attachment-198882\" class=\"wp-caption-text\">Fot. Jacek Gr\u0105bczewski<\/figcaption><\/figure>\n<figure id=\"attachment_198881\" aria-describedby=\"caption-attachment-198881\" style=\"width: 150px\" class=\"wp-caption alignleft\"><img loading=\"lazy\" decoding=\"async\" class=\"wp-image-198881\" src=\"https:\/\/mediarun.com\/pl\/wp-content\/uploads\/2022\/08\/VoP_13_JustynaSteczkowska-scaled.jpg\" alt=\"\" width=\"150\" height=\"225\" title=\"\" srcset=\"https:\/\/mediarun.com\/pl\/wp-content\/uploads\/2022\/08\/VoP_13_JustynaSteczkowska-scaled.jpg 1707w, https:\/\/mediarun.com\/pl\/wp-content\/uploads\/2022\/08\/VoP_13_JustynaSteczkowska-467x700.jpg 467w, https:\/\/mediarun.com\/pl\/wp-content\/uploads\/2022\/08\/VoP_13_JustynaSteczkowska-1024x1536.jpg 1024w, https:\/\/mediarun.com\/pl\/wp-content\/uploads\/2022\/08\/VoP_13_JustynaSteczkowska-1365x2048.jpg 1365w\" sizes=\"(max-width: 150px) 100vw, 150px\" \/><figcaption id=\"caption-attachment-198881\" class=\"wp-caption-text\">Fot. Jacek Gr\u0105bczewski<\/figcaption><\/figure>\n<figure id=\"attachment_198880\" aria-describedby=\"caption-attachment-198880\" style=\"width: 150px\" class=\"wp-caption alignleft\"><img loading=\"lazy\" decoding=\"async\" class=\"wp-image-198880\" src=\"https:\/\/mediarun.com\/pl\/wp-content\/uploads\/2022\/08\/VoP_13_MarekPiekarczyk-scaled.jpg\" alt=\"\" width=\"150\" height=\"225\" title=\"\" srcset=\"https:\/\/mediarun.com\/pl\/wp-content\/uploads\/2022\/08\/VoP_13_MarekPiekarczyk-scaled.jpg 1707w, https:\/\/mediarun.com\/pl\/wp-content\/uploads\/2022\/08\/VoP_13_MarekPiekarczyk-467x700.jpg 467w, https:\/\/mediarun.com\/pl\/wp-content\/uploads\/2022\/08\/VoP_13_MarekPiekarczyk-1024x1536.jpg 1024w, https:\/\/mediarun.com\/pl\/wp-content\/uploads\/2022\/08\/VoP_13_MarekPiekarczyk-1365x2048.jpg 1365w\" sizes=\"(max-width: 150px) 100vw, 150px\" \/><figcaption id=\"caption-attachment-198880\" class=\"wp-caption-text\">Fot. Jacek Gr\u0105bczewski<\/figcaption><\/figure>\n<\/div>\n<div><span style=\"color: #000000; font-family: tahoma, sans-serif;\">\u00a0<\/span><\/div>\n<div><\/div>\n<div><\/div>\n<div><\/div>\n<div><\/div>\n<div><\/div>\n<div><\/div>\n<div><\/div>\n<div><\/div>\n<div><\/div>\n<div><\/div>\n<div><span style=\"color: #000000; font-family: tahoma, sans-serif;\">W nowych przestrzeniach realizowane b\u0119d\u0105 tak\u017ce zdj\u0119cia do czwartej edycji\u00a0\u201eThe Voice Senior&#8221; oraz do nowego, sz\u00f3stego ju\u017c sezonu \u201eThe Voice Kids&#8221;.<\/span><\/div>\n","protected":false},"excerpt":{"rendered":"13. edycja muzycznego talent show TVP2 startuje ju\u017c 3 wrze\u015bnia w zupe\u0142nie nowej, zaawansowanej technologicznie scenografii staj\u0105c si\u0119&hellip;","protected":false},"author":64,"featured_media":198873,"comment_status":"open","ping_status":"closed","sticky":false,"template":"","format":"standard","meta":{"csco_display_header_overlay":false,"csco_singular_sidebar":"","csco_page_header_type":"","csco_page_load_nextpost":"","csco_post_video_location":[],"csco_post_video_location_hash":"","csco_post_video_url":"","csco_post_video_bg_start_time":0,"csco_post_video_bg_end_time":0,"footnotes":""},"categories":[9670],"tags":[3517,982,13316,13752,9671],"class_list":{"0":"post-198869","1":"post","2":"type-post","3":"status-publish","4":"format-standard","5":"has-post-thumbnail","7":"category-tv","8":"tag-inwestycje","9":"tag-kariera","10":"tag-studio","11":"tag-the-voice-of-poland","12":"tag-tv","13":"cs-entry","14":"cs-video-wrap"},"_links":{"self":[{"href":"https:\/\/mediarun.com\/pl\/wp-json\/wp\/v2\/posts\/198869","targetHints":{"allow":["GET"]}}],"collection":[{"href":"https:\/\/mediarun.com\/pl\/wp-json\/wp\/v2\/posts"}],"about":[{"href":"https:\/\/mediarun.com\/pl\/wp-json\/wp\/v2\/types\/post"}],"author":[{"embeddable":true,"href":"https:\/\/mediarun.com\/pl\/wp-json\/wp\/v2\/users\/64"}],"replies":[{"embeddable":true,"href":"https:\/\/mediarun.com\/pl\/wp-json\/wp\/v2\/comments?post=198869"}],"version-history":[{"count":0,"href":"https:\/\/mediarun.com\/pl\/wp-json\/wp\/v2\/posts\/198869\/revisions"}],"wp:featuredmedia":[{"embeddable":true,"href":"https:\/\/mediarun.com\/pl\/wp-json\/wp\/v2\/media\/198873"}],"wp:attachment":[{"href":"https:\/\/mediarun.com\/pl\/wp-json\/wp\/v2\/media?parent=198869"}],"wp:term":[{"taxonomy":"category","embeddable":true,"href":"https:\/\/mediarun.com\/pl\/wp-json\/wp\/v2\/categories?post=198869"},{"taxonomy":"post_tag","embeddable":true,"href":"https:\/\/mediarun.com\/pl\/wp-json\/wp\/v2\/tags?post=198869"}],"curies":[{"name":"wp","href":"https:\/\/api.w.org\/{rel}","templated":true}]}}