{"id":198129,"date":"2022-06-14T23:53:55","date_gmt":"2022-06-14T21:53:55","guid":{"rendered":"https:\/\/mediarun.com\/pl\/?p=198129"},"modified":"2022-06-14T23:53:55","modified_gmt":"2022-06-14T21:53:55","slug":"nocna-taryfa-nosnikow-warexpo","status":"publish","type":"post","link":"https:\/\/mediarun.com\/pl\/marketing\/atl\/nocna-taryfa-nosnikow-warexpo.html","title":{"rendered":"Nocna taryfa no\u015bnik\u00f3w Warexpo"},"content":{"rendered":"<blockquote><p><i>Ciekawi tego, jak w miar\u0119 wzrostu temperatur kszta\u0142tuje si\u0119 struktura ruchu, przeanalizowali\u015bmy dane z trzech miejsc w \u015bcis\u0142ym centrum Warszawy, gdzie zlokalizowane s\u0105 nasze no\u015bniki reklamy digital out of home \u2013 ulic Chmielnej, Krakowskiego Przedmie\u015bcia oraz przej\u015bcia podziemnego nad stacj\u0105 metra \u015awi\u0119tokrzyska. Okaza\u0142o si\u0119, \u017ce tylko w maju z ok. 3 mln os\u00f3b, kt\u00f3re odwiedzi\u0142y te lokalizacje, ok. 1,5 mln by\u0142o tam mi\u0119dzy godzinami 18.00 a 6.00 rano. St\u0105d pomys\u0142 na skierowanie oferty do sektora gospodarki nocnej, kt\u00f3rego klientami lub pracownikami by\u0142y te osoby<\/i>\u00a0\u2013 powiedzia\u0142<strong> Marcin Ochma\u0144ski, Prezes Zarz\u0105du Warexpo.<\/strong> \u2013 Uznali\u015bmy te\u017c, \u017ce jako jeden z kluczowych sektor\u00f3w dla rozwoju gospodarczego miast wymaga indywidualnego podej\u015bcia po dw\u00f3ch latach pandemii.<\/p><\/blockquote>\n<h2><b><img fetchpriority=\"high\" decoding=\"async\" class=\"alignnone size-full wp-image-198130\" src=\"https:\/\/mediarun.com\/pl\/wp-content\/uploads\/2022\/06\/Nocna-taryfa-nosnikow-Warexpo.jpg\" alt=\"\" width=\"768\" height=\"228\" title=\"\"><\/b><\/h2>\n<h2><b>Latem sektor gospodarki nocnej (<i>night-time economy<\/i>) kwitnie. Sp\u0119dzamy wi\u0119cej czasu poza domem, przez co cz\u0119\u015bciej mamy kontakt z no\u015bnikami reklamy zewn\u0119trznej. Dlatego Warexpo uruchamia\u00a0<\/b><b><span lang=\"CS\">taryf\u0119 nocn\u0105 \u2013 specjalny czas emisyjny na no\u015bnikach digital out of home zlokalizowanych w centrum Warszawy. Dajemy szans\u0119 na dotarcie do 1,5 mln os\u00f3b, kt\u00f3re tworz\u0105 \u017cycie nocne stolicy.<\/span><\/b><\/h2>\n<p>&nbsp;<\/p>\n<p class=\"v1MsoNormal\">Restauracje, kawiarnie, kluby, kina, teatry, ale te\u017c kluby fitness czynne ca\u0142\u0105 dob\u0119, firmy taks\u00f3wkarskie i przewo\u017c\u0105ce osoby, platformy wypo\u017cyczaj\u0105ce rowery czy hulajnogi \u2013 to wybrane podmioty wsp\u00f3\u0142tworz\u0105ce sektor gospodarki nocnej.<\/p>\n<p class=\"v1MsoNormal\">\n<blockquote>\n<p class=\"v1MsoNormal\"><i>To przede wszystkim do nich kierujemy swoj\u0105 ofert\u0119. Nocna taryfa to szansa na szerokie dotarcie do specyficznej grupy odbiorc\u00f3w tworz\u0105cych \u017cycie miasta od zmierzchu do \u015bwitu<\/i>\u00a0\u2013 m\u00f3wi <strong>Dawid Niezgoda, Dyrektor Dzia\u0142u Sprzeda\u017cy Warexpo.<\/strong> \u2013\u00a0<i>Du\u017cy zasi\u0119g i mo\u017cliwo\u015b\u0107 komunikacji z pe\u0142noletnimi odbiorcami daj\u0105 ogromne mo\u017cliwo\u015bci.<\/i><\/p>\n<\/blockquote>\n<p class=\"v1MsoNormal\">\n<p class=\"v1MsoNormal\">Oferta dotyczy sieci no\u015bnik\u00f3w\u00a0<i>Smart Citylight<\/i>\u00a0w ci\u0105gu ulic Krakowskie Przemie\u015bcie i Chmielna oraz ekran\u00f3w\u00a0<i>LED Space<\/i>\u00a0w przej\u015bciu podziemnym nad stacj\u0105 metra \u015awi\u0119tokrzyska.<\/p>\n<p>&nbsp;<\/p>\n<p><img decoding=\"async\" class=\"alignnone size-full wp-image-198131\" src=\"https:\/\/mediarun.com\/pl\/wp-content\/uploads\/2022\/06\/Nocna-taryfa-nosnikow-Warexpo-2.jpg\" alt=\"\" width=\"2000\" height=\"1331\" title=\"\" srcset=\"https:\/\/mediarun.com\/pl\/wp-content\/uploads\/2022\/06\/Nocna-taryfa-nosnikow-Warexpo-2.jpg 2000w, https:\/\/mediarun.com\/pl\/wp-content\/uploads\/2022\/06\/Nocna-taryfa-nosnikow-Warexpo-2-600x400.jpg 600w, https:\/\/mediarun.com\/pl\/wp-content\/uploads\/2022\/06\/Nocna-taryfa-nosnikow-Warexpo-2-1052x700.jpg 1052w, https:\/\/mediarun.com\/pl\/wp-content\/uploads\/2022\/06\/Nocna-taryfa-nosnikow-Warexpo-2-300x200.jpg 300w, https:\/\/mediarun.com\/pl\/wp-content\/uploads\/2022\/06\/Nocna-taryfa-nosnikow-Warexpo-2-1536x1022.jpg 1536w, https:\/\/mediarun.com\/pl\/wp-content\/uploads\/2022\/06\/Nocna-taryfa-nosnikow-Warexpo-2-360x240.jpg 360w\" sizes=\"(max-width: 2000px) 100vw, 2000px\" \/><\/p>\n<p>&nbsp;<\/p>\n<p>&nbsp;<\/p>\n<p>&nbsp;<\/p>\n","protected":false},"excerpt":{"rendered":"Ciekawi tego, jak w miar\u0119 wzrostu temperatur kszta\u0142tuje si\u0119 struktura ruchu, przeanalizowali\u015bmy dane z trzech miejsc w \u015bcis\u0142ym&hellip;","protected":false},"author":64,"featured_media":198130,"comment_status":"open","ping_status":"closed","sticky":false,"template":"","format":"standard","meta":{"csco_display_header_overlay":false,"csco_singular_sidebar":"","csco_page_header_type":"","csco_page_load_nextpost":"","csco_post_video_location":[],"csco_post_video_location_hash":"","csco_post_video_url":"","csco_post_video_bg_start_time":0,"csco_post_video_bg_end_time":0,"footnotes":""},"categories":[9642],"tags":[5059,13707,13706,9643,12924],"class_list":{"0":"post-198129","1":"post","2":"type-post","3":"status-publish","4":"format-standard","5":"has-post-thumbnail","7":"category-atl","8":"tag-dooh","9":"tag-nocna-taryfa","10":"tag-nosniki","11":"tag-atl","12":"tag-warexpo","13":"cs-entry","14":"cs-video-wrap"},"_links":{"self":[{"href":"https:\/\/mediarun.com\/pl\/wp-json\/wp\/v2\/posts\/198129","targetHints":{"allow":["GET"]}}],"collection":[{"href":"https:\/\/mediarun.com\/pl\/wp-json\/wp\/v2\/posts"}],"about":[{"href":"https:\/\/mediarun.com\/pl\/wp-json\/wp\/v2\/types\/post"}],"author":[{"embeddable":true,"href":"https:\/\/mediarun.com\/pl\/wp-json\/wp\/v2\/users\/64"}],"replies":[{"embeddable":true,"href":"https:\/\/mediarun.com\/pl\/wp-json\/wp\/v2\/comments?post=198129"}],"version-history":[{"count":0,"href":"https:\/\/mediarun.com\/pl\/wp-json\/wp\/v2\/posts\/198129\/revisions"}],"wp:featuredmedia":[{"embeddable":true,"href":"https:\/\/mediarun.com\/pl\/wp-json\/wp\/v2\/media\/198130"}],"wp:attachment":[{"href":"https:\/\/mediarun.com\/pl\/wp-json\/wp\/v2\/media?parent=198129"}],"wp:term":[{"taxonomy":"category","embeddable":true,"href":"https:\/\/mediarun.com\/pl\/wp-json\/wp\/v2\/categories?post=198129"},{"taxonomy":"post_tag","embeddable":true,"href":"https:\/\/mediarun.com\/pl\/wp-json\/wp\/v2\/tags?post=198129"}],"curies":[{"name":"wp","href":"https:\/\/api.w.org\/{rel}","templated":true}]}}