{"id":197030,"date":"2022-02-02T11:55:18","date_gmt":"2022-02-02T10:55:18","guid":{"rendered":"https:\/\/mediarun.com\/pl\/?p=197030"},"modified":"2022-02-02T11:55:18","modified_gmt":"2022-02-02T10:55:18","slug":"empik-rozstrzygnal-przetarg","status":"publish","type":"post","link":"https:\/\/mediarun.com\/pl\/marketing\/przetargi\/empik-rozstrzygnal-przetarg.html","title":{"rendered":"EMPIK rozstrzygn\u0105\u0142 przetarg"},"content":{"rendered":"<p><strong>Dom mediowy Carat z grupy dentsu Polska wygra\u0142 przetarg na obs\u0142ug\u0119 medialn\u0105 Empik S.A. Agencja b\u0119dzie odpowiedzialna za strategiczne doradztwo w ca\u0142ym portfelu mediowym Sp\u00f3\u0142ki, planowanie i\u00a0zakup wybranych medi\u00f3w. Umowa ma charakter d\u0142ugofalowy.<\/strong><\/p>\n<p>Wykazuj\u0105c najlepsz\u0105 strategi\u0119, atrakcyjne koszty i zaanga\u017cowanie, Carat w finale przetargu pokona\u0142 najwi\u0119ksze agencje mediowe na rynku.<\/p>\n<blockquote><p>\u2013 Szukali\u015bmy Partnera, kt\u00f3ry w\u0142a\u015bciwie dopasuje ofert\u0119 do z\u0142o\u017cono\u015bci i specyfiki naszego biznesu. Carat wyr\u00f3\u017cni\u0142 si\u0119 przede wszystkim strategicznym podej\u015bciem, dobrym zrozumieniem wyzwa\u0144 i szans, jakie przed nami stoj\u0105, a tak\u017ce du\u017cym zaanga\u017cowaniem, z jakim zesp\u00f3\u0142 podszed\u0142 do nie\u0142atwego briefu. Nie bez znaczenia by\u0142 r\u00f3wnie\u017c atrakcyjny kosztorys. \u2013 <strong>m\u00f3wi Mona Kinal, Chief Marketing Officer Empik.<\/strong><\/p><\/blockquote>\n<blockquote><p>\u2013 Cieszymy si\u0119, \u017ce tak rozpoznawalna marka jak Empik, zaufa\u0142a nam i do\u0142\u0105cza do grona partner\u00f3w biznesowych grupy dentsu Polska \u2013 <strong>m\u00f3wi Izabela Sochacka, Client Service Managing Director, Media &amp; Performance Line, dentsu Polska.<\/strong> \u2013 Nad\u0105\u017canie za szybko zmieniaj\u0105cym si\u0119 \u015bwiatem ju\u017c nie wystarcza, zw\u0142aszcza w obszarze medi\u00f3w. Rozumiemy to doskonale w dentsu. Aby zaspokaja\u0107 oczekiwania wymagaj\u0105cych i profesjonalnych Klient\u00f3w takich jak Empik, potrzebne jest innowacyjne podej\u015bcie i umiej\u0119tno\u015b\u0107 kompleksowego zarz\u0105dzania portfelem mediowym.<\/p><\/blockquote>\n<p>Przetarg na obs\u0142ug\u0119 mediow\u0105 Empik S.A. by\u0142 koordynowany i nadzorowany przez zesp\u00f3\u0142 Media Strategy Warsaw.<\/p>\n<p><strong>Grupa Empik <\/strong>to jeden z lider\u00f3w transformacji cyfrowej w Polsce. Jest czo\u0142ow\u0105 mark\u0105 lifestyle\u2019ow\u0105 na rynku, z ponad 300 salonami Empik i Papiernik by Empik, oraz jedn\u0105 z 3 najwi\u0119kszych platform e-commerce w Polsce. Grupa Empik to r\u00f3wnie\u017c lider w dystrybucji tre\u015bci cyfrowych. W jej sk\u0142ad wchodzi m.in. Empik Go &#8211; subskrypcyjne rozwi\u0105zanie dla e-book\u00f3w, audiobook\u00f3w i podcast\u00f3w, Virtualo &#8211; najwi\u0119kszy dystrybutor B2B oraz producent tre\u015bci cyfrowych, e-Muzyka &#8211; niezale\u017cny dystrybutor muzyki cyfrowej w Polsce oraz aplikacja streamingowa Empik Music z baz\u0105 milion\u00f3w utwor\u00f3w a tak\u017ce rynkowy lider w obszarze us\u0142ug fotograficznych \u2013 Empikfoto.pl.<\/p>\n","protected":false},"excerpt":{"rendered":"Carat (dentsu Polska) przejmuje obs\u0142ug\u0119 mediow\u0105 Empiku.","protected":false},"author":57,"featured_media":197031,"comment_status":"closed","ping_status":"closed","sticky":false,"template":"","format":"standard","meta":{"csco_display_header_overlay":false,"csco_singular_sidebar":"","csco_page_header_type":"","csco_page_load_nextpost":"","csco_post_video_location":[],"csco_post_video_location_hash":"","csco_post_video_url":"","csco_post_video_bg_start_time":0,"csco_post_video_bg_end_time":0,"footnotes":""},"categories":[4636],"tags":[150,5370,105,13592,13591,12194,3401],"class_list":{"0":"post-197030","1":"post","2":"type-post","3":"status-publish","4":"format-standard","5":"has-post-thumbnail","7":"category-przetargi","8":"tag-carat","9":"tag-dentsu","10":"tag-empik","11":"tag-izabela-sochacka","12":"tag-media-strategy-warsaw","13":"tag-mona-kinal","14":"tag-przetargi","15":"cs-entry","16":"cs-video-wrap"},"_links":{"self":[{"href":"https:\/\/mediarun.com\/pl\/wp-json\/wp\/v2\/posts\/197030","targetHints":{"allow":["GET"]}}],"collection":[{"href":"https:\/\/mediarun.com\/pl\/wp-json\/wp\/v2\/posts"}],"about":[{"href":"https:\/\/mediarun.com\/pl\/wp-json\/wp\/v2\/types\/post"}],"author":[{"embeddable":true,"href":"https:\/\/mediarun.com\/pl\/wp-json\/wp\/v2\/users\/57"}],"replies":[{"embeddable":true,"href":"https:\/\/mediarun.com\/pl\/wp-json\/wp\/v2\/comments?post=197030"}],"version-history":[{"count":0,"href":"https:\/\/mediarun.com\/pl\/wp-json\/wp\/v2\/posts\/197030\/revisions"}],"wp:featuredmedia":[{"embeddable":true,"href":"https:\/\/mediarun.com\/pl\/wp-json\/wp\/v2\/media\/197031"}],"wp:attachment":[{"href":"https:\/\/mediarun.com\/pl\/wp-json\/wp\/v2\/media?parent=197030"}],"wp:term":[{"taxonomy":"category","embeddable":true,"href":"https:\/\/mediarun.com\/pl\/wp-json\/wp\/v2\/categories?post=197030"},{"taxonomy":"post_tag","embeddable":true,"href":"https:\/\/mediarun.com\/pl\/wp-json\/wp\/v2\/tags?post=197030"}],"curies":[{"name":"wp","href":"https:\/\/api.w.org\/{rel}","templated":true}]}}