{"id":196884,"date":"2021-12-23T08:55:45","date_gmt":"2021-12-23T07:55:45","guid":{"rendered":"https:\/\/mediarun.com\/pl\/?p=196884"},"modified":"2021-12-23T08:55:45","modified_gmt":"2021-12-23T07:55:45","slug":"volkswagen-rozstrzygnal-przetarg","status":"publish","type":"post","link":"https:\/\/mediarun.com\/pl\/marketing\/przetargi\/volkswagen-rozstrzygnal-przetarg.html","title":{"rendered":"Volkswagen rozstrzygn\u0105\u0142 przetarg"},"content":{"rendered":"<p><strong>Volkswagen Group Polska po raz kolejny powierzy\u0142 obs\u0142ug\u0119 hiszpa\u0144skich marek SEAT i CUPRA agencji Walk PR w zakresie kompleksowej obs\u0142ugi public relations. Umow\u0119 przed\u0142u\u017cono w wyniku przetargu.<\/strong><\/p>\n<p>Volkswagen Group Polska zdecydowa\u0142 si\u0119 kontynuowa\u0107 rozpocz\u0119t\u0105 w 2019 roku wsp\u00f3\u0142prac\u0119 z agencj\u0105 Walk PR w zakresie obs\u0142ugi marek SEAT i CUPRA na kolejne dwa lata. Agencja b\u0119dzie odpowiedzialna za prowadzenie biura prasowego, doradztwo strategiczne PR, a tak\u017ce koordynacj\u0119 programu ambasadorskiego.<\/p>\n<blockquote><p>&#8211; Przed\u0142u\u017cenie wsp\u00f3\u0142pracy to dla nas pow\u00f3d do dumy, ale i ogromna motywacja. To tak\u017ce dow\u00f3d na to, \u017ce klienci doceniaj\u0105 nasze zaanga\u017cowanie, kreatywno\u015b\u0107 i najwy\u017csz\u0105 jako\u015b\u0107 us\u0142ug z zakresu PR \u2013 <strong>m\u00f3wi Kinga Strawi\u0144ska, Managing Director w Walk PR.<\/strong><\/p><\/blockquote>\n<p>W ramach trwaj\u0105cej umowy agencja Walk PR koordynuje program ambasadorski marki CUPRA, kt\u00f3rego Partnerem jest ultratriathlonista Robert Kara\u015b. Od 2019 roku zrealizowano dwie ods\u0142ony kampanii.<br \/>\nWalk PR nalez\u0307y do Grupy Walk. Walk PR oferuje pe\u0142en zakres us\u0142ug public relations w obszarze PR produktowy oraz PR korporacyjny, stawiaja\u0328c na zrozumienie potrzeb Kliento\u0301w, transparentnos\u0301c\u0301 i najwyz\u0307sze standardy wspo\u0301\u0142pracy. Od lat znajduje sie\u0328 w czo\u0142o\u0301wce najwie\u0328kszych agencji PR w\u2028Polsce, zdobywaja\u0328c nagrody w konkursach polskich i s\u0301wiatowych. Jako cz\u0142onek United Nations Global Compact realizuje model zro\u0301wnowaz\u0307onego rozwoju. Ambicja\u0328 firmy jest byc\u0301 polecana\u0328 przez wszystkich jej Kliento\u0301w.<\/p>\n","protected":false},"excerpt":{"rendered":"Volkswagen Group Polska zdecydowa\u0142 si\u0119 kontynuowa\u0107 wsp\u00f3\u0142prac\u0119 z Walk PR.","protected":false},"author":57,"featured_media":196885,"comment_status":"closed","ping_status":"closed","sticky":false,"template":"","format":"standard","meta":{"csco_display_header_overlay":false,"csco_singular_sidebar":"","csco_page_header_type":"","csco_page_load_nextpost":"","csco_post_video_location":[],"csco_post_video_location_hash":"","csco_post_video_url":"","csco_post_video_bg_start_time":0,"csco_post_video_bg_end_time":0,"footnotes":""},"categories":[4636],"tags":[13576,3401,6873,1929,13575,9532],"class_list":{"0":"post-196884","1":"post","2":"type-post","3":"status-publish","4":"format-standard","5":"has-post-thumbnail","7":"category-przetargi","8":"tag-cupra","9":"tag-przetargi","10":"tag-seat","11":"tag-volkswagen","12":"tag-volkswagen-group-polska","13":"tag-walk-pr","14":"cs-entry","15":"cs-video-wrap"},"_links":{"self":[{"href":"https:\/\/mediarun.com\/pl\/wp-json\/wp\/v2\/posts\/196884","targetHints":{"allow":["GET"]}}],"collection":[{"href":"https:\/\/mediarun.com\/pl\/wp-json\/wp\/v2\/posts"}],"about":[{"href":"https:\/\/mediarun.com\/pl\/wp-json\/wp\/v2\/types\/post"}],"author":[{"embeddable":true,"href":"https:\/\/mediarun.com\/pl\/wp-json\/wp\/v2\/users\/57"}],"replies":[{"embeddable":true,"href":"https:\/\/mediarun.com\/pl\/wp-json\/wp\/v2\/comments?post=196884"}],"version-history":[{"count":0,"href":"https:\/\/mediarun.com\/pl\/wp-json\/wp\/v2\/posts\/196884\/revisions"}],"wp:featuredmedia":[{"embeddable":true,"href":"https:\/\/mediarun.com\/pl\/wp-json\/wp\/v2\/media\/196885"}],"wp:attachment":[{"href":"https:\/\/mediarun.com\/pl\/wp-json\/wp\/v2\/media?parent=196884"}],"wp:term":[{"taxonomy":"category","embeddable":true,"href":"https:\/\/mediarun.com\/pl\/wp-json\/wp\/v2\/categories?post=196884"},{"taxonomy":"post_tag","embeddable":true,"href":"https:\/\/mediarun.com\/pl\/wp-json\/wp\/v2\/tags?post=196884"}],"curies":[{"name":"wp","href":"https:\/\/api.w.org\/{rel}","templated":true}]}}