{"id":19644,"date":"2011-01-27T21:20:25","date_gmt":"2011-01-27T20:20:25","guid":{"rendered":"https:\/\/mediarun.com\/index.php\/news-posts\/raporty-specjalne-wracaja-na-antene-polsat-news\/"},"modified":"2011-01-27T21:20:25","modified_gmt":"2011-01-27T20:20:25","slug":"raporty-specjalne-wracaja-na-antene-polsat-news","status":"publish","type":"post","link":"https:\/\/mediarun.com\/pl\/media\/tv\/raporty-specjalne-wracaja-na-antene-polsat-news.html","title":{"rendered":"&#8222;Raporty specjalne&#8221; wracaj\u0105 na anten\u0119 Polsat News"},"content":{"rendered":"<p>W najbli\u017cszym programie zostan\u0105 pokazane zdj\u0119cia dokumentuj\u0105ce walki z udzia\u0142em polskich \u017co\u0142nierzy na misji w Afganistanie.<\/p>\n<p>Kolejne dokumenty w cyklu &#8222;Raporty specjalne&#8221; b\u0119d\u0105 emitowane w ostatnie soboty miesi\u0105ca o godz. 19.15. Formu\u0142a programu zak\u0142ada emisj\u0119 specjalnego dokumentu oraz rozmow\u0119 w studiu z go\u015b\u0107mi, kt&oacute;r\u0105 przeprowadzi Miros\u0142aw Majeran. Autork\u0105 najbli\u017cszego dokumentu jest Agata Kazimierska, zdj\u0119cia wykona\u0142 Marcin Starzy\u0144ski, a monta\u017c Piotr Szmigiel.<\/p>\n<p>Cykl &#8222;Raporty specjalne&#8221; to programy dokumentalne realizowane przez <a href=\"http:\/\/dlafirm.mediarun.pl\/katalog\/firma\/polsat,948,1.html\" target=\"_blank\" rel=\"noopener\">Telewizj\u0119 Polsat <\/a>od jesieni 2002 roku. W\u015br&oacute;d autor&oacute;w raport&oacute;w pojawiaj\u0105 si\u0119 cenieni dziennikarze i dokumentali\u015bci: Grzegorz G&oacute;rny, Andrzej Titkow, Krystyna Kurczab-Redlich, Jerzy Tepli, Artur Janicki, Ma\u0142gorzata Zi\u0119tkiewicz, Rados\u0142aw Januszewski, Rados\u0142aw Kietli\u0144ski, Miros\u0142aw Majeran, Adam Bogoryja-Zakrzewski i inni. Redaktorem i tw&oacute;rc\u0105 formu\u0142y cyklu jest Bogus\u0142aw Chrabota. &#8222;Raporty Specjalne&#8221; poruszaj\u0105 tematyk\u0119 m.in.: \u0142amania praw cz\u0142owieka i obywatela we wsp&oacute;\u0142czesnym \u015bwiecie, rozliczenia z przesz\u0142o\u015bci\u0105 PRL, dylematy etyczne, polityczne i cywilizacyjne wsp&oacute;\u0142czesnego \u015bwiata, relacji polsko-niemieckie, polskich patologii oraz temat nowych zjawisk w \u017cyciu Polak&oacute;w.<\/p>\n","protected":false},"excerpt":{"rendered":"W najbli\u017csz\u0105 sobot\u0119, 29 stycznia 2011 roku, o godz. 19.15 na antenie Polsat News zostanie wyemitowany pierwszy specjalny dokument w cyklu &#8222;Raporty specjalne&#8221;.","protected":false},"author":1,"featured_media":19645,"comment_status":"open","ping_status":"closed","sticky":false,"template":"","format":"standard","meta":{"csco_display_header_overlay":false,"csco_singular_sidebar":"","csco_page_header_type":"","csco_page_load_nextpost":"","csco_post_video_location":[],"csco_post_video_location_hash":"","csco_post_video_url":"","csco_post_video_bg_start_time":0,"csco_post_video_bg_end_time":0,"footnotes":""},"categories":[9670],"tags":[673],"class_list":{"0":"post-19644","1":"post","2":"type-post","3":"status-publish","4":"format-standard","5":"has-post-thumbnail","7":"category-tv","8":"tag-polsat-news","9":"cs-entry","10":"cs-video-wrap"},"_links":{"self":[{"href":"https:\/\/mediarun.com\/pl\/wp-json\/wp\/v2\/posts\/19644","targetHints":{"allow":["GET"]}}],"collection":[{"href":"https:\/\/mediarun.com\/pl\/wp-json\/wp\/v2\/posts"}],"about":[{"href":"https:\/\/mediarun.com\/pl\/wp-json\/wp\/v2\/types\/post"}],"author":[{"embeddable":true,"href":"https:\/\/mediarun.com\/pl\/wp-json\/wp\/v2\/users\/1"}],"replies":[{"embeddable":true,"href":"https:\/\/mediarun.com\/pl\/wp-json\/wp\/v2\/comments?post=19644"}],"version-history":[{"count":0,"href":"https:\/\/mediarun.com\/pl\/wp-json\/wp\/v2\/posts\/19644\/revisions"}],"wp:featuredmedia":[{"embeddable":true,"href":"https:\/\/mediarun.com\/pl\/wp-json\/wp\/v2\/media\/19645"}],"wp:attachment":[{"href":"https:\/\/mediarun.com\/pl\/wp-json\/wp\/v2\/media?parent=19644"}],"wp:term":[{"taxonomy":"category","embeddable":true,"href":"https:\/\/mediarun.com\/pl\/wp-json\/wp\/v2\/categories?post=19644"},{"taxonomy":"post_tag","embeddable":true,"href":"https:\/\/mediarun.com\/pl\/wp-json\/wp\/v2\/tags?post=19644"}],"curies":[{"name":"wp","href":"https:\/\/api.w.org\/{rel}","templated":true}]}}