{"id":1960,"date":"2013-04-05T11:00:24","date_gmt":"2013-04-05T09:00:24","guid":{"rendered":"https:\/\/mediarun.com\/index.php\/news-posts\/tvp-w-styczniu-i-w-lutym-na-plusie\/"},"modified":"2013-04-05T11:00:24","modified_gmt":"2013-04-05T09:00:24","slug":"tvp-w-styczniu-i-w-lutym-na-plusie","status":"publish","type":"post","link":"https:\/\/mediarun.com\/pl\/media\/tv\/tvp-w-styczniu-i-w-lutym-na-plusie.html","title":{"rendered":"TVP w styczniu i w lutym na plusie"},"content":{"rendered":"<p>Maj\u0105 w tym pom&oacute;c rosn\u0105ce wp\u0142ywy z abonamentu i restrukturyzacja sp&oacute;\u0142ki.<\/p>\n<p>Ubieg\u0142y rok telewizja publiczna zamkn\u0119\u0142a z 218 mln z\u0142 na minusie. Deficytowe by\u0142y zakupione przez TVP prawa do relacji z Igrzysk Olimpijskich w Londynie i Mistrzostw Europy w Pi\u0142ce No\u017cnej. Sp&oacute;\u0142ka zamknie pierwszy kwarta\u0142 na plusie, mimo \u017ce plan finansowy zak\u0142ada\u0142 strat\u0119.<\/p>\n<p>&#8211; Formalnie mo\u017cemy ju\u017c m&oacute;wi\u0107 o dw&oacute;ch pierwszych miesi\u0105cach. Mamy zysk na poziomie mniej wi\u0119cej 25 mln z\u0142, znacznie lepiej ni\u017c w zesz\u0142ym roku, znacznie lepiej ni\u017c zak\u0142ada\u0142 plan &#8211; m&oacute;wi Agencji Informacyjnej Newseria prezes TVP Juliusz Braun. &#8211; Ca\u0142y pierwszy kwarta\u0142 zamkniemy r&oacute;wnie\u017c na plusie, cho\u0107 pierwotny plan zak\u0142ada\u0142 nawet pewn\u0105 strat\u0119, wi\u0119c tutaj, odpuka\u0107, ale wszystko idzie dobrze.<\/p>\n<p>Aby w dalszym ci\u0105gu sz\u0142o dobrze, TVP ca\u0142y czas prowadzi restrukturyzacj\u0119.<\/p>\n<p>&#8211; Tworzymy jedn\u0105 du\u017c\u0105 jednostk\u0119 informacyjn\u0105 &#8211; Telewizyjn\u0105 Agencj\u0119 Informacyjn\u0105 i du\u017c\u0105 jednostk\u0119 produkcyjn\u0105 &#8211; Agencj\u0119 Produkcji Telewizyjnej i Filmowej. To wymaga zmian w strukturze wielu jednostek, ale po pierwsze to ma usprawni\u0107 prace, po drugie ma sprawi\u0107, \u017ceby dzia\u0142alno\u015b\u0107 by\u0142a bardziej oszcz\u0119dna &#8211; wyja\u015bnia Juliusz Braun.<\/p>\n<p>Publiczny nadawca chce stopniowo redukowa\u0107 zatrudnienie. Zgodnie z planem w tym roku zlikwiduje kolejnych 200 etat&oacute;w. Zwolnie\u0144 grupowych jednak nie b\u0119dzie.<\/p>\n<p>Abonament wci\u0105\u017c problemem<\/p>\n<p>Wed\u0142ug sprawozdania Krajowej Rady Radiofonii i Telewizji w 2012 roku wzros\u0142y wp\u0142ywy z abonamentu radiowo-telewizyjnego. Wynios\u0142y 550 mln z\u0142, czyli o 80 milion&oacute;w wi\u0119cej ni\u017c wynika\u0142o z prognoz KRRiT. Nadwy\u017cka trafi do Polskiego Radia i TVP. W\u0142adze telewizji publicznej czekaj\u0105 jednak na rozwi\u0105zania ustawowe, kt&oacute;re pomog\u0105 lepiej egzekwowa\u0107 abonament od widz&oacute;w i s\u0142uchaczy.<\/p>\n<p>&#8211; Cieszymy si\u0119, \u017ce coraz wi\u0119cej os&oacute;b p\u0142aci abonament, natomiast trzeba pami\u0119ta\u0107, \u017ce nadal robi to bardzo niewielka cz\u0119\u015b\u0107 zobowi\u0105zanych i to jest problem. Rozmawia\u0142em ostatnio z pani\u0105 dyrektor niemieckiej telewizji MDR o finansach i powiedzia\u0142a, \u017ce w Niemczech s\u0105d orzek\u0142, \u017ce trzeba p\u0142aci\u0107 abonament. Odpowiedzia\u0142em jej, \u017ce w Polsce s\u0105d orzek\u0142 tak samo, tylko nic z tego nie wynika &#8211; m&oacute;wi Juliusz Braun.<\/p>\n<p>Jego zdaniem najlepszym rozwi\u0105zaniem by\u0142aby op\u0142ata audiowizualna, kt&oacute;r\u0105 musia\u0142oby wnosi\u0107 ka\u017cde gospodarstwo domowe.<\/p>\n<p>&#8211; Uwa\u017camy, \u017ce racjonalne jest odej\u015bcie od rejestrowania odbiornik&oacute;w, w\u0142a\u015bnie tak jak w Niemczech, i wprowadzenie op\u0142aty audiowizualnej, powszechnej, od ka\u017cdego gospodarstwa domowego. To jest model, kt&oacute;ry w Europie zaczyna by\u0107 coraz szerzej stosowany &#8211; t\u0142umaczy Braun.<\/p>\n","protected":false},"excerpt":{"rendered":"Po trudnym 2012 roku, pocz\u0105tek tego by\u0142 udany dla TVP. Publiczny nadawca zarobi\u0142 w styczniu i lutym 25 mln z\u0142. Plan finansowy przyj\u0119ty przez zarz\u0105d TVP zak\u0142ada zamkni\u0119cie tego roku na plusie.","protected":false},"author":1,"featured_media":1961,"comment_status":"open","ping_status":"closed","sticky":false,"template":"","format":"standard","meta":{"csco_display_header_overlay":false,"csco_singular_sidebar":"","csco_page_header_type":"","csco_page_load_nextpost":"","csco_post_video_location":[],"csco_post_video_location_hash":"","csco_post_video_url":"","csco_post_video_bg_start_time":0,"csco_post_video_bg_end_time":0,"footnotes":""},"categories":[9670],"tags":[392],"class_list":{"0":"post-1960","1":"post","2":"type-post","3":"status-publish","4":"format-standard","5":"has-post-thumbnail","7":"category-tv","8":"tag-tvp","9":"cs-entry","10":"cs-video-wrap"},"_links":{"self":[{"href":"https:\/\/mediarun.com\/pl\/wp-json\/wp\/v2\/posts\/1960","targetHints":{"allow":["GET"]}}],"collection":[{"href":"https:\/\/mediarun.com\/pl\/wp-json\/wp\/v2\/posts"}],"about":[{"href":"https:\/\/mediarun.com\/pl\/wp-json\/wp\/v2\/types\/post"}],"author":[{"embeddable":true,"href":"https:\/\/mediarun.com\/pl\/wp-json\/wp\/v2\/users\/1"}],"replies":[{"embeddable":true,"href":"https:\/\/mediarun.com\/pl\/wp-json\/wp\/v2\/comments?post=1960"}],"version-history":[{"count":0,"href":"https:\/\/mediarun.com\/pl\/wp-json\/wp\/v2\/posts\/1960\/revisions"}],"wp:featuredmedia":[{"embeddable":true,"href":"https:\/\/mediarun.com\/pl\/wp-json\/wp\/v2\/media\/1961"}],"wp:attachment":[{"href":"https:\/\/mediarun.com\/pl\/wp-json\/wp\/v2\/media?parent=1960"}],"wp:term":[{"taxonomy":"category","embeddable":true,"href":"https:\/\/mediarun.com\/pl\/wp-json\/wp\/v2\/categories?post=1960"},{"taxonomy":"post_tag","embeddable":true,"href":"https:\/\/mediarun.com\/pl\/wp-json\/wp\/v2\/tags?post=1960"}],"curies":[{"name":"wp","href":"https:\/\/api.w.org\/{rel}","templated":true}]}}