{"id":195535,"date":"2021-05-17T09:37:47","date_gmt":"2021-05-17T07:37:47","guid":{"rendered":"https:\/\/mediarun.com\/pl\/?p=195535"},"modified":"2021-05-17T09:37:47","modified_gmt":"2021-05-17T07:37:47","slug":"unicef-polska-z-nowym-dyrektorem-komunikacji-i-marketingu","status":"publish","type":"post","link":"https:\/\/mediarun.com\/pl\/ludzie\/kariera\/unicef-polska-z-nowym-dyrektorem-komunikacji-i-marketingu.html","title":{"rendered":"UNICEF Polska z nowym Dyrektorem Komunikacji i Marketingu"},"content":{"rendered":"<p><strong>Pawe\u0142 Barski, wieloletni Dyrektor Marketingu w Ricoh Polska, zosta\u0142 nowym Dyrektorem Komunikacji i Marketingu w UNICEF Polska. B\u0119dzie odpowiedzialny za strategi\u0119 marketingow\u0105 organizacji, dzia\u0142ania wizerunkowe, media spo\u0142eczno\u015bciowe oraz komunikacj\u0119 wewn\u0119trzn\u0105 i zewn\u0119trzn\u0105.<\/strong><\/p>\n<p>Pawe\u0142 Barski jest zwi\u0105zany z marketingiem od prawie 30 lat. Posiada szerokie do\u015bwiadczenie w budowaniu strategii marketingowych, rozwoju marek, produkt\u00f3w i komunikacji. Przez wiele lat w roli Managera Marketingu w sektorze biznesowym.<\/p>\n<p>Pawe\u0142 Barski najd\u0142u\u017cej by\u0142 zwi\u0105zany z Ricoh Polska, gdzie przez wiele lat pe\u0142ni\u0142 funkcj\u0119 Dyrektora ds. Marketingu. Odpowiada\u0142 za kreowanie i realizacj\u0119 strategii marketingowych dw\u00f3ch marek Ricoh i Pentax w segmencie B2B i B2C. Zarz\u0105dza\u0142 kilkunastoosobowym dzia\u0142em marketingu. Laureat wielu wyr\u00f3\u017cnie\u0144 i nagr\u00f3d, m.in. finalista konkursu \u201eDyrektor Marketingu Roku\u201d, \u201eOsobowo\u015b\u0107 Roku Mice Poland\u201d czy \u201eGrand Prix w kategorii Najlepszy Zesp\u00f3\u0142 Marketingu w Polsce\u201d.<\/p>\n<blockquote><p>Temat pomocy potrzebuj\u0105cym dzieciom zawsze by\u0142 mi bardzo bliski, dlatego ciesz\u0119 si\u0119, \u017ce jestem w UNICEF Polska. Do\u0142\u0105czam do organizacji, kt\u00f3ra od 75 lat niesie wsparcie najm\u0142odszym na ca\u0142ym \u015bwiecie. To ogromny zaszczyt, ale i wyzwanie &#8211; <strong>m\u00f3wi Pawe\u0142 Barski<\/strong>. Wierz\u0119, \u017ce moja wiedza i do\u015bwiadczenie pomog\u0105 organizacji w realizacji jej misji.<\/p><\/blockquote>\n<blockquote><p>Ciesz\u0119 si\u0119, \u017ce naszej organizacji uda\u0142o si\u0119 pozyska\u0107 tak do\u015bwiadczonego profesjonalist\u0119, kt\u00f3remu nieobca jest r\u00f3wnie\u017c dzia\u0142alno\u015b\u0107 pomocowa. Jestem przekonana, \u017ce jego wiedza i umiej\u0119tno\u015bci przyczyni\u0105 si\u0119 do dalszego rozwoju organizacji, a tak\u017ce wzmocnienia jej wizerunku na rynku polskim. To zdecydowanie w\u0142a\u015bciwy cz\u0142owiek na w\u0142a\u015bciwym miejscu &#8211; <strong>skomentowa\u0142a Renata Bem, Z-ca Dyrektora Generalnego UNICEF Polska.<\/strong><\/p><\/blockquote>\n<h2><strong>O UNICEF<\/strong><\/h2>\n<p>UNICEF to organizacja humanitarna i rozwojowa od 75 lat dzia\u0142aj\u0105ca na rzecz dzieci. Od ratuj\u0105cych \u017cycie szczepie\u0144, przez budow\u0119 szk\u00f3\u0142, po natychmiastow\u0105 pomoc w sytuacji kl\u0119ski humanitarnej &#8211; UNICEF robi wszystko, aby dzieciom \u017cy\u0142o si\u0119 lepiej. Pracuje w ma\u0142ych wioskach i z rz\u0105dami pa\u0144stw, bo uwa\u017ca, \u017ce ka\u017cde dziecko, niezale\u017cnie od miejsca urodzenia, koloru sk\u00f3ry czy religii, ma prawo do zdrowego i bezpiecznego dzieci\u0144stwa. Wi\u0119cej informacji na stronie unicef.pl<\/p>\n","protected":false},"excerpt":{"rendered":"Z Ricoh Polska do UNICEF.","protected":false},"author":57,"featured_media":195536,"comment_status":"closed","ping_status":"closed","sticky":false,"template":"","format":"standard","meta":{"csco_display_header_overlay":false,"csco_singular_sidebar":"","csco_page_header_type":"","csco_page_load_nextpost":"","csco_post_video_location":[],"csco_post_video_location_hash":"","csco_post_video_url":"","csco_post_video_bg_start_time":0,"csco_post_video_bg_end_time":0,"footnotes":""},"categories":[5909],"tags":[13251,982,13518,3786,954],"class_list":{"0":"post-195535","1":"post","2":"type-post","3":"status-publish","4":"format-standard","5":"has-post-thumbnail","7":"category-kariera","8":"tag-awanse","9":"tag-kariera","10":"tag-pawel-barski","11":"tag-ricoh","12":"tag-unicef","13":"cs-entry","14":"cs-video-wrap"},"_links":{"self":[{"href":"https:\/\/mediarun.com\/pl\/wp-json\/wp\/v2\/posts\/195535","targetHints":{"allow":["GET"]}}],"collection":[{"href":"https:\/\/mediarun.com\/pl\/wp-json\/wp\/v2\/posts"}],"about":[{"href":"https:\/\/mediarun.com\/pl\/wp-json\/wp\/v2\/types\/post"}],"author":[{"embeddable":true,"href":"https:\/\/mediarun.com\/pl\/wp-json\/wp\/v2\/users\/57"}],"replies":[{"embeddable":true,"href":"https:\/\/mediarun.com\/pl\/wp-json\/wp\/v2\/comments?post=195535"}],"version-history":[{"count":0,"href":"https:\/\/mediarun.com\/pl\/wp-json\/wp\/v2\/posts\/195535\/revisions"}],"wp:featuredmedia":[{"embeddable":true,"href":"https:\/\/mediarun.com\/pl\/wp-json\/wp\/v2\/media\/195536"}],"wp:attachment":[{"href":"https:\/\/mediarun.com\/pl\/wp-json\/wp\/v2\/media?parent=195535"}],"wp:term":[{"taxonomy":"category","embeddable":true,"href":"https:\/\/mediarun.com\/pl\/wp-json\/wp\/v2\/categories?post=195535"},{"taxonomy":"post_tag","embeddable":true,"href":"https:\/\/mediarun.com\/pl\/wp-json\/wp\/v2\/tags?post=195535"}],"curies":[{"name":"wp","href":"https:\/\/api.w.org\/{rel}","templated":true}]}}