{"id":195278,"date":"2021-04-14T11:22:20","date_gmt":"2021-04-14T09:22:20","guid":{"rendered":"https:\/\/mediarun.com\/pl\/?p=195278"},"modified":"2021-04-14T11:22:20","modified_gmt":"2021-04-14T09:22:20","slug":"havas-z-nowym-dyrektorem-kreatywnym","status":"publish","type":"post","link":"https:\/\/mediarun.com\/pl\/ludzie\/kariera\/havas-z-nowym-dyrektorem-kreatywnym.html","title":{"rendered":"HAVAS z nowym Dyrektorem Kreatywnym"},"content":{"rendered":"<p><strong>Rafa\u0142 Ry\u015b do\u0142\u0105cza do Havas Creative Group. Do tej pory stanowisko Dyrektora Kreatywnego nie by\u0142o obsadzone. Magdalena Marek i\u00a0Miko\u0142aj Pawlak, kt\u00f3rzy przez ostanie 8 miesi\u0119cy sprawowali piecze nad dzia\u0142em kreacji, pozostan\u0105 w rolach Associate Creative Directors i b\u0119d\u0105 wspiera\u0107 Rysia w rozwoju agencji.<\/strong><\/p>\n<blockquote><p>\u201eDo\u0142\u0105czenie do zespo\u0142u Dyrektora Kreatywnego niew\u0105tpliwe wzmocni nasze wewn\u0119trzne struktury. Zale\u017cy nam na tym, aby dostarcza\u0107 najlepsz\u0105\u00a0jako\u015b\u0107, ale r\u00f3wnie\u017c si\u0119ga\u0107 po nagrody. Wierz\u0119, \u017ce Rafa\u0142 b\u0119dzie bardzo dobrym wparciem dla utalentowanych os\u00f3b jakie s\u0105 w Havas\u201d \u2013 <strong>m\u00f3wi Dorota Mazur CEO Havas Creative Group.<\/strong><\/p><\/blockquote>\n<p>Dla Rafa\u0142a jest to powr\u00f3t po o\u015bmiu latach, kiedy to pracowa\u0142 w Havas jako Senior Art i zdobywa\u0142 swoje nagrody w Cannes Lions.<\/p>\n<blockquote><p>\u201eNa pierwszy rzut oka mo\u017ce to wygl\u0105da\u0107 na powr\u00f3t, ale tak naprawd\u0119 agencja HAVAS przesz\u0142a d\u0142ug\u0105 drog\u0119 i jest teraz zupe\u0142nie innym miejscem ni\u017c dekad\u0119 temu. Ja te\u017c, mam nadziej\u0119, nabra\u0142em troch\u0119 do\u015bwiadczenia w tym czasie. Ciesz\u0119 si\u0119 bardzo, \u017ce dosta\u0142em szans\u0119 do\u0142\u0105czenia do ekipy HAVAS i dam z siebie wszystko, \u017ceby biznesy Klient\u00f3w, a razem z nimi agencja, kwit\u0142y w tych nie\u0142atwych czasach. Chc\u0119, by\u015bmy razem robili rzeczy oryginalne i skuteczne\u201d \u2013 <strong>m\u00f3wi Rafa\u0142 Ry\u015b.<\/strong><\/p><\/blockquote>\n<p>Ry\u015b ma ponad 15-letnie do\u015bwiadczenie w bran\u017cy reklamowej. Przez ostatnie trzy lata pe\u0142ni\u0142 funkcj\u0119 Associate Creative Directora w agencji Saatchi&amp;Saatchi. Wcze\u015bniej, przez 3 i p\u00f3\u0142 roku pracowa\u0142 w Grey Group jako Deputy Creative Director. Pracowa\u0142 te\u017c jako art director w Isobar Poland, McCann Worldwide, Havas Worldwide i Change Integrated. W\u00a0ci\u0105gu ostatnich lat odpowiada\u0142 za projekty takich marek jak Mercedes Benz, Pekao S.A., IKEA, XTB, mBank, Volvo, fundacja Rak&#8217;n&#8217;Roll, Empik, Pepco i wiele innych. Rafa\u0142 Ry\u015b ma na swoim koncie wiele nagr\u00f3d zar\u00f3wno w kraju jak i za granica. Warto nadmieni\u0107, \u017ce s\u0105 to mi\u0119dzy innymi trzy lwy w Cannes, dwa GrandPrix GoldenDrum, kilka Clio, kilka Eurobest\u00f3w w tym dwa z\u0142ote Effie. Ry\u015b kilkukrotnie by\u0142 jurorem KTR oraz, ostatnio, Innovation Awards.<\/p>\n","protected":false},"excerpt":{"rendered":"Rafa\u0142 Ry\u015b na czele kreacji w Havas Creative Group.","protected":false},"author":57,"featured_media":195280,"comment_status":"closed","ping_status":"closed","sticky":false,"template":"","format":"standard","meta":{"csco_display_header_overlay":false,"csco_singular_sidebar":"","csco_page_header_type":"","csco_page_load_nextpost":"","csco_post_video_location":[],"csco_post_video_location_hash":"","csco_post_video_url":"","csco_post_video_bg_start_time":0,"csco_post_video_bg_end_time":0,"footnotes":""},"categories":[5909],"tags":[13251,74,982,13497],"class_list":{"0":"post-195278","1":"post","2":"type-post","3":"status-publish","4":"format-standard","5":"has-post-thumbnail","7":"category-kariera","8":"tag-awanse","9":"tag-havas","10":"tag-kariera","11":"tag-rafal-rys","12":"cs-entry","13":"cs-video-wrap"},"_links":{"self":[{"href":"https:\/\/mediarun.com\/pl\/wp-json\/wp\/v2\/posts\/195278","targetHints":{"allow":["GET"]}}],"collection":[{"href":"https:\/\/mediarun.com\/pl\/wp-json\/wp\/v2\/posts"}],"about":[{"href":"https:\/\/mediarun.com\/pl\/wp-json\/wp\/v2\/types\/post"}],"author":[{"embeddable":true,"href":"https:\/\/mediarun.com\/pl\/wp-json\/wp\/v2\/users\/57"}],"replies":[{"embeddable":true,"href":"https:\/\/mediarun.com\/pl\/wp-json\/wp\/v2\/comments?post=195278"}],"version-history":[{"count":0,"href":"https:\/\/mediarun.com\/pl\/wp-json\/wp\/v2\/posts\/195278\/revisions"}],"wp:featuredmedia":[{"embeddable":true,"href":"https:\/\/mediarun.com\/pl\/wp-json\/wp\/v2\/media\/195280"}],"wp:attachment":[{"href":"https:\/\/mediarun.com\/pl\/wp-json\/wp\/v2\/media?parent=195278"}],"wp:term":[{"taxonomy":"category","embeddable":true,"href":"https:\/\/mediarun.com\/pl\/wp-json\/wp\/v2\/categories?post=195278"},{"taxonomy":"post_tag","embeddable":true,"href":"https:\/\/mediarun.com\/pl\/wp-json\/wp\/v2\/tags?post=195278"}],"curies":[{"name":"wp","href":"https:\/\/api.w.org\/{rel}","templated":true}]}}