{"id":194222,"date":"2021-01-13T10:21:08","date_gmt":"2021-01-13T09:21:08","guid":{"rendered":"https:\/\/mediarun.com\/pl\/?p=194222"},"modified":"2021-01-13T10:21:08","modified_gmt":"2021-01-13T09:21:08","slug":"mccann-i-weber-shandwick-dla-reckitt-benckiser","status":"publish","type":"post","link":"https:\/\/mediarun.com\/pl\/marketing\/przetargi\/mccann-i-weber-shandwick-dla-reckitt-benckiser.html","title":{"rendered":"McCANN i Weber Shandwick dla Reckitt Benckiser!"},"content":{"rendered":"<p>McCANN Poland, w sk\u0142ad kt\u00f3rego wchodzi agencja PR Weber Shandwick, odpowiada za przygotowanie swojej pierwszej regionalnej kampanii dla Reckitt Benckiser, tworz\u0105c kampani\u0119 reklamow\u0105 360\u02da oraz odpowiadaj\u0105c za dzia\u0142ania PR dla marki Dettol.<\/p>\n<p>Dettol to marka z portfolio Reckitt Benckiser, kt\u00f3ra od ponad 80. lat jest obecna w 124 krajach na \u015bwiecie. Jako globalny lider w dziedzinie \u015brodk\u00f3w ochrony przed drobnoustrojami, wspiera rodziny w dbaniu o zdrowie dzi\u0119ki w\u0142a\u015bciwej higienie.\u00a0\u00a0Dzi\u015b Dettol to szeroka gama produkt\u00f3w, kt\u00f3re, poprzez dezynfekcj\u0119, pomagaj\u0105 przerwa\u0107 \u0142a\u0144cuch zaka\u017ce\u0144 chroni\u0105c nas i naszych najbli\u017cszych. W dobie pandemii, prawid\u0142owa higiena ma ogromne znaczenie i jest jednym z podstawowych czynnik\u00f3w, kt\u00f3re mog\u0105 zapobiec rozprzestrzenianiu si\u0119 koronawirusa.<\/p>\n<p>Agencja McCANN odpowiada za stworzenie strategii i koncepcji komunikacji marki Dettol zar\u00f3wno na rynku polskim, jak i w regionie. Start kampanii zaplanowany jest na drug\u0105 po\u0142ow\u0119 stycznia br. i b\u0119dzie pocz\u0105tkowo obejmowa\u0142 dzia\u0142ania w TV i digitalu. Agencja Weber Shandwick, kt\u00f3ra zosta\u0142a wy\u0142oniona na drodze przetargu b\u0119dzie odpowiada\u0107 za strategi\u0119 i dzia\u0142ania Public Relations na rynku polskim.<\/p>\n<blockquote><p>\u201eDettol to \u015bwiatowy lider higieny, marka, kt\u00f3ra od lat pomaga budowa\u0107 nawyki higieniczne oferuj\u0105c szerokie portfolio wysokiej jako\u015bci produkt\u00f3w, zar\u00f3wno do higieny osobistej, jak i higieny powierzchni. Okres pandemii wzmocni\u0142 znaczenie higieny dla naszego zdrowia, bo w\u0142a\u015bciwa higiena minimalizuje ryzyko rozprzestrzeniania si\u0119 wirus\u00f3w i bakterii. Nowa kampania Dettol \u201cZdrowie w Twoich r\u0119kach\u201d zach\u0119ca do budowania i piel\u0119gnowania nawyk\u00f3w higienicznych, bo te pomagaj\u0105 nam dba\u0107 o zdrowie nasze i naszych bliskich.\u201d \u2013 powiedzia\u0142a Inga Songin, Regional Marketing Director Poland &amp; EE, RB Health &amp; Nutrition.<\/p>\n<p>\u201cDettol to globalna marka, kt\u00f3ra ma olbrzymi potencja\u0142 rozwoju w naszym regionie, a Reckitt Benckiser to kluczowy klient dla McCANN Worldgroup na \u015bwiecie. Od zawsze prawid\u0142owa higiena by\u0142a podstaw\u0105 utrzymania dobrego zdrowia, a w trakcie pandemii jej rola i znaczenie sta\u0142y si\u0119 jeszcze wa\u017cniejsze dla nas i tych wok\u00f3\u0142 nas. Tym bardziej jeste\u015bmy dumni ze wsp\u00f3\u0142pracy z mark\u0105 Dettol. Cieszymy si\u0119 z mo\u017cliwo\u015bci tworzenia zintegrowanej kampanii 360\u02da maj\u0105cej na celu skuteczne wypozycjonowanie marki i jej produkt\u00f3w w \u015bwiadomo\u015bci konsument\u00f3w, skupiaj\u0105c si\u0119 w naszych dzia\u0142aniach na ich roli w obszarze prawid\u0142owej higieny.\u201d \u2013 powiedzia\u0142 Wojciech Borowski, Prezes Zarz\u0105du, McCANN Poland.<\/p><\/blockquote>\n","protected":false},"excerpt":{"rendered":"Agencja stworzy kampani\u0119 reklamow\u0105 360\u02da oraz dzia\u0142ania PR dla marki Dettol.","protected":false},"author":57,"featured_media":194223,"comment_status":"closed","ping_status":"closed","sticky":false,"template":"","format":"standard","meta":{"csco_display_header_overlay":false,"csco_singular_sidebar":"","csco_page_header_type":"","csco_page_load_nextpost":"","csco_post_video_location":[],"csco_post_video_location_hash":"","csco_post_video_url":"","csco_post_video_bg_start_time":0,"csco_post_video_bg_end_time":0,"footnotes":""},"categories":[4636],"tags":[9640,10163,3401,13381,402],"class_list":{"0":"post-194222","1":"post","2":"type-post","3":"status-publish","4":"format-standard","5":"has-post-thumbnail","7":"category-przetargi","8":"tag-marketing","9":"tag-mccann","10":"tag-przetargi","11":"tag-reckitt-benckiser","12":"tag-weber-shandwick","13":"cs-entry","14":"cs-video-wrap"},"_links":{"self":[{"href":"https:\/\/mediarun.com\/pl\/wp-json\/wp\/v2\/posts\/194222","targetHints":{"allow":["GET"]}}],"collection":[{"href":"https:\/\/mediarun.com\/pl\/wp-json\/wp\/v2\/posts"}],"about":[{"href":"https:\/\/mediarun.com\/pl\/wp-json\/wp\/v2\/types\/post"}],"author":[{"embeddable":true,"href":"https:\/\/mediarun.com\/pl\/wp-json\/wp\/v2\/users\/57"}],"replies":[{"embeddable":true,"href":"https:\/\/mediarun.com\/pl\/wp-json\/wp\/v2\/comments?post=194222"}],"version-history":[{"count":0,"href":"https:\/\/mediarun.com\/pl\/wp-json\/wp\/v2\/posts\/194222\/revisions"}],"wp:featuredmedia":[{"embeddable":true,"href":"https:\/\/mediarun.com\/pl\/wp-json\/wp\/v2\/media\/194223"}],"wp:attachment":[{"href":"https:\/\/mediarun.com\/pl\/wp-json\/wp\/v2\/media?parent=194222"}],"wp:term":[{"taxonomy":"category","embeddable":true,"href":"https:\/\/mediarun.com\/pl\/wp-json\/wp\/v2\/categories?post=194222"},{"taxonomy":"post_tag","embeddable":true,"href":"https:\/\/mediarun.com\/pl\/wp-json\/wp\/v2\/tags?post=194222"}],"curies":[{"name":"wp","href":"https:\/\/api.w.org\/{rel}","templated":true}]}}