{"id":193403,"date":"2020-10-23T12:18:43","date_gmt":"2020-10-23T10:18:43","guid":{"rendered":"https:\/\/mediarun.com\/pl\/?p=193403"},"modified":"2021-01-03T16:29:52","modified_gmt":"2021-01-03T15:29:52","slug":"agencja-mediowa-pkn-orlen-i-pzu-ma-nowego-prezesa","status":"publish","type":"post","link":"https:\/\/mediarun.com\/pl\/ludzie\/kariera\/agencja-mediowa-pkn-orlen-i-pzu-ma-nowego-prezesa.html","title":{"rendered":"Agencja mediowa PKN ORLEN i PZU ma nowego prezesa"},"content":{"rendered":"<p><strong>Marcin Dec zosta\u0142 nowym prezesem Sigmy Bis, agencji mediowej PKN ORLEN i PZU. To ceniony menad\u017cer z ponad 20-letnim mi\u0119dzynarodowym do\u015bwiadczeniem w bran\u017cy mediowo-reklamowej, kt\u00f3ry b\u0119dzie odpowiedzialny za budowanie i rozw\u00f3j relacji biznesowych z klientami, wsp\u00f3\u0142tworzenie strategii oraz nadzorowanie najwa\u017cniejszych projekt\u00f3w agencji<\/strong>.<\/p>\n<p>W zarz\u0105dzie Sigmy Bis pozostaje Tomasz Michalski, jej dotychczasowy prezes oraz Artur Muszkiet, cz\u0142onek zarz\u0105du.<\/p>\n<blockquote><p>&#8211; Konsekwentne dzia\u0142ania i intensywna praca przynosz\u0105 zak\u0142adane efekty. Sigma Bis dynamicznie si\u0119 rozwija, pozyskuj\u0105c kolejnych klient\u00f3w, st\u0105d naturalna decyzja o wzmocnieniu jej zarz\u0105du. Menad\u017cerowie z wieloletnim do\u015bwiadczeniem medialnym, reklamowym, marketingowym i zarz\u0105dczym, a tak\u017ce doskona\u0142\u0105 znajomo\u015bci\u0105 rynku dom\u00f3w mediowych to gwarancja jeszcze efektywniejszej realizacji cel\u00f3w biznesowych z korzy\u015bci\u0105 dla klient\u00f3w i akcjonariuszy agencji \u2013 <strong>m\u00f3wi Adam Burak, Cz\u0142onek Zarz\u0105du PKN ORLEN ds. Komunikacji i Marketingu, nadzoruj\u0105cy projekt Sigma Bis.<\/strong><\/p><\/blockquote>\n<blockquote><p>&#8211; Liczymy na to, \u017ce Sigma Bis stanie si\u0119 liderem rynku implementuj\u0105cym najnowocze\u015bniejsze\u00a0 rozwi\u0105zania.\u00a0 Potencja\u0142 Sigmy Bis i jej mo\u017cliwo\u015bci operacyjne mog\u0105 by\u0107 tego zwiastunem. Z naszej perspektywy r\u00f3wnie wa\u017cne jak dzia\u0142anie tego domu mediowego jest pokazanie, \u017ce najwi\u0119ksze\u00a0 Sp\u00f3\u0142ki Skarbu Pa\u0144stwa potrafi\u0105 wsp\u00f3\u0142dzia\u0142a\u0107 i tworzy\u0107 razem projekty, kt\u00f3re odnosz\u0105 sukcesy\u00a0 &#8211; <strong>m\u00f3wi Marcin Eckert, Cz\u0142onek Zarz\u0105du PZU.<\/strong><\/p><\/blockquote>\n<p>Marcin Dec jest zwi\u0105zany z bran\u017c\u0105 mediowo-reklamow\u0105 od ponad 20 lat. Do\u015bwiadczenie zdobywa\u0142 r\u00f3wnie\u017c w krajach Europy \u015arodkowo-Wschodniej, w Wielkiej Brytanii i USA. Kierowa\u0142 grup\u0105 IPG Mediabrands Poland, w kt\u00f3rej zarz\u0105dza\u0142 m.in. domami mediowymi \u2013 Initiative Media i UM McCann. Obs\u0142ugiwa\u0142y one klient\u00f3w z wielu bran\u017c, m.in. motoryzacyjnej (BMW, Peugeot), finansowej (Millennium Bank, SKOK), ubezpieczeniowej (PZU, Link4), handlu detalicznego (Tesco), e-commerce (Allegro), telekomunikacyjnej (Orange), OTC (Merc, Walmark) i FMCG (Nestle, Tchibo, Carlsberg).<\/p>\n<blockquote><p>&#8211; Ciesz\u0119 si\u0119, \u017ce do\u0142\u0105czam do zarz\u0105du Sigmy Bis. Jest to bardzo ambitny projekt o du\u017cym potencjale i s\u0105dz\u0119, \u017ce moje do\u015bwiadczenie w bran\u017cy przyczyni si\u0119 do budowania pozycji sp\u00f3\u0142ki i skutecznego konkurowania na rynku \u2013<strong> m\u00f3wi Marcin Dec, Prezes Zarz\u0105du Sigma Bis.<\/strong><\/p><\/blockquote>\n<p>W\u0142asna agencja mediowa jest odpowiedzi\u0105 PKN ORLEN i PZU na globalny trend budowania kompetencji marketingowych wewn\u0105trz firmy, a tym samym realizacj\u0119 skutecznej komunikacji i zwi\u0119kszenie efektywno\u015bci wydatk\u00f3w reklamowych. Do zada\u0144 Sigmy Bis nale\u017c\u0105 m.in. planowanie strategii mediowych, zakup czasu i przestrzeni reklamowej w Polsce i za granic\u0105 oraz analiza skuteczno\u015bci dzia\u0142a\u0144 promocyjnych.<\/p>\n<p>Agencja zrealizowa\u0142a ju\u017c kilkaset projekt\u00f3w dla swoich akcjonariuszy. To m.in. \u201eTanie Tankowanie\u201d, \u201e#WspieramyPolsk\u0119\u201d i \u201e100. rocznica Bitwy Warszawskiej. Droga do zwyci\u0119stwa&#8221; dla Grupy ORLEN oraz \u201eMaraton Warszawski\u201d, \u201eSolidarni z Bia\u0142orusi\u0105\u201d i \u201eAutopomoc Prawna\u201d dla Grupy PZU. Sigma Bis dzia\u0142a na zasadach komercyjnych, co oznacza wsp\u00f3\u0142prac\u0119 tak\u017ce z klientami z rynku. Jednym ze zrealizowanych z powodzeniem projekt\u00f3w by\u0142a kampania informacyjno-edukacyjna \u201eHistorie polskiego z\u0142ota\u201d dla Narodowego Banku Polskiego. Agencja konsekwentnie buduje zesp\u00f3\u0142 profesjonalist\u00f3w, kt\u00f3rzy b\u0119d\u0105 podejmowa\u0107 wsp\u00f3\u0142prac\u0119 z kolejnymi klientami.<\/p>\n<h4><strong>Marcin Dec, Prezes Zarz\u0105du Sigma Bis<\/strong><\/h4>\n<p>Marcin Dec to ceniony mened\u017cer zwi\u0105zany z bran\u017c\u0105 mediowo-reklamow\u0105 od ponad 20 lat. Do\u015bwiadczenie zawodowe zdobywa\u0142 w Polsce oraz krajach Europy \u015arodkowo-Wschodniej, w Wielkiej Brytanii i USA. W ostatnich latach pe\u0142ni\u0142 funkcj\u0119 CEO w Grupie IPG Mediabrands w Polsce, kt\u00f3ra obejmuje domy mediowe Initiative, Universal McCann, BPN i U2 Media i Reprise Media. W tym czasie pozyska\u0142 wielu nowych klient\u00f3w i zwi\u0119kszy\u0142 przychody Grupy o ponad 300%. IPG Mediabrands w 2017 roku zosta\u0142a najwy\u017cej sklasyfikowan\u0105 grup\u0105 pod wzgl\u0119dem jako\u015bci obs\u0142ugi i satysfakcji klient\u00f3w w bran\u017cowym raporcie rocznym wydawanym przez Media &amp; Marketing Polska.<\/p>\n<p>Marcin Dec uko\u0144czy\u0142 kierunek Mi\u0119dzynarodowe Sprawy Polityczne i Ekonomiczne w Szkole G\u0142\u00f3wnej Handlowej oraz studia doktoranckie w SGH z zakresu marketingu mi\u0119dzynarodowego. Jest prelegentem na seminariach i konferencjach bran\u017cowych, a tak\u017ce cz\u0142onkiem jury wielu presti\u017cowych konkurs\u00f3w, m.in. Effie oraz Dyrektora Marketingu Roku.<\/p>\n","protected":false},"excerpt":{"rendered":"Marcin Dec zosta\u0142 prezesem agencji mediowej Sigma Bis nale\u017c\u0105cej do PKN Orlen i PZU.","protected":false},"author":57,"featured_media":193404,"comment_status":"closed","ping_status":"closed","sticky":false,"template":"","format":"standard","meta":{"csco_display_header_overlay":false,"csco_singular_sidebar":"","csco_page_header_type":"","csco_page_load_nextpost":"","csco_post_video_location":[],"csco_post_video_location_hash":"","csco_post_video_url":"","csco_post_video_bg_start_time":0,"csco_post_video_bg_end_time":0,"footnotes":""},"categories":[9678,5909],"tags":[13251,5097,12511,4679,12512,318,324,13268],"class_list":{"0":"post-193403","1":"post","2":"type-post","3":"status-publish","4":"format-standard","5":"has-post-thumbnail","7":"category-awanse","8":"category-kariera","9":"tag-awanse","10":"tag-dom-mediowy","11":"tag-ipg","12":"tag-ludzie","13":"tag-marcin-dec","14":"tag-pkn-orlen","15":"tag-pzu","16":"tag-sigma-bis","17":"cs-entry","18":"cs-video-wrap"},"_links":{"self":[{"href":"https:\/\/mediarun.com\/pl\/wp-json\/wp\/v2\/posts\/193403","targetHints":{"allow":["GET"]}}],"collection":[{"href":"https:\/\/mediarun.com\/pl\/wp-json\/wp\/v2\/posts"}],"about":[{"href":"https:\/\/mediarun.com\/pl\/wp-json\/wp\/v2\/types\/post"}],"author":[{"embeddable":true,"href":"https:\/\/mediarun.com\/pl\/wp-json\/wp\/v2\/users\/57"}],"replies":[{"embeddable":true,"href":"https:\/\/mediarun.com\/pl\/wp-json\/wp\/v2\/comments?post=193403"}],"version-history":[{"count":0,"href":"https:\/\/mediarun.com\/pl\/wp-json\/wp\/v2\/posts\/193403\/revisions"}],"wp:featuredmedia":[{"embeddable":true,"href":"https:\/\/mediarun.com\/pl\/wp-json\/wp\/v2\/media\/193404"}],"wp:attachment":[{"href":"https:\/\/mediarun.com\/pl\/wp-json\/wp\/v2\/media?parent=193403"}],"wp:term":[{"taxonomy":"category","embeddable":true,"href":"https:\/\/mediarun.com\/pl\/wp-json\/wp\/v2\/categories?post=193403"},{"taxonomy":"post_tag","embeddable":true,"href":"https:\/\/mediarun.com\/pl\/wp-json\/wp\/v2\/tags?post=193403"}],"curies":[{"name":"wp","href":"https:\/\/api.w.org\/{rel}","templated":true}]}}