{"id":192463,"date":"2020-08-27T15:29:45","date_gmt":"2020-08-27T13:29:45","guid":{"rendered":"https:\/\/mediarun.com\/pl\/?p=192463"},"modified":"2020-08-27T15:29:45","modified_gmt":"2020-08-27T13:29:45","slug":"facebook-startuje-z-podcastem-po-polsku","status":"publish","type":"post","link":"https:\/\/mediarun.com\/pl\/trendy\/badania\/facebook-startuje-z-podcastem-po-polsku.html","title":{"rendered":"Facebook startuje z podcastem po polsku!"},"content":{"rendered":"<p><span lang=\"PL\">Seria zatytu\u0142owana \u201eRozmowy Facebooka&#8221; b\u0119dzie po\u015bwi\u0119cona trendom spo\u0142ecznym i biznesowym oraz technologii.<\/span><\/p>\n<blockquote><p><span lang=\"PL\">\u2013<i> Facebook istnieje aby zbli\u017ca\u0107 ludzi i wspiera\u0107 ich w budowaniu spo\u0142eczno\u015bci. To oczywiste, \u017ce realizacja tego celu nie jest mo\u017cliwa bez rozm\u00f3w, dlatego s\u0105 one dla nas tak wa\u017cne. Rozmowy pomagaj\u0105 nam te\u017c lepiej rozumie\u0107 \u015bwiat. Zmiany, szczeg\u00f3lnie w \u015bwiecie reklamy i technologii, zachodz\u0105 szybko i kontakt z innymi lud\u017ami jest niezb\u0119dny aby za nimi nad\u0105\u017cy\u0107. Wierz\u0119, \u017ce nasz podcast b\u0119dzie ciekawym \u017ar\u00f3d\u0142em wiedzy i inspiracji <\/i>\u2013<strong> m\u00f3wi Agnieszka Kosik, Head of Poland at Facebook.\u00a0\u00a0<\/strong><\/span><\/p><\/blockquote>\n<p class=\"v1MsoNormal\"><span lang=\"PL\">Podcast zosta\u0142 podzielony na trzy cykle tematyczne. <\/span><\/p>\n<h4><strong>TRENDY<\/strong><\/h4>\n<p class=\"v1MsoNormal\"><span lang=\"PL\">W serii <b>\u201eTrendy&#8221;<\/b> dyskusje z badaczami i ekspertami b\u0119d\u0105 dotyczy\u0107 szerokiej perspektywy nowych zjawisk spo\u0142ecznych i technologicznych, kt\u00f3re wp\u0142ywaj\u0105 na biznes.<\/span><\/p>\n<h4><strong>MARKI<\/strong><\/h4>\n<p class=\"v1MsoNormal\"><span lang=\"PL\">W <b>\u201eMarkach&#8221; <\/b>autorzy podcastu i ich go\u015bcie b\u0119d\u0105 rozmawia\u0107 o tym jak firmy opowiadaj\u0105 swoje historie \u2013 przeanalizuj\u0105 najciekawsze kampanie i zastanowi\u0105 si\u0119 jak zmienia si\u0119 podej\u015bcie do marketingu.\u00a0<\/span><\/p>\n<h4><strong>NARZ\u0118DZIA<\/strong><\/h4>\n<p class=\"v1MsoNormal\"><span lang=\"PL\">Cykl <b>\u201eNarz\u0119dzia&#8221;<\/b> skupi si\u0119 na technologiach Facebooka. Pracownicy firmy opowiedz\u0105 o najnowszych dost\u0119pnych rozwi\u0105zaniach, kierunkach w jakich id\u0105 media spo\u0142eczno\u015bciowe, o tym jak kreatywnie wykorzystywa\u0107 platformy technologiczne oraz jakich zasad nale\u017cy przestrzega\u0107, aby korzysta\u0107 z nich w bezpieczny spos\u00f3b.\u00a0<\/span><\/p>\n<p>&nbsp;<\/p>\n<p class=\"v1MsoNormal\"><span lang=\"PL\">Premierowo zaprezentowane zosta\u0142y cztery odcinki \u2013 odcinek wprowadzaj\u0105cy z udzia\u0142em Agnieszki Kosik oraz pierwsze odcinki ka\u017cdego z trzech cykli. Kolejne b\u0119d\u0105 publikowane naprzemiennie w tygodniowych odst\u0119pach.\u00a0<\/span><\/p>\n<p class=\"v1MsoNormal\"><span lang=\"PL\">Podcast poprowadz\u0105 Karol Stryja, jeden z czo\u0142owych promotor\u00f3w podcast\u00f3w i rewolucji g\u0142osowej w Polsce, oraz Edyta Kowal, ekspertka w zakresie marketingu i doradztwa strategicznego dla firm.\u00a0<\/span><\/p>\n<p class=\"v1MsoNormal\"><img fetchpriority=\"high\" decoding=\"async\" class=\"alignnone wp-image-192464 size-large\" src=\"https:\/\/mediarun.com\/wp-content\/uploads\/2020\/08\/Edyta-Kowal-i-Karol-Stryja-1050x700.jpg\" alt=\"\" width=\"1050\" height=\"700\" title=\"\" srcset=\"https:\/\/mediarun.com\/pl\/wp-content\/uploads\/2020\/08\/Edyta-Kowal-i-Karol-Stryja-1050x700.jpg 1050w, https:\/\/mediarun.com\/pl\/wp-content\/uploads\/2020\/08\/Edyta-Kowal-i-Karol-Stryja-600x400.jpg 600w, https:\/\/mediarun.com\/pl\/wp-content\/uploads\/2020\/08\/Edyta-Kowal-i-Karol-Stryja-300x200.jpg 300w, https:\/\/mediarun.com\/pl\/wp-content\/uploads\/2020\/08\/Edyta-Kowal-i-Karol-Stryja-1536x1024.jpg 1536w, https:\/\/mediarun.com\/pl\/wp-content\/uploads\/2020\/08\/Edyta-Kowal-i-Karol-Stryja-360x240.jpg 360w, https:\/\/mediarun.com\/pl\/wp-content\/uploads\/2020\/08\/Edyta-Kowal-i-Karol-Stryja.jpg 1920w\" sizes=\"(max-width: 1050px) 100vw, 1050px\" \/><\/p>\n<p><em>na zdj\u0119ciu: Edyta Kowal i Karol Stryja<\/em><\/p>\n<p>&nbsp;<\/p>\n<p><span lang=\"PL\">Go\u015b\u0107mi podcastu poza ekspertami Facebooka b\u0119d\u0105 r\u00f3wnie\u017c czo\u0142owi polscy decydenci biznesowi, naukowcy oraz liderzy opinii. W premierowych odcinkach udzia\u0142 wzi\u0119li m.in. polska badaczka sztucznej inteligencji Aleksandra Przegali\u0144ska, dyrektor generalny UN Global Compact w Polsce Kamil Wyszkowski oraz szef marketingu OLX.pl Marcin Sienkowski.<\/span><\/p>\n<p class=\"v1MsoNormal\"><span lang=\"PL\">\u00a0<\/span><span lang=\"PL\">\u201eRozmowy Facebooka&#8221; s\u0105 dost\u0119pne na stronie <\/span><a href=\"https:\/\/www.facebook.com\/business\/m\/rozmowyfacebooka\" target=\"_blank\" rel=\"noopener noreferrer\"><span lang=\"PL\">facebook.com\/business\/m\/rozmowyfacebooka<\/span><\/a> <span lang=\"PL\">oraz wszystkich g\u0142\u00f3wnych platformach z podcastami, w tym <\/span><a href=\"https:\/\/open.spotify.com\/show\/35AhLwN3Sg1eaxn233Z7wD?si=zl5037sfQUiJXkdt8bi9Xg\" target=\"_blank\" rel=\"noopener noreferrer\"><span lang=\"PL\">Spotify<\/span><\/a><span lang=\"PL\">, <\/span><a href=\"https:\/\/podcasts.apple.com\/pl\/podcast\/rozmowy-facebooka\/id1528900065\" target=\"_blank\" rel=\"noopener noreferrer\"><span lang=\"PL\">Apple Podcasts<\/span><\/a><span lang=\"PL\"> i innych.<\/span><\/p>\n","protected":false},"excerpt":{"rendered":"Seria zatytu\u0142owana \u201eRozmowy Facebooka&#8221; b\u0119dzie po\u015bwi\u0119cona trendom spo\u0142ecznym i biznesowym oraz technologii.","protected":false},"author":57,"featured_media":192465,"comment_status":"open","ping_status":"closed","sticky":false,"template":"","format":"standard","meta":{"csco_display_header_overlay":false,"csco_singular_sidebar":"","csco_page_header_type":"","csco_page_load_nextpost":"","csco_post_video_location":[],"csco_post_video_location_hash":"","csco_post_video_url":"","csco_post_video_bg_start_time":0,"csco_post_video_bg_end_time":0,"footnotes":""},"categories":[9662],"tags":[12367,128,13217,6739,13219,316,13218],"class_list":{"0":"post-192463","1":"post","2":"type-post","3":"status-publish","4":"format-standard","5":"has-post-thumbnail","7":"category-badania","8":"tag-edyta-kowal","9":"tag-facebook","10":"tag-karol-stryja","11":"tag-olx","12":"tag-podcast","13":"tag-social-media-2","14":"tag-un-global-compact","15":"cs-entry","16":"cs-video-wrap"},"_links":{"self":[{"href":"https:\/\/mediarun.com\/pl\/wp-json\/wp\/v2\/posts\/192463","targetHints":{"allow":["GET"]}}],"collection":[{"href":"https:\/\/mediarun.com\/pl\/wp-json\/wp\/v2\/posts"}],"about":[{"href":"https:\/\/mediarun.com\/pl\/wp-json\/wp\/v2\/types\/post"}],"author":[{"embeddable":true,"href":"https:\/\/mediarun.com\/pl\/wp-json\/wp\/v2\/users\/57"}],"replies":[{"embeddable":true,"href":"https:\/\/mediarun.com\/pl\/wp-json\/wp\/v2\/comments?post=192463"}],"version-history":[{"count":0,"href":"https:\/\/mediarun.com\/pl\/wp-json\/wp\/v2\/posts\/192463\/revisions"}],"wp:featuredmedia":[{"embeddable":true,"href":"https:\/\/mediarun.com\/pl\/wp-json\/wp\/v2\/media\/192465"}],"wp:attachment":[{"href":"https:\/\/mediarun.com\/pl\/wp-json\/wp\/v2\/media?parent=192463"}],"wp:term":[{"taxonomy":"category","embeddable":true,"href":"https:\/\/mediarun.com\/pl\/wp-json\/wp\/v2\/categories?post=192463"},{"taxonomy":"post_tag","embeddable":true,"href":"https:\/\/mediarun.com\/pl\/wp-json\/wp\/v2\/tags?post=192463"}],"curies":[{"name":"wp","href":"https:\/\/api.w.org\/{rel}","templated":true}]}}