{"id":1923,"date":"2013-04-09T16:23:57","date_gmt":"2013-04-09T14:23:57","guid":{"rendered":"https:\/\/mediarun.com\/index.php\/news-posts\/w-polowie-kwietnia-startuje-tvp-rozrywka-w-dalszej-kolejnosci-tvp-dokument-i-kanal-dla-dzieci\/"},"modified":"2013-04-09T16:23:57","modified_gmt":"2013-04-09T14:23:57","slug":"w-polowie-kwietnia-startuje-tvp-rozrywka-w-dalszej-kolejnosci-tvp-dokument-i-kanal-dla-dzieci","status":"publish","type":"post","link":"https:\/\/mediarun.com\/pl\/media\/tv\/w-polowie-kwietnia-startuje-tvp-rozrywka-w-dalszej-kolejnosci-tvp-dokument-i-kanal-dla-dzieci.html","title":{"rendered":"W po\u0142owie kwietnia startuje TVP Rozrywka, w dalszej kolejno\u015bci TVP Dokument i kana\u0142 dla dzieci"},"content":{"rendered":"<p>kabaretowe, festiwale i widowiska telewizyjne oraz koncerty i filmy komediowe.  Trwaj\u0105 r&oacute;wnie\u017c przygotowania do uruchomienia TVP Dokument, natomiast na nowy kana\u0142 dla dzieci i m\u0142odzie\u017cy z\u0142o\u017cony zosta\u0142 wniosek o koncesj\u0119. Kana\u0142 ma si\u0119 opiera\u0107 g\u0142&oacute;wnie na programach archiwalnych, polskich i zagranicznych. Na produkcj\u0119 w\u0142asnych na razie nie b\u0119dzie pieni\u0119dzy.<\/p>\n<p>TVP Rozrywka wystartuje 15 kwietnia br. Kana\u0142 b\u0119dzie obecny na multipleksie naziemnym oraz w niekt&oacute;rych sieciach kablowych. Wed\u0142ug szacunk&oacute;w, w pierwszych dniach nadawania program dotrze do co najmniej 500 tys. odbiorc&oacute;w. Oferta budowana b\u0119dzie wok&oacute;\u0142 program&oacute;w o charakterze rozrywkowym.<\/p>\n<p>Na TVP Rozrywka plany nadawcy dotycz\u0105ce nowych kana\u0142&oacute;w tematycznych si\u0119 nie ko\u0144cz\u0105.<\/p>\n<p>&#8211; Przygotowujemy si\u0119 do uruchomienia kana\u0142u TVP Dokument, kt&oacute;ry wystartuje w nieco p&oacute;\u017aniejszym terminie &#8211; zapowiada w rozmowie z Agencj\u0105 Informacyjn\u0105 Newseria Juliusz Braun, prezes TVP S.A.<\/p>\n<p>Sp&oacute;\u0142ka stara si\u0119 r&oacute;wnie\u017c o miejsce na pierwszym multipleksie dla nowego, du\u017cego kana\u0142u dla dzieci i m\u0142odzie\u017cy.<\/p>\n<p>&#8211; Je\u015bli wszystko p&oacute;jdzie tak jak si\u0119 spodziewamy, a nie widz\u0119 powod&oacute;w, \u017ceby sta\u0142o si\u0119 inaczej, i otrzymamy koncesje, to w po\u0142owie 2014 roku ten kana\u0142 wystartuje na multipleksie naziemnym, czyli b\u0119dzie dost\u0119pny dla wszystkich Polak&oacute;w &#8211; zapowiada Juliusz Braun.<\/p>\n<p>Wyja\u015bnia, \u017ce wed\u0142ug pierwotnych za\u0142o\u017ce\u0144 stacji, program mia\u0142 by\u0107 adresowany do dzieci, kt&oacute;re nie uko\u0144czy\u0142y 12 roku \u017cycia. Jednak zgodnie z oczekiwaniami Krajowej Rady Radiofonii i Telewizji formu\u0142a zosta\u0142a dopasowana do granicy wiekowej 14 lat.<\/p>\n<p>&#8211; Wi\u0119c b\u0119dzie to kana\u0142 nie tylko dla najm\u0142odszych dzieci, ale przede wszystkim dla starszych przedszkolak&oacute;w i w wieku szko\u0142y podstawowej &#8211; m&oacute;wi Braun.<\/p>\n<p>Oferta programowa oparta b\u0119dzie zar&oacute;wno o produkcje polskie, jak i zagraniczne.<\/p>\n<p>&#8211; B\u0119dziemy du\u017co korzysta\u0107 z archiw&oacute;w, kt&oacute;re s\u0105 bardzo bogate, bo to nie tylko bajki, to tak\u017ce spektakle teatralne, programy popularno-naukowe adresowane do dzieci &#8211; t\u0142umaczy prezes TVP.<\/p>\n<p>Publiczny nadawca zapewnia, \u017ce cz\u0119\u015b\u0107 program&oacute;w chce produkowa\u0107 we w\u0142asnym zakresie, ale na to potrzeba pieni\u0119dzy. Tych Telewizji Polskiej wci\u0105\u017c brakuje. Tym bardziej, \u017ce &#8211; jak podkre\u015bla Braun &#8211; koszty produkcji animacji s\u0105 ogromne. Wyprodukowanie kilkunastominutowego odcinka animowanego filmu kosztuje mniej wi\u0119cej tyle samo, co produkcja 40-minutowego serialu aktorskiego.<\/p>\n<p>Szef TVP m&oacute;wi, \u017ce na w\u0142asn\u0105 produkcj\u0119 animacji na kanale dzieci\u0119cym nie da si\u0119 zarobi\u0107.<\/p>\n<p>&#8211; Odwo\u0142ujemy si\u0119 do tego, \u017ce to powinno by\u0107 finansowane ze \u015brodk&oacute;w publicznych, czyli z abonamentu &#8211; m&oacute;wi Braun. &#8211; Je\u015bli tych \u015brodk&oacute;w nie b\u0119dzie, to i nowej produkcji b\u0119dzie bardzo ma\u0142o.<\/p>\n","protected":false},"excerpt":{"rendered":"TVP Rozrywka gotowa do startu. Za tydzie\u0144 na multipleksie naziemnym b\u0119dzie mo\u017cna odbiera\u0107 nowy kana\u0142 tematyczny telewizji publicznej, kt&oacute;ry b\u0119dzie emitowa\u0142 programy satyryczne&#8230;","protected":false},"author":1,"featured_media":1924,"comment_status":"open","ping_status":"closed","sticky":false,"template":"","format":"standard","meta":{"csco_display_header_overlay":false,"csco_singular_sidebar":"","csco_page_header_type":"","csco_page_load_nextpost":"","csco_post_video_location":[],"csco_post_video_location_hash":"","csco_post_video_url":"","csco_post_video_bg_start_time":0,"csco_post_video_bg_end_time":0,"footnotes":""},"categories":[9670],"tags":[392],"class_list":{"0":"post-1923","1":"post","2":"type-post","3":"status-publish","4":"format-standard","5":"has-post-thumbnail","7":"category-tv","8":"tag-tvp","9":"cs-entry","10":"cs-video-wrap"},"_links":{"self":[{"href":"https:\/\/mediarun.com\/pl\/wp-json\/wp\/v2\/posts\/1923","targetHints":{"allow":["GET"]}}],"collection":[{"href":"https:\/\/mediarun.com\/pl\/wp-json\/wp\/v2\/posts"}],"about":[{"href":"https:\/\/mediarun.com\/pl\/wp-json\/wp\/v2\/types\/post"}],"author":[{"embeddable":true,"href":"https:\/\/mediarun.com\/pl\/wp-json\/wp\/v2\/users\/1"}],"replies":[{"embeddable":true,"href":"https:\/\/mediarun.com\/pl\/wp-json\/wp\/v2\/comments?post=1923"}],"version-history":[{"count":0,"href":"https:\/\/mediarun.com\/pl\/wp-json\/wp\/v2\/posts\/1923\/revisions"}],"wp:featuredmedia":[{"embeddable":true,"href":"https:\/\/mediarun.com\/pl\/wp-json\/wp\/v2\/media\/1924"}],"wp:attachment":[{"href":"https:\/\/mediarun.com\/pl\/wp-json\/wp\/v2\/media?parent=1923"}],"wp:term":[{"taxonomy":"category","embeddable":true,"href":"https:\/\/mediarun.com\/pl\/wp-json\/wp\/v2\/categories?post=1923"},{"taxonomy":"post_tag","embeddable":true,"href":"https:\/\/mediarun.com\/pl\/wp-json\/wp\/v2\/tags?post=1923"}],"curies":[{"name":"wp","href":"https:\/\/api.w.org\/{rel}","templated":true}]}}