{"id":191430,"date":"2020-06-21T11:09:08","date_gmt":"2020-06-21T09:09:08","guid":{"rendered":"https:\/\/mediarun.com\/pl\/?p=191430"},"modified":"2020-06-21T11:09:08","modified_gmt":"2020-06-21T09:09:08","slug":"wlasciciel-marki-moya-przejmie-siec-stacji-paliw","status":"publish","type":"post","link":"https:\/\/mediarun.com\/pl\/marketing\/przetargi\/wlasciciel-marki-moya-przejmie-siec-stacji-paliw.html","title":{"rendered":"W\u0142a\u015bciciel marki MOYA przejmie sie\u0107 stacji paliw"},"content":{"rendered":"<p>Anwim S.A., w\u0142a\u015bciciel marki MOYA, podpisa\u0142 umow\u0119 przedwst\u0119pn\u0105 na akwizycj\u0119 sieci bezobs\u0142ugowych stacji paliw eMILA. Transakcja zostanie sfinalizowana po wydaniu zgody przez Urz\u0105d Ochrony Konkurencji i Konsumenta. Na przysz\u0142y rok zaplanowany jest rebranding zakupionych stacji.<\/p>\n<p>eMILA jest to sie\u0107 bezobs\u0142ugowych stacji paliw zlokalizowanych w wi\u0119kszych miastach w ca\u0142ej Polsce. Stacje oferuj\u0105 w pe\u0142ni zautomatyzowany format tankowania przeznaczony dla klient\u00f3w indywidualnych. Dzi\u0119ki pe\u0142nej automatyce i systemowi p\u0142atno\u015bci przy dystrybutorze, czas tankowania skr\u00f3cony jest do minimum, a brak obs\u0142ugi pozwala zaoferowa\u0107 odbiorcy atrakcyjne ceny. Stacje eMILA oferuj\u0105 dwa rodzaje paliwa \u2013 benzyn\u0119 95 oraz olej nap\u0119dowy.<\/p>\n<blockquote><p>&#8211; Przej\u0119cie sieci bezobs\u0142ugowych stacji paliw eMILA jest istotnym krokiem zbli\u017caj\u0105cym nas do realizacji strategii i rozbudowy sieci MOYA do 350 plac\u00f3wek do ko\u0144ca 2023 r. Obiekty eMILA prezentuj\u0105 oryginalny format stacji samoobs\u0142ugowych, skierowanych do odbiorcy indywidualnego. Chcemy rozwija\u0107 i ulepsza\u0107 ten koncept\u00a0<span style=\"color: #333333;\">\u2013 zapewnia Rafa\u0142 Pietrasina, prezes zarz\u0105du Anwim S.A.<\/span><\/p><\/blockquote>\n<p>Anwim S.A. planuje aktywnie rozwin\u0105\u0107 i uatrakcyjni\u0107 format przejmowanych stacji eMILA w tym r\u00f3wnie\u017c poprzez znacz\u0105ce rozszerzenie oferty dla klient\u00f3w w wybranych lokalizacjach. Obecnie trwa szczeg\u00f3\u0142owa analiza mo\u017cliwo\u015bci w tym zakresie.<\/p>\n<blockquote><p>&#8211; Idea stacji samoobs\u0142ugowych doskonale wpisuje si\u0119 w tzw. \u201enow\u0105 normalno\u015b\u0107\u201d, kt\u00f3ra nasta\u0142a w konsekwencji panuj\u0105cej wci\u0105\u017c pandemii koronawirusa. Niekt\u00f3rzy klienci chc\u0105 mie\u0107 obecnie mo\u017cliwo\u015b\u0107 szybkiego zatankowania i p\u0142atno\u015bci przy samym dystrybutorze bez konieczno\u015bci wchodzenia do sklepu. Przej\u0119cie sieci eMILA to odpowied\u017a na potrzeby tego segmentu klient\u00f3w. Inni z kolei maj\u0105 potrzeb\u0119 zrobienia przy okazji dodatkowych zakup\u00f3w, odpoczynku w podr\u00f3\u017cy czy napicia si\u0119 gor\u0105cej kawy. Trzecim segmentem s\u0105 klienci flotowi. Po w\u0142\u0105czeniu stacji eMILA do sieci MOYA b\u0119dziemy jedyn\u0105 sieci\u0105 w kraju \u0142\u0105cz\u0105c\u0105 w ramach jednej marki trzy formaty stacji \u2013 tradycyjne stacje obs\u0142ugowe, stacje automatyczne dla klient\u00f3w indywidualnych i automatyczne stacje flotowe, co pozwoli nam kompleksowo obs\u0142u\u017cy\u0107 wszystkie ww. segmenty klient\u00f3w\u00a0<span style=\"color: #333333;\">\u2013 m\u00f3wi Pawe\u0142 Grzywaczewski, cz\u0142onek zarz\u0105du Anwim S.A. odpowiedzialny za rozw\u00f3j sieci MOYA.<\/span><\/p><\/blockquote>\n<p>Sie\u0107 eMILA powsta\u0142a w marcu 2014 roku, gdy sp\u00f3\u0142ka BM Reflex naby\u0142a od firmy Shell Self Service 27 samoobs\u0142ugowych stacji paliw funkcjonuj\u0105cych wcze\u015bniej pod nazw\u0105 NESTE. Podpisanie przez Anwim S.A., operatora sieci stacji paliw MOYA, umowy przedwst\u0119pnej jest pierwszym etapem procesu przej\u0119cia stacji eMILA.<\/p>\n","protected":false},"excerpt":{"rendered":"W\u0142a\u015bciciel marki MOYA, podpisa\u0142 umow\u0119 przedwst\u0119pn\u0105 na akwizycj\u0119 sieci bezobs\u0142ugowych stacji paliw.","protected":false},"author":60,"featured_media":191431,"comment_status":"open","ping_status":"closed","sticky":false,"template":"","format":"standard","meta":{"csco_display_header_overlay":false,"csco_singular_sidebar":"","csco_page_header_type":"","csco_page_load_nextpost":"","csco_post_video_location":[],"csco_post_video_location_hash":"","csco_post_video_url":"","csco_post_video_bg_start_time":0,"csco_post_video_bg_end_time":0,"footnotes":""},"categories":[8246,4636],"tags":[13142,3726,3517,13141,7325,13140,3401,13139],"class_list":{"0":"post-191430","1":"post","2":"type-post","3":"status-publish","4":"format-standard","5":"has-post-thumbnail","7":"category-inwestycje","8":"category-przetargi","9":"tag-anwim-s-a","10":"tag-biznes-2","11":"tag-inwestycje","12":"tag-moya","13":"tag-paliwo","14":"tag-pawel-grzywaczewski","15":"tag-przetargi","16":"tag-rafal-pietrasina","17":"cs-entry","18":"cs-video-wrap"},"_links":{"self":[{"href":"https:\/\/mediarun.com\/pl\/wp-json\/wp\/v2\/posts\/191430","targetHints":{"allow":["GET"]}}],"collection":[{"href":"https:\/\/mediarun.com\/pl\/wp-json\/wp\/v2\/posts"}],"about":[{"href":"https:\/\/mediarun.com\/pl\/wp-json\/wp\/v2\/types\/post"}],"author":[{"embeddable":true,"href":"https:\/\/mediarun.com\/pl\/wp-json\/wp\/v2\/users\/60"}],"replies":[{"embeddable":true,"href":"https:\/\/mediarun.com\/pl\/wp-json\/wp\/v2\/comments?post=191430"}],"version-history":[{"count":0,"href":"https:\/\/mediarun.com\/pl\/wp-json\/wp\/v2\/posts\/191430\/revisions"}],"wp:featuredmedia":[{"embeddable":true,"href":"https:\/\/mediarun.com\/pl\/wp-json\/wp\/v2\/media\/191431"}],"wp:attachment":[{"href":"https:\/\/mediarun.com\/pl\/wp-json\/wp\/v2\/media?parent=191430"}],"wp:term":[{"taxonomy":"category","embeddable":true,"href":"https:\/\/mediarun.com\/pl\/wp-json\/wp\/v2\/categories?post=191430"},{"taxonomy":"post_tag","embeddable":true,"href":"https:\/\/mediarun.com\/pl\/wp-json\/wp\/v2\/tags?post=191430"}],"curies":[{"name":"wp","href":"https:\/\/api.w.org\/{rel}","templated":true}]}}