{"id":191199,"date":"2020-06-04T23:11:56","date_gmt":"2020-06-04T21:11:56","guid":{"rendered":"https:\/\/mediarun.com\/pl\/?p=191199"},"modified":"2020-06-05T09:06:18","modified_gmt":"2020-06-05T07:06:18","slug":"jak-bedziemy-sie-bawic-tego-lata-wytyczne-ministerstw","status":"publish","type":"post","link":"https:\/\/mediarun.com\/pl\/wydarzenia\/jak-bedziemy-sie-bawic-tego-lata-wytyczne-ministerstw.html","title":{"rendered":"Jak b\u0119dziemy si\u0119 bawi\u0107 tego lata? \u2013 wytyczne ministerstw"},"content":{"rendered":"<h2>Jakie czekaj\u0105 nas zasady organizacji wydarze\u0144?<\/h2>\n<p><strong>Zasady zosta\u0142y opracowane przez Ministerstwo Kultury i Dziedzictwa Narodowego, Ministerstwo Rozwoju oraz G\u0142\u00f3wny Inspektor Sanitarny<\/strong><\/p>\n<p>Obowi\u0105zkowe b\u0119dzie noszenie maseczek i przy\u0142bic przez organizator\u00f3w, szczeg\u00f3lnie maj\u0105cych kontakt z publiczno\u015bci\u0105. Przy wej\u015bciach dost\u0119pne b\u0119d\u0105 \u015brodki do dezynfekcji, tak samo w przy toaletach i szatniach.<\/p>\n<p>Przy wyst\u0119pach scenicznych zaleca si\u0119 odst\u0119p 1,5m mi\u0119dzy artystami. Co do widowni zaleca si\u0119, \u017ceby podczas seansu widzowie mieli zakryte usta i nos. Sala by\u0142a wype\u0142niona maksymalnie w 50%. Ograniczenie siedzenia co drugie miejsce nie dotyczy dzieci poni\u017cej 13 roku \u017cycia i os\u00f3b kt\u00f3re ze wzgl\u0119d\u00f3w zdrowotnych nie mog\u0105 przebywa\u0107 w obiekcie samodzielnie.<\/p>\n<p>Na terenie wydarzenia b\u0119dzie obowi\u0105zek zakrywania ust i nosa. Na jego obszarze powinny by\u0107 rozmieszczone znaki przypominaj\u0105ce o tym obowi\u0105zku i punkty umo\u017cliwiaj\u0105ce dezynfekcj\u0119\u00a0r\u0105k. W kolejkach podczas eventu powinien zosta\u0107 zachowany dystans 2 metr\u00f3w mi\u0119dzy kolejnymi osobami, a jego teren odgrodzony od chodnik\u00f3w, czy ulic.<\/p>\n<p>Na widz\u00f3w zostanie te\u017c na\u0142o\u017cony obowi\u0105zek dezynfekcji d\u0142oni przed wej\u015bciem do obiektu lub na teren wydarzenia. W miar\u0119 mo\u017cliwo\u015bci nale\u017cy podzieli\u0107 wychodz\u0105ce do obiektu osoby na grupy\/tury wchodz\u0105cych. Punkty gastronomiczne i toalety powinny by\u0107 dostosowane do danych sektor\u00f3w, aby ograniczy\u0107 przemieszczanie si\u0119 uczestnik\u00f3w. Widownia (miejsca stoj\u0105ce) powinna by\u0107 podzielona na strefy umo\u017cliwiaj\u0105ce zachowanie spo\u0142ecznego dystansu i zachowanie odleg\u0142o\u015bci od sceny 2 metr\u00f3w i 6 metr\u00f3w w przypadku wyst\u0119p\u00f3w wokalnych.<\/p>\n<p>Oczywi\u015bcie powy\u017csze obostrzenia nie zezwalaj\u0105 jeszcze na organizacj\u0119 imprez masowych, w momencie gdy ten etap zostanie ju\u017c uruchomiony. Procedury b\u0119d\u0105 musia\u0142y by\u0107 skontrolowane przez odpowiedni powiatowy inspektorat sanitarny.<\/p>\n<p>Wszystko wskazuje na to, \u017ce tak b\u0119d\u0105 wygl\u0105da\u0107 w tym roku lenie wydarzenia na \u017cywo.<\/p>\n<p>Pe\u0142n\u0105 list\u0119 wytycznych znajdziemy pod linkiem: <a href=\"https:\/\/www.gov.pl\/web\/kultura\/wytyczne-dla-organizatorow-imprez-kulturalnych-i-rozrywkowych-w-trakcie-epidemii-wirusa-sars-cov-2-w-polsce\" target=\"_blank\" rel=\"noopener\">https:\/\/www.gov.pl\/web\/kultura\/wytyczne-dla-organizatorow-imprez-kulturalnych-i-rozrywkowych-w-trakcie-epidemii-wirusa-sars-cov-2-w-polsce<\/a><\/p>\n","protected":false},"excerpt":{"rendered":"Dezynfekcja, maseczki, spo\u0142eczny dystans to nowa rzeczywisto\u015b\u0107 wydarze\u0144 na \u017cywo.","protected":false},"author":60,"featured_media":191200,"comment_status":"open","ping_status":"closed","sticky":false,"template":"","format":"standard","meta":{"csco_display_header_overlay":false,"csco_singular_sidebar":"","csco_page_header_type":"","csco_page_load_nextpost":"","csco_post_video_location":[],"csco_post_video_location_hash":"","csco_post_video_url":"","csco_post_video_bg_start_time":0,"csco_post_video_bg_end_time":0,"footnotes":""},"categories":[46,9677],"tags":[13085,4679,9681],"class_list":{"0":"post-191199","1":"post","2":"type-post","3":"status-publish","4":"format-standard","5":"has-post-thumbnail","7":"category-wydarzenia","8":"category-ludzie","9":"tag-koronakryzys","10":"tag-ludzie","11":"tag-wydarzenia","12":"cs-entry","13":"cs-video-wrap"},"_links":{"self":[{"href":"https:\/\/mediarun.com\/pl\/wp-json\/wp\/v2\/posts\/191199","targetHints":{"allow":["GET"]}}],"collection":[{"href":"https:\/\/mediarun.com\/pl\/wp-json\/wp\/v2\/posts"}],"about":[{"href":"https:\/\/mediarun.com\/pl\/wp-json\/wp\/v2\/types\/post"}],"author":[{"embeddable":true,"href":"https:\/\/mediarun.com\/pl\/wp-json\/wp\/v2\/users\/60"}],"replies":[{"embeddable":true,"href":"https:\/\/mediarun.com\/pl\/wp-json\/wp\/v2\/comments?post=191199"}],"version-history":[{"count":0,"href":"https:\/\/mediarun.com\/pl\/wp-json\/wp\/v2\/posts\/191199\/revisions"}],"wp:featuredmedia":[{"embeddable":true,"href":"https:\/\/mediarun.com\/pl\/wp-json\/wp\/v2\/media\/191200"}],"wp:attachment":[{"href":"https:\/\/mediarun.com\/pl\/wp-json\/wp\/v2\/media?parent=191199"}],"wp:term":[{"taxonomy":"category","embeddable":true,"href":"https:\/\/mediarun.com\/pl\/wp-json\/wp\/v2\/categories?post=191199"},{"taxonomy":"post_tag","embeddable":true,"href":"https:\/\/mediarun.com\/pl\/wp-json\/wp\/v2\/tags?post=191199"}],"curies":[{"name":"wp","href":"https:\/\/api.w.org\/{rel}","templated":true}]}}