{"id":19103,"date":"2011-02-15T23:18:51","date_gmt":"2011-02-15T22:18:51","guid":{"rendered":"https:\/\/mediarun.com\/index.php\/news-posts\/ciszewski-w-gronie-ekspertow-starcom-mediavest-group\/"},"modified":"2011-02-15T23:18:51","modified_gmt":"2011-02-15T22:18:51","slug":"ciszewski-w-gronie-ekspertow-starcom-mediavest-group","status":"publish","type":"post","link":"https:\/\/mediarun.com\/pl\/marketing\/atl\/ciszewski-w-gronie-ekspertow-starcom-mediavest-group.html","title":{"rendered":"Ciszewski w gronie ekspert\u00f3w Starcom MediaVest Group"},"content":{"rendered":"<p>Celem dzia\u0142alno\u015bci wewn\u0119trznego komitetu GPC, jest promocja i tworzenie najwy\u017cszych standard&oacute;w pracy wszystkich agencji nale\u017c\u0105cych do Starcom MediaVest na \u015bwiecie.<\/p>\n<p>Komitet dzia\u0142a pod kierownictwem Johna Sintrasa, prezesa grupy Starcom MediaVest \u2028w Australii. Tworzy go 24 wysokiej rangi manager&oacute;w z ca\u0142ego \u015bwiata, opr&oacute;cz Polski r&oacute;wnie\u017c z m.in.: Chin, Meksyku, Indii, Szwecji, Wielkiej Brytanii i USA.<\/p>\n<p>Do zada\u0144 komitetu nale\u017cy wsp&oacute;\u0142tworzenie platformy wymiany do\u015bwiadcze\u0144 pomi\u0119dzy 110 biurami Stacom MediaVest na \u015bwiecie, podnoszenie jako\u015bci produktu jaki sie\u0107 oferuje swoim klientom, czuwanie nad merytoryczn\u0105 stron\u0105 konkursu The One Awards, w kt&oacute;rym nagradzane s\u0105 najlepsze kampanie tworzone przez agencje Starcom MediaVest na \u015bwiecie, przekazywanie pracownikom wiedzy na temat tego, w jaki spos&oacute;b przygotowywa\u0107\u2028i realizowa\u0107 wybitne projekty komunikacyjne oraz nagradzanie pracownik&oacute;w za sukcesy \u2028w wewn\u0119trznych i zewn\u0119trznych konkursach.<\/p>\n<p>Rafa\u0142 Ciszewski zwi\u0105za\u0142 si\u0119 ze Starcomem w 2001 r. W bran\u017cy reklamowej pracuje od 1994 r. W Starcomie zarz\u0105dza dzia\u0142em nowego biznesu, zajmuje si\u0119 marketingiem i rozwojem nowych obszar&oacute;w dzia\u0142alno\u015bci. Jest cz\u0142onkiem zarz\u0105du Stowarzyszenia Agencji Reklamowych w Polsce.<\/p>\n","protected":false},"excerpt":{"rendered":"Rafa\u0142 Ciszewski, wiceprezes ds. rozwoju domu mediowego Starcom, zosta\u0142 cz\u0142onkiem Global Product Committee (GPC) grupy Starcom MediaVest.","protected":false},"author":1,"featured_media":19104,"comment_status":"open","ping_status":"closed","sticky":false,"template":"","format":"standard","meta":{"csco_display_header_overlay":false,"csco_singular_sidebar":"","csco_page_header_type":"","csco_page_load_nextpost":"","csco_post_video_location":[],"csco_post_video_location_hash":"","csco_post_video_url":"","csco_post_video_bg_start_time":0,"csco_post_video_bg_end_time":0,"footnotes":""},"categories":[9642],"tags":[377],"class_list":{"0":"post-19103","1":"post","2":"type-post","3":"status-publish","4":"format-standard","5":"has-post-thumbnail","7":"category-atl","8":"tag-starcom","9":"cs-entry","10":"cs-video-wrap"},"_links":{"self":[{"href":"https:\/\/mediarun.com\/pl\/wp-json\/wp\/v2\/posts\/19103","targetHints":{"allow":["GET"]}}],"collection":[{"href":"https:\/\/mediarun.com\/pl\/wp-json\/wp\/v2\/posts"}],"about":[{"href":"https:\/\/mediarun.com\/pl\/wp-json\/wp\/v2\/types\/post"}],"author":[{"embeddable":true,"href":"https:\/\/mediarun.com\/pl\/wp-json\/wp\/v2\/users\/1"}],"replies":[{"embeddable":true,"href":"https:\/\/mediarun.com\/pl\/wp-json\/wp\/v2\/comments?post=19103"}],"version-history":[{"count":0,"href":"https:\/\/mediarun.com\/pl\/wp-json\/wp\/v2\/posts\/19103\/revisions"}],"wp:featuredmedia":[{"embeddable":true,"href":"https:\/\/mediarun.com\/pl\/wp-json\/wp\/v2\/media\/19104"}],"wp:attachment":[{"href":"https:\/\/mediarun.com\/pl\/wp-json\/wp\/v2\/media?parent=19103"}],"wp:term":[{"taxonomy":"category","embeddable":true,"href":"https:\/\/mediarun.com\/pl\/wp-json\/wp\/v2\/categories?post=19103"},{"taxonomy":"post_tag","embeddable":true,"href":"https:\/\/mediarun.com\/pl\/wp-json\/wp\/v2\/tags?post=19103"}],"curies":[{"name":"wp","href":"https:\/\/api.w.org\/{rel}","templated":true}]}}