{"id":190897,"date":"2020-05-15T08:42:51","date_gmt":"2020-05-15T06:42:51","guid":{"rendered":"https:\/\/mediarun.com\/pl\/?p=190897"},"modified":"2020-05-15T08:42:51","modified_gmt":"2020-05-15T06:42:51","slug":"ilu-polakow-odwiedzilo-centa-handlowe-po-otwarciu","status":"publish","type":"post","link":"https:\/\/mediarun.com\/pl\/trendy\/ilu-polakow-odwiedzilo-centa-handlowe-po-otwarciu.html","title":{"rendered":"Ilu Polak\u00f3w odwiedzi\u0142o centa handlowe po otwarciu?"},"content":{"rendered":"<p><strong>8 na 9 Polak\u00f3w przyznaje, \u017ce nie odwiedzi\u0142o \u017cadnego centrum handlowego w pierwszym tygodniu dzia\u0142ania tego typu obiekt\u00f3w.<\/strong> Jak wynika z badania przeprowadzonego przez Kantar na zlecenie Zwi\u0105zku Polskich Pracodawc\u00f3w Handlu i Us\u0142ug Polacy s\u0105 sceptyczni w kwestii korzystania z centr\u00f3w handlowych w obecnej sytuacji. Niemal 40 procent os\u00f3b, kt\u00f3re wcze\u015bniej bywa\u0142y w galeriach, nie wybiera si\u0119 tam w ci\u0105gu najbli\u017cszego miesi\u0105ca. Oko\u0142o 1\/3 badanych spodziewa si\u0119, \u017ce sytuacja wr\u00f3ci do normy nie wcze\u015bniej ni\u017c w ci\u0105gu 3-6 miesi\u0119cy, a 35 procent uwa\u017ca, \u017ce potrwa to jeszcze d\u0142u\u017cej.<\/p>\n<p><img fetchpriority=\"high\" decoding=\"async\" class=\"aligncenter size-full wp-image-190898\" src=\"https:\/\/mediarun.com\/wp-content\/uploads\/2020\/05\/2020_05_13_ZPPHiU-infografika-Raport-Kantar_2.jpg\" alt=\"\" width=\"1314\" height=\"2048\" title=\"\" srcset=\"https:\/\/mediarun.com\/pl\/wp-content\/uploads\/2020\/05\/2020_05_13_ZPPHiU-infografika-Raport-Kantar_2.jpg 1314w, https:\/\/mediarun.com\/pl\/wp-content\/uploads\/2020\/05\/2020_05_13_ZPPHiU-infografika-Raport-Kantar_2-449x700.jpg 449w, https:\/\/mediarun.com\/pl\/wp-content\/uploads\/2020\/05\/2020_05_13_ZPPHiU-infografika-Raport-Kantar_2-986x1536.jpg 986w\" sizes=\"(max-width: 1314px) 100vw, 1314px\" \/><\/p>\n<p>W poniedzia\u0142ek 4 maja, po blisko dw\u00f3ch miesi\u0105cach od zamkni\u0119cia, otwarto cz\u0119\u015bciowo centra handlowe. Obowi\u0105zuj\u0105 restrykcyjne zasady higieniczno-sanitarne, zamkni\u0119te s\u0105 miejsca rozrywki, takie jak kina, nie ma mo\u017cliwo\u015bci skorzystania z us\u0142ug fryzjer\u00f3w, kosmetyczek, klub\u00f3w fitness, czy zjedzenia posi\u0142ku na miejscu.<\/p>\n<p>Z badania Kantar, zleconego przez ZPPHiU zrzeszaj\u0105cego ponad 200 firm, z kt\u00f3rych wiele posiada swoje punkty w centrach handlowych, wynika, \u017ce Polacy nie tylko nie wr\u00f3cili ch\u0119tnie do zakup\u00f3w w galeriach, ale wielu z nich nie zamierza tego robi\u0107 w d\u0142u\u017cszej perspektywie. Obawa przed zara\u017ceniem koronawirusem oraz brak mo\u017cliwo\u015bci skorzystania z r\u00f3\u017cnorodnej oferty i atrakcji dost\u0119pnych do tej pory, skutecznie zniech\u0119caj\u0105 przed odwiedzeniem tych miejsc.<\/p>\n<blockquote><p>\u201eWyniki badania \u015bwiadcz\u0105 dobitnie o tym, o czym ca\u0142y czas m\u00f3wimy: centra handlowe na d\u0142ugo b\u0119d\u0105 cieniem samych siebie. Powr\u00f3t do \u015bwietno\u015bci zajmie sporo czasu, a tym samym trudno, \u017ceby\u015bmy funkcjonowali wed\u0142ug regu\u0142 ustalonych przed epidemi\u0105. Do starych zasad wsp\u00f3\u0142pracy mi\u0119dzy najemcami i wynajmuj\u0105cymi mo\u017cemy wr\u00f3ci\u0107, kiedy sytuacja si\u0119 unormuje, a dzi\u015b ustalmy nowe zasady gry\u201d \u2013 <strong>dodaje zarz\u0105d ZPPHiU.<\/strong><\/p><\/blockquote>\n<h2>Kluczowe wnioski z badania:<\/h2>\n<ul>\n<li>Przed epidemi\u0105 regularne wizyty w galeriach handlowych by\u0142y dla Polak\u00f3w rutyn\u0105. Co najmniej raz w tygodniu odwiedza\u0142o je oko\u0142o 4,5 mln Polak\u00f3w. Klient\u00f3w przyci\u0105ga\u0142y r\u00f3\u017cnego rodzaju atuty. Obecnie wiele z nich nie tyle straci\u0142o na atrakcyjno\u015bci, co ze wzgl\u0119du na ograniczone dzia\u0142anie obiekt\u00f3w w og\u00f3le przesta\u0142o funkcjonowa\u0107. Mi\u0119dzy innymi znikn\u0119\u0142a oferta zwi\u0105zana z rozrywk\u0105 i kultur\u0105 (np. kina), kt\u00f3re s\u0105 wa\u017cne dla 35% klient\u00f3w. Nie ma te\u017c w\u0142a\u015bciwej tym obiektom atmosfery, szczeg\u00f3lnie wa\u017cnej dla oko\u0142o 20% os\u00f3b. Szczeg\u00f3lnie dla m\u0142odych (25-29 lat) \u2013 mimo otwarcia \u2013 galerie handlowe straci\u0142y swoje wa\u017cne atuty.<\/li>\n<li>W czasie lockdownu potrzeby zakupowe realizowano przede wszystkim w dyskontach (68 proc.) i sklepach osiedlowych (50 proc.), a tak\u017ce przez Internet (35 proc.). Galeriom handlowym pozbawionym wielu swoich atrybut\u00f3w trudno b\u0119dzie przej\u0105\u0107 klient\u00f3w nastawionych przede wszystkim na zrealizowanie listy zakup\u00f3w.<\/li>\n<li>Zaledwie 1 na 9 Polak\u00f3w deklaruje, \u017ce odwiedzi\u0142 jak\u0105\u015b galeri\u0119 handlow\u0105 w pierwszym tygodniu dzia\u0142ania tego typu obiekt\u00f3w. W\u015br\u00f3d tych, kt\u00f3rzy wcze\u015bniej (tj. przed epidemi\u0105) robili to co najmniej raz w tygodniu, na zakupy wr\u00f3ci\u0142a 1\/3.<\/li>\n<li>70 proc. klient\u00f3w ma obawy lub zastrze\u017cenia dotycz\u0105ce wizyt w centrach handlowych. Najwi\u0119cej os\u00f3b boi si\u0119 zaka\u017cenia koronawirusem (43 proc.), ale zniech\u0119caj\u0105co dzia\u0142aj\u0105 te\u017c zasady higieniczno-sanitarne (31 proc.), zamkni\u0119cie ulubionych sklep\u00f3w (25 proc.) i inne ograniczenia w funkcjonowaniu obiekt\u00f3w.<\/li>\n<li>Klienci nie spodziewaj\u0105 si\u0119 powrotu do normalno\u015bci w najbli\u017cszych tygodniach. 31 proc. os\u00f3b jest zdania, \u017ce zakupy na starych zasadach zrobimy w ci\u0105gu 3-6 miesi\u0119cy, 35 proc. uwa\u017ca, \u017ce potrwa to jeszcze d\u0142u\u017cej (17 proc. szacuje, \u017ce ponad rok).<\/li>\n<\/ul>\n<blockquote><p>\u201eTo, co do tej pory stanowi\u0142o o atrakcyjno\u015bci centrum handlowego, w czasie epidemii staje si\u0119 jego przekle\u0144stwem. Galerie przypominaj\u0105 wyludnione dworce kolejowe czy lotniska, ludzie nie widz\u0105 du\u017cej potrzeby odwiedzania ich \u2013<strong> tak wyniki bada\u0144 komentuje socjolog dr Konrad Maj.<\/strong> \u2013 Ludzi zniech\u0119caj\u0105 nie tylko obawy przed zara\u017ceniem, ale wszelkie ograniczenia na\u0142o\u017cone na du\u017ce centra handlowe. Dla kogo spacer po cz\u0119\u015bciowo tylko otwartej galerii handlowej, gdzie brakuje wszystkich znanych nam bod\u017ac\u00f3w sensorycznych (smak\u00f3w, zapach\u00f3w, widok\u00f3w) jest przyjemny? R\u00f3\u017cnice w preferencjach ujawnione przez Kantar s\u0105 tutaj gigantyczne. Kr\u00f3tko m\u00f3wi\u0105c: mo\u017cemy zapomnie\u0107 na d\u0142ugie miesi\u0105ce o klimacie przyjemnych, wielofunkcyjnych, pe\u0142nych atrakcji Centrach Handlowych.\u201d<\/p><\/blockquote>\n<p>Badanie zosta\u0142o zrealizowane w dniu 11 maja 2020 r. poprzez wywiady telefoniczne (CATI) na reprezentatywnej pr\u00f3bie 800 Polak\u00f3w w wieku 15 i wi\u0119cej lat.<\/p>\n","protected":false},"excerpt":{"rendered":"Polacy s\u0105 sceptyczni w kwestii korzystania z centr\u00f3w handlowych w obecnej sytuacji.","protected":false},"author":60,"featured_media":190899,"comment_status":"open","ping_status":"closed","sticky":false,"template":"","format":"standard","meta":{"csco_display_header_overlay":false,"csco_singular_sidebar":"","csco_page_header_type":"","csco_page_load_nextpost":"","csco_post_video_location":[],"csco_post_video_location_hash":"","csco_post_video_url":"","csco_post_video_bg_start_time":0,"csco_post_video_bg_end_time":0,"footnotes":""},"categories":[9662,4631],"tags":[12240,7351,3363,932,3928],"class_list":{"0":"post-190897","1":"post","2":"type-post","3":"status-publish","4":"format-standard","5":"has-post-thumbnail","7":"category-badania","8":"category-trendy","9":"tag-badanie","10":"tag-centra-handlowe","11":"tag-handel","12":"tag-raport","13":"tag-zakupy","14":"cs-entry","15":"cs-video-wrap"},"_links":{"self":[{"href":"https:\/\/mediarun.com\/pl\/wp-json\/wp\/v2\/posts\/190897","targetHints":{"allow":["GET"]}}],"collection":[{"href":"https:\/\/mediarun.com\/pl\/wp-json\/wp\/v2\/posts"}],"about":[{"href":"https:\/\/mediarun.com\/pl\/wp-json\/wp\/v2\/types\/post"}],"author":[{"embeddable":true,"href":"https:\/\/mediarun.com\/pl\/wp-json\/wp\/v2\/users\/60"}],"replies":[{"embeddable":true,"href":"https:\/\/mediarun.com\/pl\/wp-json\/wp\/v2\/comments?post=190897"}],"version-history":[{"count":0,"href":"https:\/\/mediarun.com\/pl\/wp-json\/wp\/v2\/posts\/190897\/revisions"}],"wp:featuredmedia":[{"embeddable":true,"href":"https:\/\/mediarun.com\/pl\/wp-json\/wp\/v2\/media\/190899"}],"wp:attachment":[{"href":"https:\/\/mediarun.com\/pl\/wp-json\/wp\/v2\/media?parent=190897"}],"wp:term":[{"taxonomy":"category","embeddable":true,"href":"https:\/\/mediarun.com\/pl\/wp-json\/wp\/v2\/categories?post=190897"},{"taxonomy":"post_tag","embeddable":true,"href":"https:\/\/mediarun.com\/pl\/wp-json\/wp\/v2\/tags?post=190897"}],"curies":[{"name":"wp","href":"https:\/\/api.w.org\/{rel}","templated":true}]}}