{"id":19019,"date":"2011-02-18T19:19:12","date_gmt":"2011-02-18T18:19:12","guid":{"rendered":"https:\/\/mediarun.com\/index.php\/news-posts\/justin-bieber-walczy-z-cyberprzemoca-wideo\/"},"modified":"2015-01-13T01:28:52","modified_gmt":"2015-01-13T01:28:52","slug":"justin-bieber-walczy-z-cyberprzemoca-wideo","status":"publish","type":"post","link":"https:\/\/mediarun.com\/pl\/digital\/social-media\/justin-bieber-walczy-z-cyberprzemoca-wideo.html","title":{"rendered":"Justin Bieber walczy z cyberprzemoc\u0105 (wideo)"},"content":{"rendered":"<p>Idol nastolatek zwr&oacute;ci\u0142 si\u0119 do m\u0142odych ludzi o wspieranie i zamieszczanie swoich post&oacute;w na serwisie Draw Your Line. W zamian za to, Bieber rozlosuje w\u015br&oacute;d u\u017cytkownik&oacute;w 14 nagr&oacute;d.<\/p>\n<p><a href=\"http:\/\/www.athinline.org\/drawyourline\" target=\"_blank\" rel=\"noopener\">Draw Your Line<\/a> to strona za\u0142o\u017cona przez MTV. Na wirtualnej mapie USA oraz forum dyskusyjnym u\u017cytkownicy opisuj\u0105 swoje wysi\u0142ki i dokonania w walce z cyberprzemoc\u0105. Do inicjatywy, w kt&oacute;rej ju\u017c wzi\u0119\u0142o udzia\u0142 800 tysi\u0119cy os&oacute;b, do\u0142\u0105czy\u0142 Facebook, kt&oacute;ry za po\u015brednictwem fanpage&#8217;a Facebook Safety Center stara si\u0119 u\u015bwiadamia\u0107 swoich u\u017cytkownik&oacute;w na temat bezpiecze\u0144stwa w internecie.<\/p>\n<p>Wyb&oacute;r m\u0142odego piosenkarza na symbol walki z cyberprzemoc\u0105 jest interesuj\u0105cy ze wzgl\u0119du na fakt, \u017ce sam Justin Bieber bardzo cz\u0119sto staje si\u0119 ofiar\u0105 trolli internetowych i r&oacute;\u017cnego rodzaju zaczepek.<\/p>\n<p>Chocia\u017c tw&oacute;rcy Draw Your Line spodziewaj\u0105 si\u0119, \u017ce ze wzgl\u0119du na udzia\u0142 Biebera w akcji wzro\u015bnie \u015bwiadomo\u015b\u0107 m\u0142odych ludzi w kwestii prze\u015bladowania w sieci, to trudno b\u0119dzie zmierzy\u0107 faktyczny wp\u0142yw akcji promocyjnej. Istnieje ryzyko, \u017ce serwis zostanie zalany postami w rodzaju &#8222;rozmawia\u0142em z kim\u015b na temat cyberprzemocy&#8221;, umieszczonymi na forum tylko po to, aby otrzyma\u0107 nagrod\u0119.<\/p>\n","protected":false},"excerpt":{"rendered":"Justin Bieber wsp&oacute;lnie z serwisem spo\u0142eczno\u015bciowym Facebook i telewizj\u0105 MTV rozpoczyna walk\u0119 przeciwko przemocy w internecie.","protected":false},"author":1,"featured_media":19020,"comment_status":"open","ping_status":"closed","sticky":false,"template":"","format":"standard","meta":{"csco_display_header_overlay":false,"csco_singular_sidebar":"","csco_page_header_type":"","csco_page_load_nextpost":"","csco_post_video_location":[],"csco_post_video_location_hash":"","csco_post_video_url":"","csco_post_video_bg_start_time":0,"csco_post_video_bg_end_time":0,"footnotes":""},"categories":[9676,20],"tags":[128,486],"class_list":{"0":"post-19019","1":"post","2":"type-post","3":"status-publish","4":"format-standard","5":"has-post-thumbnail","7":"category-internet","8":"category-social-media","9":"tag-facebook","10":"tag-mtv","11":"cs-entry","12":"cs-video-wrap"},"_links":{"self":[{"href":"https:\/\/mediarun.com\/pl\/wp-json\/wp\/v2\/posts\/19019","targetHints":{"allow":["GET"]}}],"collection":[{"href":"https:\/\/mediarun.com\/pl\/wp-json\/wp\/v2\/posts"}],"about":[{"href":"https:\/\/mediarun.com\/pl\/wp-json\/wp\/v2\/types\/post"}],"author":[{"embeddable":true,"href":"https:\/\/mediarun.com\/pl\/wp-json\/wp\/v2\/users\/1"}],"replies":[{"embeddable":true,"href":"https:\/\/mediarun.com\/pl\/wp-json\/wp\/v2\/comments?post=19019"}],"version-history":[{"count":0,"href":"https:\/\/mediarun.com\/pl\/wp-json\/wp\/v2\/posts\/19019\/revisions"}],"wp:featuredmedia":[{"embeddable":true,"href":"https:\/\/mediarun.com\/pl\/wp-json\/wp\/v2\/media\/19020"}],"wp:attachment":[{"href":"https:\/\/mediarun.com\/pl\/wp-json\/wp\/v2\/media?parent=19019"}],"wp:term":[{"taxonomy":"category","embeddable":true,"href":"https:\/\/mediarun.com\/pl\/wp-json\/wp\/v2\/categories?post=19019"},{"taxonomy":"post_tag","embeddable":true,"href":"https:\/\/mediarun.com\/pl\/wp-json\/wp\/v2\/tags?post=19019"}],"curies":[{"name":"wp","href":"https:\/\/api.w.org\/{rel}","templated":true}]}}