{"id":19011,"date":"2011-02-19T15:12:10","date_gmt":"2011-02-19T14:12:10","guid":{"rendered":"https:\/\/mediarun.com\/index.php\/news-posts\/wiosna-w-tvp-polonia\/"},"modified":"2011-02-19T15:12:10","modified_gmt":"2011-02-19T14:12:10","slug":"wiosna-w-tvp-polonia","status":"publish","type":"post","link":"https:\/\/mediarun.com\/pl\/media\/tv\/wiosna-w-tvp-polonia.html","title":{"rendered":"Wiosna w TVP Polonia"},"content":{"rendered":"<p>Wiosenna ram&oacute;wka TVP Polonia obfituje w programy informacyjno-publicystyczne, krajoznawcze, rozrywkowe, kulturalne oraz dokumenty, seriale i transmisje z r&oacute;\u017cnego rodzaju wydarze\u0144.<\/p>\n<p>W ofercie znalaz\u0142 si\u0119 m.in. cykl &#8222;<strong>Kino Mistrz&oacute;w&#8221;<\/strong>, w kt&oacute;rym zostanie zaprezentowana tw&oacute;rczo\u015b\u0107 Stanis\u0142awa R&oacute;\u017cewicza i Krzysztofa Kie\u015blowskiego. Nie zabraknie r&oacute;wnie\u017c seriali. Wiosenn\u0105 ram&oacute;wk\u0119 zainauguruje serial <strong>&#8222;Ranczo&#8221;<\/strong>, a ju\u017c w marcu widzowie b\u0119d\u0105 mi\u0119li okazje \u015bledzi\u0107 perypetie m\u0142odej pani weterynarz w serialu <strong>&#8222;Blondynka&#8221;<\/strong>. W ofercie serialowej oczywi\u015bcie kontynuacja los&oacute;w bohater&oacute;w seriali <strong>&#8222;Londy\u0144czycy II&#8221;<\/strong> i <strong>&#8222;Czas Honoru II&#8221;<\/strong>, oraz  lubianych telenowel takich jak: <strong>&#8222;M jak mi\u0142o\u015b\u0107&#8221;<\/strong>, <strong>&#8222;Barwy szcz\u0119\u015bcia&#8221;<\/strong> ,<strong> &#8222;Na dobre i na z\u0142e&#8221;<\/strong>.<\/p>\n<p>W repertuarze pojawi si\u0119 tak\u017ce sta\u0142a oferta program&oacute;w koncentruj\u0105cych si\u0119 wok&oacute;\u0142 problematyki polskiej i polonijnej prezentowanej w takich programach jak <strong>&#8222;Polska 24&#8221;<\/strong>, <strong>&#8222;Wilnoteka&#8221;<\/strong>, <strong>&#8222;Rozm&oacute;wki polsko-czeskie&#8221;<\/strong>. Widzowie b\u0119d\u0105 mi\u0119li r&oacute;wnie\u017c mo\u017cliwo\u015b\u0107 sprawdzenia swojej wiedzy o Polsce dzi\u0119ki zabawie krajoznawczej <strong>&#8222;Gra w Miasta&#8221;<\/strong>,  oraz swojej wiedzy o j\u0119zyku ojczystym w programie prof. Jana Miodka <strong>&#8222;S\u0142ownik polsko@polski&#8221;<\/strong>. Odpowiedni\u0105 dawk\u0119 kultury TVP Polonia zapewni w programie <strong>&#8222;Kulturalni PL&#8221;<\/strong> oraz umo\u017cliwi widzom podtrzymanie wi\u0119zi z bliskimi w kraju i za granic\u0105 za po\u015brednictwem koncertu \u017cycze\u0144 <strong>&#8222;Pami\u0119taj o mnie&#8221;<\/strong>.<\/p>\n<p>TVP Polonia w kwietniu i maju zaplanowa\u0142a r&oacute;wnie\u017c transmisj\u0119 z uroczysto\u015bci beatyfikacyjnych Jana Paw\u0142a II. Od 2 kwietnia do 1 maja, czyli do dnia  beatyfikacji papie\u017ca Polaka, Program Satelitarny TVP Polonia b\u0119dzie emitowa\u0142 filmy dokumentalne i reporta\u017ce po\u015bwi\u0119cone Ojcu \u015awi\u0119temu. 30 kwietnia i 1 maja TVP Polonia planuje emisj\u0119 wraz z TVP1 &#8211; specjalnego programu po\u015bwi\u0119conego beatyfikacji (ze studi&oacute;w w Warszawie i Watykanie oraz kr&oacute;tkie reporta\u017ce z innych miast w Polsce).<\/p>\n","protected":false},"excerpt":{"rendered":"Z okazji osiemnastej rocznicy rozpocz\u0119cia emisji TVP Polonia przygotowa\u0142a dla swoich widz&oacute;w specjaln\u0105 wiosenn\u0105 ram&oacute;wk\u0119.","protected":false},"author":1,"featured_media":19012,"comment_status":"open","ping_status":"closed","sticky":false,"template":"","format":"standard","meta":{"csco_display_header_overlay":false,"csco_singular_sidebar":"","csco_page_header_type":"","csco_page_load_nextpost":"","csco_post_video_location":[],"csco_post_video_location_hash":"","csco_post_video_url":"","csco_post_video_bg_start_time":0,"csco_post_video_bg_end_time":0,"footnotes":""},"categories":[9670],"tags":[1981],"class_list":{"0":"post-19011","1":"post","2":"type-post","3":"status-publish","4":"format-standard","5":"has-post-thumbnail","7":"category-tv","8":"tag-tvp-polonia","9":"cs-entry","10":"cs-video-wrap"},"_links":{"self":[{"href":"https:\/\/mediarun.com\/pl\/wp-json\/wp\/v2\/posts\/19011","targetHints":{"allow":["GET"]}}],"collection":[{"href":"https:\/\/mediarun.com\/pl\/wp-json\/wp\/v2\/posts"}],"about":[{"href":"https:\/\/mediarun.com\/pl\/wp-json\/wp\/v2\/types\/post"}],"author":[{"embeddable":true,"href":"https:\/\/mediarun.com\/pl\/wp-json\/wp\/v2\/users\/1"}],"replies":[{"embeddable":true,"href":"https:\/\/mediarun.com\/pl\/wp-json\/wp\/v2\/comments?post=19011"}],"version-history":[{"count":0,"href":"https:\/\/mediarun.com\/pl\/wp-json\/wp\/v2\/posts\/19011\/revisions"}],"wp:featuredmedia":[{"embeddable":true,"href":"https:\/\/mediarun.com\/pl\/wp-json\/wp\/v2\/media\/19012"}],"wp:attachment":[{"href":"https:\/\/mediarun.com\/pl\/wp-json\/wp\/v2\/media?parent=19011"}],"wp:term":[{"taxonomy":"category","embeddable":true,"href":"https:\/\/mediarun.com\/pl\/wp-json\/wp\/v2\/categories?post=19011"},{"taxonomy":"post_tag","embeddable":true,"href":"https:\/\/mediarun.com\/pl\/wp-json\/wp\/v2\/tags?post=19011"}],"curies":[{"name":"wp","href":"https:\/\/api.w.org\/{rel}","templated":true}]}}