{"id":189935,"date":"2020-03-09T08:40:57","date_gmt":"2020-03-09T07:40:57","guid":{"rendered":"https:\/\/mediarun.com\/pl\/?p=189935"},"modified":"2020-03-09T08:40:57","modified_gmt":"2020-03-09T07:40:57","slug":"nieuczciwi-kontrahenci-najwiekszym-zagrozeniem-dla-nowych-firm-badanie","status":"publish","type":"post","link":"https:\/\/mediarun.com\/pl\/finanse\/nieuczciwi-kontrahenci-najwiekszym-zagrozeniem-dla-nowych-firm-badanie.html","title":{"rendered":"Nieuczciwi kontrahenci najwi\u0119kszym zagro\u017ceniem dla nowych firm &#8211; badanie"},"content":{"rendered":"<h2>Nowe firmy nie boj\u0105 si\u0119 skarb\u00f3wki i ZUS-u. Niestraszne im te\u017c zmiany w przepisach i niestabilno\u015b\u0107 polityczna<\/h2>\n<p>Przedsi\u0119biorcy rozpoczynaj\u0105cy dzia\u0142alno\u015b\u0107 gospodarcz\u0105 najbardziej obawiaj\u0105 si\u0119 <strong>nierzetelnych kontrahent\u00f3w, braku zam\u00f3wie\u0144, a tak\u017ce utraty p\u0142ynno\u015bci finansowej<\/strong>. P\u00f3\u017aniej wymieniaj\u0105 kontrole skarbowe, a nast\u0119pnie \u2013 brak odpowiednich pracownik\u00f3w. Niewielu badanych martwi si\u0119 te\u017c podnoszeniem <strong>sk\u0142adek na ZUS i podatk\u00f3w<\/strong>. Garstk\u0119 respondent\u00f3w niepokoj\u0105 rosn\u0105ce koszty dzia\u0142alno\u015bci. Spowolnienie gospodarcze, niestabilno\u015b\u0107 polityczna i zmiany w przepisach to ostatnie punkty na li\u015bcie najwa\u017cniejszych obaw.<\/p>\n<p>Z og\u00f3lnopolskiego badania, wykonanego przez <strong>UCE RESEARCH na zlecenie Grupy Kapita\u0142owej DGA,<\/strong> wynika, \u017ce przedsi\u0119biorcy, kt\u00f3rzy zaczynaj\u0105 prowadzi\u0107 w\u0142asn\u0105 firm\u0119, w najwi\u0119kszym stopniu obawiaj\u0105 si\u0119 nierzetelnych kontrahent\u00f3w (21%). Du\u017cy niepok\u00f3j budzi te\u017c ewentualny brak zam\u00f3wie\u0144 i klient\u00f3w (11%). Na trzecim miejscu wskazywana jest utrata p\u0142ynno\u015bci finansowej (10%).<\/p>\n<p>&nbsp;<\/p>\n<blockquote><p>Ranking stopnia obaw nie jest dla mnie zaskoczeniem. Jeden nierzetelny kontrahent mo\u017ce szybko roz\u0142o\u017cy\u0107 ma\u0142\u0105 firm\u0119, kt\u00f3ra dopiero zaczyna dzia\u0142a\u0107.<strong> Duzi i do\u015bwiadczeni gracze s\u0105 w stanie narzuci\u0107 innym wymagania<\/strong> dotycz\u0105ce terminowo\u015bci dostaw i jako\u015bci p\u00f3\u0142produkt\u00f3w czy us\u0142ug, przez co mniej ryzykuj\u0105\u00a0<span style=\"color: #333333;\">\u2013 komentuje <\/span><strong style=\"color: #333333;\">Stanis\u0142aw Gomu\u0142ka, G\u0142\u00f3wny Ekonomista BCC i by\u0142y wiceminister finans\u00f3w.<\/strong><\/p><\/blockquote>\n<p>Najwi\u0119ksza obawa badanych jest niestety w pe\u0142ni uzasadniona, co podkre\u015bla<strong> Andrzej G\u0142owacki<\/strong>, Prezes Zarz\u0105du DGA S.A. Niep\u0142acenie w terminie kontrahentom jest do\u015b\u0107 powszechnym zjawiskiem w Polsce. Poziom wykszta\u0142cenia ro\u015bnie, lecz niestety uczciwo\u015b\u0107 maleje. Dlatego ekspert zaleca przedsi\u0119biorcom, aby zdobywali jak najwi\u0119cej informacji o potencjalnych partnerach, korzystaj\u0105c m.in. z Internetu.<\/p>\n<p>&nbsp;<\/p>\n<blockquote><p>Przy rozpoczynaniu dzia\u0142alno\u015bci nie dziwi r\u00f3wnie\u017c obawa o to, czy firma zrealizuje sw\u00f3j biznesplan i b\u0119dzie w stanie sprzedawa\u0107 produkty lub us\u0142ugi.<strong> L\u0119k o utrat\u0119 p\u0142ynno\u015bci<\/strong> w du\u017cej mierze \u0142\u0105czy si\u0119 z tym. Ma te\u017c zwi\u0105zek z najwi\u0119kszym problemem w Polsce, jakim jest nierzetelno\u015b\u0107 kontrahent\u00f3w. Takie my\u015blenie jest absolutnie logiczne\u00a0<span style=\"color: #333333;\">\u2013 uwa\u017ca ekonomista <\/span><strong style=\"color: #333333;\">Marek Zuber.<\/strong><\/p><\/blockquote>\n<p><strong>Na czwartym miejscu listy obaw znalaz\u0142a si\u0119 kontrola skarbowa (9%)<\/strong>.<strong> Dr Wojciech Warski<\/strong>, prezes 30-letniej firmy <strong>Softex Data S.A<\/strong>. i wsp\u00f3\u0142pracownik think tank\u00f3w, t\u0142umaczy, \u017ce pocz\u0105tkuj\u0105cy przedsi\u0119biorcy boj\u0105 si\u0119 stwierdzenia nieprawid\u0142owo\u015bci, o jakich nie maj\u0105 poj\u0119cia. To jest pochodn\u0105 inflacji prawa, r\u00f3wnie\u017c gospodarczego. Bez rozbudowanego dzia\u0142u ksi\u0119gowo\u015bci firma nie jest w stanie \u015bledzi\u0107 wszystkich zmian. Kolejna w rankingu jest obawa o odpowiednich pracownik\u00f3w. <strong>Wskaza\u0142o j\u0105 8% badanych.<\/strong><\/p>\n<p>&nbsp;<\/p>\n<blockquote><p>To z kolei wi\u0105\u017ce si\u0119 ze zmieniaj\u0105cymi si\u0119 trendami na rynku pracy. Wymagane s\u0105 nowe kwalifikacje i kompetencje. A wielu zawod\u00f3w, kt\u00f3re b\u0119d\u0105 poszukiwane za kilka lat, jeszcze nawet nie ma\u00a0<span style=\"color: #333333;\">\u2013 wyja\u015bnia <strong>Joanna Juszczyszyn-Klimek, Dyrektor Departamentu Zarz\u0105dzania Projektami DGA S.A.<\/strong><\/span><\/p><\/blockquote>\n<p>Natomiast <strong>Jeremi Mordasewicz<\/strong>, doradca zarz\u0105du Konfederacji Lewiatan, zauwa\u017ca, \u017ce wieloletnie firmy stawiaj\u0105 brak pracownik\u00f3w o odpowiednich kwalifikacjach na pocz\u0105tku listy najwi\u0119kszych zagro\u017ce\u0144. Niedocenianie tego problemu przez pocz\u0105tkuj\u0105cych przedsi\u0119biorc\u00f3w mo\u017ce wynika\u0107 z ich niedo\u015bwiadczenia i niewiedzy na temat wp\u0142ywu jako\u015bci pracy na wyniki biznesu.<\/p>\n<p>&nbsp;<\/p>\n<blockquote><p>Ma\u0142e docenienie tego czynnika mo\u017ce mie\u0107 zwi\u0105zek z faktem, \u017ce poczatkuj\u0105cy biznes cz\u0119sto<strong> wspiera si\u0119 gronem zaufanych os\u00f3b.<\/strong> Powszechne na rynku obawy o niestabilno\u015b\u0107 kadry oraz trudno\u015bci z pozyskaniem odpowiednich pracownik\u00f3w jeszcze nie dotar\u0142y do startup\u00f3w\u00a0<span style=\"color: #333333;\">\u2013 przekonuje <\/span><strong style=\"color: #333333;\">dr Warski.<\/strong><\/p><\/blockquote>\n<p>Niewielu przedsi\u0119biorc\u00f3w wskaza\u0142o obawy w zakresie podnoszenia sk\u0142adek na ZUS (7%) i podatk\u00f3w (6%). <strong>\u0141ukasz Klimek<\/strong> z Departamentu Zarz\u0105dzania Projektami w <strong>DGA S.A.<\/strong> zwraca uwag\u0119 na to, \u017ce na tym etapie m\u0142odzi przedsi\u0119biorcy jeszcze nie my\u015bl\u0105 o ww. kwestiach w tak powa\u017cnym stopniu. Takie rozwa\u017cania zapewne pojawiaj\u0105 si\u0119 dopiero p\u00f3\u017aniej, kiedy firma zaczyna osi\u0105ga\u0107 konkretne wyniki i ci\u0119\u017car danin jest ju\u017c wyra\u017anie odczuwalny<strong>. Z kolei tylko 4% badanych stwierdzi\u0142o, \u017ce realnie obawia si\u0119 og\u00f3lnie rosn\u0105cych koszt\u00f3w dzia\u0142alno\u015bci.<\/strong><\/p>\n<blockquote><p>\u00a0O tym problemie m\u00f3wi si\u0119 na ka\u017cdym kroku<strong> przy okazji rosn\u0105cych pensji pracownik\u00f3w<\/strong> oraz innych op\u0142at. Mam wra\u017cenie, \u017ce na samym pocz\u0105tku drogi biznesowej przedsi\u0119biorcy jeszcze nie do ko\u0144ca zdaj\u0105 sobie z tego spraw\u0119. Taka refleksja przychodzi p\u00f3\u017aniej, gdy zbiera si\u0119 wszystkie koszty do jednego worka i zaczyna si\u0119 robi\u0107 szerszy bilans zysk\u00f3w oraz strat\u00a0<span style=\"color: #333333;\">\u2013 wyja\u015bnia <strong>Prezes G\u0142owacki<\/strong>.<\/span><\/p><\/blockquote>\n<p>Trzeba te\u017c doda\u0107, \u017ce tylko 3% respondent\u00f3w obawia si\u0119 spowolnienia gospodarczego. Zdaniem Jeremiego Mordasewicza, niedocenianie tego zagro\u017cenia i jego konsekwencji nale\u017cy t\u0142umaczy\u0107 brakiem do\u015bwiadczenia i \u015bwiadomo\u015bci. M\u0142odzi przedsi\u0119biorcy nie zmagali si\u0119 m.in. <strong>z recesj\u0105 w 2009 roku, kt\u00f3ra nast\u0105pi\u0142a w wyniku \u015bwiatowego kryzysu<\/strong>. A to z pewno\u015bci\u0105 zmieni\u0142oby ich nastawienie do tego obszaru.<\/p>\n<p>&nbsp;<\/p>\n<blockquote><p>Tutaj trzeba stan\u0105\u0107 w obronie tych przedsi\u0119biorc\u00f3w. Trudno przecie\u017c oszacowa\u0107 realny wymiar takiego spowolnienia.<strong> To zagro\u017cenie potencjalnie obejmuje ca\u0142y rynek.<\/strong> Zapewne z tego wzgl\u0119du ich obawy w tym zakresie s\u0105 ni\u017csze ni\u017c w przypadku cho\u0107by braku zam\u00f3wie\u0144, co stanowi realny i wymierny problem, bardziej namacalny, przynajmniej na pierwszym etapie\u00a0<span style=\"color: #333333;\">\u2013 dodaje <strong>\u0141ukasz Klimek<\/strong>.<\/span><\/p><\/blockquote>\n<p>&nbsp;<\/p>\n<p>Na ko\u0144cu stawki firmy wskazywa\u0142y <strong>niestabilno\u015b\u0107 polityczn\u0105 i zmiany w przepisach (po 2%<\/strong>). Jak podsumowuje <strong>Jeremi Mordasewicz<\/strong>, obawa przed ryzykiem zmieniaj\u0105cych regulacji ro\u015bnie wraz ze wzrostem z\u0142o\u017cono\u015bci produkcji i zwi\u0119kszeniem inwestycji. Pocz\u0105tkuj\u0105cy przedsi\u0119biorcy cz\u0119sto nie zdaj\u0105 sobie sprawy z ci\u0105\u017c\u0105cych na nich obowi\u0105zk\u00f3w. Dowiaduj\u0105 si\u0119 o nich stopniowo, w trakcie prowadzenia dzia\u0142alno\u015bci lub niestety dopiero, gdy co\u015b idzie nie tak.<\/p>\n<p>Badanie zosta\u0142o wykonane przez <strong>UCE RESEARCH<\/strong> (platform\u0119 analityczno-badawcz\u0105 nale\u017c\u0105c\u0105 do brytyjskiej sp\u00f3\u0142ki<strong> UCE GROUP LTD.<\/strong>) na zlecenie Grupy Kapita\u0142owej <strong>DGA S.A<\/strong>. \u00a0Analiz\u0105 obj\u0119to firmy z sektora <strong>M\u015aP,<\/strong> kt\u00f3re powsta\u0142y maksymalnie do 6 miesi\u0119cy wstecz, a tak\u017ce w dniu badania nie zatrudnia\u0142y wi\u0119cej ni\u017c 10 os\u00f3b. W ankiecie wzi\u0119\u0142o udzia\u0142 958 przedsi\u0119biorc\u00f3w. Odpowiedzi uzyskano za pomoc\u0105 wywiad\u00f3w telefonicznych, wspomaganych komputerowo. Dane podmiot\u00f3w pozyskano z og\u00f3lnodost\u0119pnych \u017ar\u00f3de\u0142 rejestrowych wg r\u00f3wnego podzia\u0142u na 16 wojew\u00f3dztw.<\/p>\n","protected":false},"excerpt":{"rendered":"Badanie przeprowadzone w\u015br\u00f3d firm utworzonych nie d\u0142u\u017cej ni\u017c p\u00f3\u0142 roku temu, bada zagro\u017cenia oczekuj\u0105ce na nowe przedsi\u0119biorstwa.","protected":false},"author":59,"featured_media":189936,"comment_status":"open","ping_status":"closed","sticky":false,"template":"","format":"standard","meta":{"csco_display_header_overlay":false,"csco_singular_sidebar":"","csco_page_header_type":"","csco_page_load_nextpost":"","csco_post_video_location":[],"csco_post_video_location_hash":"","csco_post_video_url":"","csco_post_video_bg_start_time":0,"csco_post_video_bg_end_time":0,"footnotes":""},"categories":[8092,9662,11435],"tags":[13053,12240,2718,3726,13050,13054,13049,13056,13051,13052,13055,4098],"class_list":{"0":"post-189935","1":"post","2":"type-post","3":"status-publish","4":"format-standard","5":"has-post-thumbnail","7":"category-finanse","8":"category-badania","9":"category-ekspert-radzi","10":"tag-andrzej-glowacki","11":"tag-badanie","12":"tag-bcc","13":"tag-biznes-2","14":"tag-dga-s-a","15":"tag-joanna-juszczyszyn-klimek","16":"tag-marek-zuber","17":"tag-softex-data","18":"tag-stanislaw-gomulka","19":"tag-uce-research","20":"tag-wojciech-warski","21":"tag-zus","22":"cs-entry","23":"cs-video-wrap"},"_links":{"self":[{"href":"https:\/\/mediarun.com\/pl\/wp-json\/wp\/v2\/posts\/189935","targetHints":{"allow":["GET"]}}],"collection":[{"href":"https:\/\/mediarun.com\/pl\/wp-json\/wp\/v2\/posts"}],"about":[{"href":"https:\/\/mediarun.com\/pl\/wp-json\/wp\/v2\/types\/post"}],"author":[{"embeddable":true,"href":"https:\/\/mediarun.com\/pl\/wp-json\/wp\/v2\/users\/59"}],"replies":[{"embeddable":true,"href":"https:\/\/mediarun.com\/pl\/wp-json\/wp\/v2\/comments?post=189935"}],"version-history":[{"count":0,"href":"https:\/\/mediarun.com\/pl\/wp-json\/wp\/v2\/posts\/189935\/revisions"}],"wp:featuredmedia":[{"embeddable":true,"href":"https:\/\/mediarun.com\/pl\/wp-json\/wp\/v2\/media\/189936"}],"wp:attachment":[{"href":"https:\/\/mediarun.com\/pl\/wp-json\/wp\/v2\/media?parent=189935"}],"wp:term":[{"taxonomy":"category","embeddable":true,"href":"https:\/\/mediarun.com\/pl\/wp-json\/wp\/v2\/categories?post=189935"},{"taxonomy":"post_tag","embeddable":true,"href":"https:\/\/mediarun.com\/pl\/wp-json\/wp\/v2\/tags?post=189935"}],"curies":[{"name":"wp","href":"https:\/\/api.w.org\/{rel}","templated":true}]}}