{"id":189804,"date":"2020-02-26T09:58:10","date_gmt":"2020-02-26T08:58:10","guid":{"rendered":"https:\/\/mediarun.com\/pl\/?p=189804"},"modified":"2020-02-26T09:58:10","modified_gmt":"2020-02-26T08:58:10","slug":"nowa-ramowka-tvn-na-2020","status":"publish","type":"post","link":"https:\/\/mediarun.com\/pl\/trendy\/nowa-ramowka-tvn-na-2020.html","title":{"rendered":"Nowa ram\u00f3wka TVN na 2020"},"content":{"rendered":"<h2>Nowe seriale i programy. Wiosenna ram\u00f3wka TVN Discovery<\/h2>\n<p>TVN Discovery przygotowuje wiele atrakcji, kt\u00f3re widzowie zobacz\u0105 ju\u017c wiosn\u0105. &#8222;Kod genetyczny&#8221; i &#8222;Motyw&#8221; to nowe seriale w ofercie TVN. Nie zabraknie te\u017c kontynuacji znanych program\u00f3w, takich jak &#8222;MasterChef Junior&#8221;, &#8222;Kuchenne rewolucje&#8221; czy &#8222;Efekt Domina&#8221;. R\u00f3wnie interesuj\u0105co prezentuje si\u0119 oferta kana\u0142\u00f3w tematycznych.<\/p>\n<p>We wtorek zosta\u0142a zaprezentowana nowa oferta programowa TVN Discovery. Na widz\u00f3w czeka wiele nowo\u015bci. Nie zabraknie te\u017c kolejnych edycji znanych i lubianych program\u00f3w.<\/p>\n<h2>&#8222;Kod genetyczny&#8221; od 2 marca, poniedzia\u0142ek, 21:30, TVN<\/h2>\n<p>&#8222;Kod genetyczny&#8221; to serial obyczajowy z w\u0105tkiem kryminalnym, w kt\u00f3rym tajemniczy wypadek stawia przeciwko sobie najbli\u017csze osoby \u2013 ojca i syna. Ich historia to dramatyczny wyb\u00f3r pomi\u0119dzy lojalno\u015bci\u0105 wobec rodziny, nami\u0119tno\u015bci\u0105 i prawd\u0105. To opowie\u015b\u0107 o sile wi\u0119z\u00f3w krwi, kt\u00f3re w ekstremalnej sytuacji \u017cyciowej mog\u0105 okaza\u0107 si\u0119 najwi\u0119ksz\u0105 s\u0142abo\u015bci\u0105 lub jedynym ratunkiem. Jak daleko mo\u017cna si\u0119 posun\u0105\u0107, by stan\u0105\u0107 w obronie tych, kt\u00f3rych kochamy?<\/p>\n<p>G\u0142\u00f3wnym bohaterem jest Tomasz Skowro\u0144ski, wybitny genetyk, pracownik Instytutu Bada\u0144 Kryminalnych. Cz\u0142owiek zasad, nieust\u0119pliwie szukaj\u0105cy prawdy. Po \u015bmierci \u017cony zwi\u0105za\u0142 si\u0119 z du\u017co m\u0142odsz\u0105, pi\u0119kn\u0105 Iz\u0105 Berger. Jednak to nie kobieta, ale praca poch\u0142ania go ca\u0142kowicie, wskutek czego popad\u0142 w konflikt z synem, Piotrem. Ch\u0142opak nie pogodzi\u0142 si\u0119 ze \u015bmierci\u0105 matki i nie akceptuje zasadniczego ojca. Napi\u0119cie w relacji eskaluje, kiedy Piotr wdaje si\u0119 w zakazany romans z Iz\u0105. Co po\u0142\u0105czy tych dwoje? Czy to prawdziwa mi\u0142o\u015b\u0107, fascynacja, kt\u00f3rej nie mo\u017cna si\u0119 oprze\u0107, czy mo\u017ce niedaj\u0105ca o sobie zapomnie\u0107 przesz\u0142o\u015b\u0107?<\/p>\n<p>Serial &#8222;Kod genetyczny&#8221; jest kolejnym autorskim projektem stacji TVN wyre\u017cyserowanym przez Adriana Panka. Autorem zdj\u0119\u0107 jest Tomasz Augustynek, za scenografi\u0119 odpowiada Maciej Fajst, kostiumy stworzy\u0142a Katarzyna Baran, za\u015b charakteryzacj\u0119 Jolanta Madejska. G\u0142\u00f3wn\u0105 scenarzystk\u0105 serialu jest Katarzyna \u015aliwi\u0144ska-K\u0142osowicz, a poszczeg\u00f3lne odcinki scenariuszy napisa\u0142y Ewa Popio\u0142ek i Monika Trz\u00f3s\u0142o. Kompozytorem muzyki do serialu jest Antoni Komasa-\u0141azarkiewicz. Kierownikiem produkcji serialu &#8222;Kod genetyczny&#8221; jest Tomasz Parnowski, a producentami \u2013 Adrianna Przetacka i Przemys\u0142aw Malec.<\/p>\n<h2>&#8222;Motyw&#8221; od 3 marca, wtorek, 21:30, TVN<\/h2>\n<p>Ka\u017cdy jest zdolny do z\u0142a, potrzebny jest tylko motyw. &#8222;Motyw&#8221; to historia o mi\u0142osnym tr\u00f3jk\u0105cie, pozorach i k\u0142amstwie, w kt\u00f3re uwik\u0142ani s\u0105 g\u0142\u00f3wni bohaterowie: Luiza, &#8222;Czarna&#8221; oraz Maks. Fabu\u0142\u0119 otwiera zbrodnia, a t\u0142em ca\u0142ej sprawy s\u0105 tajemnice sprzed lat. Kiedy w gda\u0144skiej restauracji dochodzi do strzelaniny, Luiza Por\u0119bska oraz jej m\u0105\u017c Marcin &#8222;Maks&#8221; Por\u0119bski zostaj\u0105 ranni. Podejrzenia niezw\u0142ocznie padaj\u0105 na pracuj\u0105c\u0105 w ich restauracji Ann\u0119 Czarneck\u0105. &#8222;Czarna&#8221; nie przyznaje si\u0119 do winy, sugeruje tak\u017ce, \u017ce w zdarzenie uwik\u0142ana jest jej szefowa. W rolach g\u0142\u00f3wnych zobaczymy Ma\u0142gorzat\u0119 Ko\u017cuchowsk\u0105, Agnieszk\u0119 Grochowsk\u0105 i Micha\u0142a Czerneckiego.<\/p>\n<p>Serialowa sprawa zostaje przydzielona komisarzowi Paw\u0142owi Szulcowi, \u015bledczemu z du\u017cym do\u015bwiadczeniem, ale te\u017c ogromnymi problemami w \u017cyciu prywatnym. Kobiety obwiniaj\u0105 si\u0119 wzajemnie, a Szulc szybko orientuje si\u0119, \u017ce ca\u0142a tr\u00f3jka to znajomi z czas\u00f3w liceum. Kto wi\u0119c k\u0142amie i kto mia\u0142 motyw? Sprawa, pocz\u0105tkowo oczywista, co chwila zmienia tor. Nie wystarczy odpowiedzie\u0107 na pytanie, kto strzela\u0142.<\/p>\n<p>Serial re\u017cyseruje jeden z najzdolniejszych tw\u00f3rc\u00f3w m\u0142odego pokolenia &#8211; Pawe\u0142 Ma\u015blona. Za skomponowanie muzyki odpowiada JIMEK a specjaln\u0105 piosenk\u0119 stworzy\u0142a Kasia Kowalska. Producentem serialu jest DGA Studio i Jake Vision, Dorota Ko\u015bmicka-Gacke i Jan K\u0119pi\u0144ski na zlecenie dla TVN. Za scenariusz odpowiada zesp\u00f3\u0142: Tomasz Titkow (g\u0142\u00f3wny scenarzysta), Joanna Titkow i Ewa Popio\u0142ek, pod nadzorem kreatywnym Katarzyny \u015aliwi\u0144skiej.<\/p>\n<h2>&#8222;Chy\u0142ka \u2013 Kasacja&#8221;, od 4 kwietnia, sobota, 20:00, TVN<\/h2>\n<p>&#8222;Chy\u0142ka \u2013 Kasacja&#8221; to produkcja Player Original, oparta na pierwszym tomie serii Remigiusza Mroza o prawnikach z kancelarii \u017belazny &amp; McVay. Kiedy Piotr Langer junior zostaje oskar\u017cony o brutalne morderstwo, jego ojciec, bogaty i wp\u0142ywowy biznesmen \u017c\u0105da, by obron\u0105 zaj\u0119\u0142a si\u0119 Joanna Chy\u0142ka. Wsp\u00f3\u0142praca z aresztowanym okazuje si\u0119 wyj\u0105tkowo trudna. Langer milczy, a prawnicy nie s\u0105 w stanie ustali\u0107 przebiegu wydarze\u0144, kt\u00f3re doprowadzi\u0142y do jego zatrzymania. Dowody zebrane przez policj\u0119 wskazuj\u0105 r\u00f3wnie\u017c na to, \u017ce podejrzany przebywa\u0142 ze swoimi ofiarami w mieszkaniu jeszcze dziesi\u0119\u0107 dni po ich \u015bmierci. Czy mimo tego Chy\u0142ce i Zordonowi uda si\u0119 przekona\u0107 s\u0119dzi\u00f3w o niewinno\u015bci klienta? Ambitny prokurator Karol Rejchert zrobi wszystko, by nie dopu\u015bci\u0107 do uniewinnienia m\u0142odego Langera. Wkr\u00f3tce sprawa oka\u017ce si\u0119 wyj\u0105tkowo skomplikowana i niebezpieczna nie tylko dla prawnik\u00f3w, ale tak\u017ce ich bliskich.<\/p>\n<p>Producentem serialu z ramienia TVN jest Dorota Chamczyk, producentem wykonawczym \u2013 Violetta Furmaniuk-Zaorska i Aktiv Media. Za scenariusz odpowiadaj\u0105 Justyna Stefaniak oraz Micha\u0142 Wawrzecki we wsp\u00f3\u0142pracy z Dari\u0105 Rogozi\u0144sk\u0105 i Dorot\u0105 Chamczyk. Autorem zdj\u0119\u0107 jest Mateusz Wich\u0142acz, scenografi\u0119 przygotowuje Aleksandra Kierzkowska, kostiumy &#8211; Agnieszka Werner-Szyrle. Kierownikiem produkcji jest Agnieszka Knysak-Sandecka, re\u017cyserem \u0141ukasz Palkowski.<\/p>\n<h2>&#8222;Ameryka Express&#8221; od 4 marca, \u015broda, 21:30, TVN<\/h2>\n<p>W wiosennym sezonie w roli prowadz\u0105cej zobaczymy Dari\u0119 \u0141adoch\u0119, zwyci\u0119\u017cczyni\u0119 drugiej edycji programu &#8222;Agent Gwiazdy&#8221;. Nikt jak ona nie zrozumie uczestnik\u00f3w w chwilach ich zw\u0105tpienia, momentach triumfu i walce o wygran\u0105. W wy\u015bcigu we\u017amie udzia\u0142 osiem niezwyk\u0142ych par, kt\u00f3re nigdy nie mia\u0142yby szansy spotka\u0107 si\u0119 na co dzie\u0144. To b\u0119dzie mieszanka wybuchowa! W programie zobaczymy: \u017con\u0119 Holywood, Iwon\u0119 Benjamin z m\u0119\u017cem Reggiem, braci Grzegorza i Rafa\u0142a Collins\u00f3w, Paw\u0142a Del\u0105ga z kompanem Dariuszem Lipk\u0105, Ma\u0142gorzat\u0119 Heretyk z ukochanym Ernestem Musia\u0142em, Patrycj\u0119 Markowsk\u0105 z bratni\u0105 dusz\u0105, \u017banet\u0105 Luber\u0105, przyjaci\u00f3\u0142ki Karolin\u0119 Pisarek i Mart\u0119 Gajewsk\u0105-Komorowsk\u0105, Gra\u017cyn\u0119 Wolszczak z synem Filipem Sikor\u0105 oraz koleg\u00f3w: Marcina &#8222;R\u00f3\u017cala&#8221; R\u00f3\u017calskiego z Bartoszem Fabi\u0144skim.<\/p>\n<p>Wiosenny sezon odkryje przed uczestnikami po\u0142o\u017con\u0105 w Ameryce \u015arodkowej Gwatemal\u0119 i le\u017c\u0105c\u0105 w Ameryce Po\u0142udniowej Kolumbi\u0119. Warunki b\u0119d\u0105 ekstremalne. Zmieniaj\u0105ca si\u0119 pogoda, temperatury wahaj\u0105ce si\u0119 od 0 do +40 stopni, piek\u0105ce s\u0142o\u0144ce na zmian\u0119 z gwa\u0142townymi ulewami. Okoliczno\u015bci przyrody \u2013 majestatyczne wulkany, niedost\u0119pne d\u017cungle, tropikalne wybrze\u017ca Morza Karaibskiego \u2013 zapr\u0105 dech w piersiach! Zadania za\u015b przekrocz\u0105 naj\u015bmielsze oczekiwania wszystkich. Uczestnicy b\u0119d\u0105 musieli sprawdzi\u0107 swoj\u0105 wytrwa\u0142o\u015b\u0107, p\u0142ywaj\u0105c po najwi\u0119kszym jeziorze Gwatemali, gotuj\u0105c na szczycie wulkanu czy pr\u00f3buj\u0105c przysmak\u00f3w Maj\u00f3w, niejadalnych dla Europejczyka. Odwiedz\u0105 miejsca wpisane na list\u0119 \u015bwiatowego dziedzictwa UNESCO, chocia\u017c zm\u0119czenie sprawi, \u017ce nie zawsze to zauwa\u017c\u0105.<\/p>\n<h2>&#8222;MasterChef Junior&#8221; od 8 marca, niedziela, 20:00, TVN<\/h2>\n<p>Najlepsi m\u0142odzi kucharze w Polsce ju\u017c po raz pi\u0105ty stan\u0105 w legendarnej kuchni MasterChefa! Anna Starmach, Michel Moran i Mateusz Gessler sprawdz\u0105 ich wyczucie smaku, kulinarne umiej\u0119tno\u015bci i kreatywno\u015b\u0107. Komu uda si\u0119 trafi\u0107 przez \u017co\u0142\u0105dek do serca juror\u00f3w i zdoby\u0107 tytu\u0142 MasterChefa Juniora? Na najlepsz\u0105 czternastk\u0119 najpopularniejszego kulinarnego show czeka\u0107 b\u0119d\u0105 liczne niespodzianki i arcytrudne zadania! Wyj\u0105tkowy masterclass przeprowadzi posiadacz gwiazdki Michelina, Wojciech Modest Amaro. Mistrzowski autorytet sprawdzi, jak zawodnicy poradz\u0105 sobie z przygotowaniem tatara z troci z sufletem dyniowym i dressingiem z rokitnika.<\/p>\n<p>Na planie pojawi si\u0119 tak\u017ce Magik Y, kt\u00f3ry zaprezentuje kulinarn\u0105 sztuk\u0119 iluzji! W tegorocznej edycji &#8222;MasterChef Junior&#8221; spotkamy si\u0119 r\u00f3wnie\u017c z laureatami poprzednich sezon\u00f3w. Ola Nguyen zweryfikuje umiej\u0119tno\u015bci uczestnik\u00f3w w dziedzinie kuchni azjatyckiej. Z kolei Grzegorz Zawierucha i Paulina Foremny dadz\u0105 pokaz swoich popisowych da\u0144, kt\u00f3re m\u0142odzi kucharze b\u0119d\u0105 musieli odtworzy\u0107.<\/p>\n<h2>&#8222;Kuba Wojew\u00f3dzki&#8221; od 3 marca, wtorek, 22:30, TVN<\/h2>\n<p>Kuba Wojew\u00f3dzki jest jak Pa\u0142ac Kultury i Nauki \u2013 wielu chcia\u0142oby, \u017ceby znikn\u0105\u0142, ale bez niego krajobraz nie by\u0142by ju\u017c taki sam. Jest jak portal plotkarski \u2013 niejeden udaje, \u017ce nie \u015bledzi, a jednocze\u015bnie obserwuje go z wypiekami na twarzy. Jest jak gor\u0105ca kawa o poranku \u2013 czasem parzy, ale potrzebujemy jej, by si\u0119 rozbudzi\u0107. To ju\u017c kolejny sezon show, kt\u00f3re od lat wzbudza kontrowersje, a przy tym przyci\u0105ga jak magnes.<\/p>\n<p>Rocznik, kt\u00f3ry urodzi\u0142 si\u0119 w czasie emisji pierwszych odcink\u00f3w show Wojew\u00f3dzkiego, jest ju\u017c pe\u0142noletni. Jednak b\u0142yskotliwy \u017cart Kuby, jego ci\u0119ta riposta, zdolno\u015b\u0107 do poruszania temat\u00f3w wa\u017cnych, ale tak\u017ce lekkich, to nie jest co\u015b, co si\u0119 starzeje. Showman nieustannie wzbudza zainteresowanie. M\u00f3wi\u0105 o nim wszyscy \u2013 on m\u00f3wi za po\u015brednictwem swojego programu. I wyznacza trendy. Wizyty na kanapie w programie s\u0105 odzwierciedleniem tego, co w \u015brodowisku kultury oraz show-biznesu jest aktualnie wa\u017cne i na topie. Tak\u017ce w tym sezonie u Kuby zagoszcz\u0105 aktorzy, sportowcy, piosenkarze, politycy, celebryci oraz do tego miana aspiruj\u0105cy.<\/p>\n<h2>&#8222;Kuchenne rewolucje&#8221; od 5 marca, czwartek, 21:30, TVN<\/h2>\n<p>W dziesi\u0105t\u0105 rocznic\u0119 startu programu Magda Gessler nie zwalnia tempa! W nowych odcinkach najs\u0142ynniejsza polska restauratorka zawita mi\u0119dzy innymi do pizzerii &#8222;Amore Mio&#8221; w Chorzowie i &#8222;Pizza Bella&#8221; w Ustroniu. Kr\u00f3lowa polskiej gastronomii przyb\u0119dzie te\u017c na ratunek do Pi\u0142y, gdzie mie\u015bci si\u0119 caf\u00e9 bar &#8222;Barka&#8221;. Przekonamy si\u0119 tak\u017ce, jakie zmiany czekaj\u0105 warszawskie lokale &#8222;Na okr\u0105g\u0142o&#8221; i &#8222;Villa Ostr\u00f3dzka&#8221;. Czy &#8222;Kuchenne rewolucje&#8221; przynios\u0105 wszystkim upragniony sukces?<\/p>\n<h2>&#8222;Efekt Domina&#8221; od 8 marca, niedziela, 11:30, TVN<\/h2>\n<p>W si\u00f3dmej edycji programu Dominika Kulczyk opowie historie os\u00f3b zmagaj\u0105cych si\u0119 z wieloma formami wykluczenia pod r\u00f3\u017cn\u0105 szeroko\u015bci\u0105 geograficzn\u0105, m.in. w Indiach, Senegalu, Kambod\u017cy i Polsce. Za\u0142o\u017cycielka Kulczyk Foundation odda g\u0142os tym, kt\u00f3rych na co dzie\u0144 prawie nikt nie s\u0142yszy, g\u0142\u00f3wnie kobietom i dziewczynkom. Dominika Kulczyk przypomina o potrzebie ludzkiej solidarno\u015bci i daje nadziej\u0119 napotkanym osobom na lepsze \u017cycie. Na marginalizacj\u0119 w spos\u00f3b szczeg\u00f3lny nara\u017cone s\u0105 kobiety i dzieci, dlatego &#8222;Efekt Domina&#8221; tak uporczywie upomina si\u0119 o ich godno\u015b\u0107.<\/p>\n<p>W nowym sezonie programu zabierzemy widz\u00f3w m.in. do Indii. W tym kraju nadal wiele m\u0142odych kobiet jest pozbawionych mo\u017cliwo\u015bci decydowania o swoim losie. Rozpocz\u0119cie \u017cycia seksualnego tu\u017c po pierwszej miesi\u0105czce nie jest niczym nadzwyczajnym, a nieletnie dziewczynki cz\u0119sto niemal natychmiast zachodz\u0105 w ci\u0105\u017c\u0119. Poznamy dr. Ashoka Dyalchanda z Institute of Health Management Pachod, kt\u00f3ry od kilkudziesi\u0119ciu lat walczy o prawa Hindusek \u2013 zak\u0142adniczek tradycji.<\/p>\n<h2>&#8222;Dorota inspiruje&#8221; od 8 marca, niedziela, 18:00, TVN<\/h2>\n<p>Dla wielu os\u00f3b moment, w kt\u00f3rym do drzwi zapuka Dorota Szel\u0105gowska, jest jednym z najszcz\u0119\u015bliwszych w ich \u017cyciu. Prowadz\u0105ca program jest nie tylko \u015bwietn\u0105 projektantk\u0105 wn\u0119trz, ale te\u017c psycholo\u017ck\u0105. Doskonale wyczuwa potrzeby i gust w\u0142a\u015bcicieli mieszkania. Kiedy wchodzi do czyjego\u015b domu, widzi wi\u0119cej ni\u017c inni. Od pierwszego wejrzenia wie, jak zmieni\u0107 ka\u017cde pomieszczenie tak, \u017ceby by\u0142o nie tylko pi\u0119kne, ale i u\u017cyteczne. Najcz\u0119\u015bciej musi radzi\u0107 sobie z brakiem przestrzeni i funkcjonalno\u015bci oraz przestarza\u0142ym wystrojem.<\/p>\n<p>W programie wspiera j\u0105 znana i lubiana przez widz\u00f3w ekipa remontowa \u2013 projektantka i prawa r\u0119ka Doroty \u2013 Marika, najs\u0142ynniejszy polski stolarz \u2013 Darek oraz Ivan, szef ekipy budowlanej, kt\u00f3ra urzeczywistnia wszystkie, nawet najbardziej szalone pomys\u0142y prowadz\u0105cej. To w\u0142a\u015bnie oni w ka\u017cdym odcinku zajm\u0105 si\u0119 wybranym przez uczestnik\u00f3w pomieszczeniem. Komu tym razem dopisze szcz\u0119\u015bcie i nie b\u0119dzie musia\u0142 robi\u0107 remontu na w\u0142asn\u0105 r\u0119k\u0119?<\/p>\n<h2>&#8222;Milionerzy&#8221; od 2 marca, poniedzia\u0142ek \u2013 czwartek, 20:55, TVN<\/h2>\n<p>Kiedy zasiada si\u0119 z Hubertem Urba\u0144skim oko w oko, zaczyna si\u0119 prawdziwa gra! Cho\u0107 nic nie jest pewne i los odmienia si\u0119 niespodziewanie, gwarantowane s\u0105 emocje, dobra zabawa, humor prowadz\u0105cego i wspaniali zawodnicy. Zapraszamy do zabawy i spr\u00f3bowania swoich si\u0142.<\/p>\n<p>O tym, \u017ce warto da\u0107 szans\u0119 szcz\u0119\u015bciu, przekona\u0142a si\u0119 ju\u017c tr\u00f3jka zwyci\u0119zc\u00f3w. Krzysztof W\u00f3jcik, Maria Romanek i Katarzyna Kant-Wysocka wiedz\u0105, jak to jest trzyma\u0107 w r\u0119kach czek na milion z\u0142otych! Ka\u017cdy z nich mia\u0142 sw\u00f3j spos\u00f3b na gr\u0119, na opanowanie emocji, oszacowanie ryzyka, skorzystanie z pomocy, zaufanie intuicji.<\/p>\n<h2>&#8222;36,6\u00b0C&#8221; od 7 marca, sobota, 18:00, TVN<\/h2>\n<p>Tej wiosny rozpocznie si\u0119 ju\u017c si\u00f3dmy sezon najzdrowszego programu telewizyjnego 36,6\u00b0C! Ewa Drzyzga i prof. Krzysztof \u0141abuzek na tropie najnowszych informacji medycznych, nowinek z kraju i ze \u015bwiata. Prawdziwa dawka zdrowia, z poczuciem humoru i ciekawymi go\u015b\u0107mi. Zapraszamy!<\/p>\n<p>Dbasz o zdrowie swoje i bliskich? Interesujesz si\u0119 medycyn\u0105? To w\u0142a\u015bnie dla Ciebie Ewa Drzyzga i prof. Krzysztof \u0141abuzek przetestuj\u0105 najnowsze technologie medyczne, opowiedz\u0105 o skutecznej profilaktyce, sprawdzonych badaniach i doradz\u0105 w\u0142a\u015bciw\u0105 drog\u0119 do najlepszej diagnozy, a wszystko to w przyst\u0119pny spos\u00f3b.<\/p>\n<p>W kolejnym sezonie 36,6\u00b0C pojawi\u0105 si\u0119 gwiazdy z pierwszych stron gazet, kt\u00f3re podziel\u0105 si\u0119 swoimi historiami na temat zdrowia. Po raz pierwszy, Ewa Drzyzga i prof. Krzysztof \u0141abuzek sprawdz\u0105 na w\u0142asnej sk\u00f3rze skuteczno\u015b\u0107 terapii i zabieg\u00f3w, kt\u00f3re lekarze polecaj\u0105 pacjentom. Nie zabraknie kwestii wa\u017cnych dla kobiet. Wci\u0105\u017c trwa akcja #badampiersi, w ramach kt\u00f3rej zach\u0119camy wszystkie panie do samobadania i regularnych wizyt u lekarzy oraz do wsp\u00f3lnej walki z rakiem piersi. Propagujemy tak\u017ce akcj\u0119 #jembozdrowe, dzi\u0119ki kt\u00f3rej widzowie dowiedz\u0105 si\u0119 co je\u015b\u0107, \u017ceby zachowa\u0107 zdrowie i jak zadba\u0107 o w\u0142a\u015bciw\u0105 diet\u0119 swoj\u0105 i dziecka.<\/p>\n<p>W wiosennej ram\u00f3wce TVN na widz\u00f3w czekaj\u0105 r\u00f3wnie\u017c:<\/p>\n<p>&#8222;DZIE\u0143 DOBRY TVN&#8221;, CODZIENNIE 8:00<\/p>\n<p>&#8222;NA WSP\u00d3LNEJ&#8221;, PONIEDZIA\u0141EK \u2013 CZWARTEK 20:15<\/p>\n<p>&#8222;CO ZA TYDZIE\u0143&#8221;, NIEDZIELA 12:05<\/p>\n<p>&#8222;UKRYTA PRAWDA&#8221; OD 2 MARCA, PONIEDZIA\u0141EK \u2013 PI\u0104TEK 18:00<\/p>\n<p>Na antenie TVN nie zabraknie informacji i program\u00f3w interwencyjnych:<\/p>\n<p>&#8222;FAKTY&#8221;, CODZIENNIE 19:00<\/p>\n<p>&#8222;UWAGA&#8221;, PONIEDZIA\u0141EK \u2013 PI\u0104TEK 19:50, SOBOTA \u2013 NIEDZIELA 19:45<\/p>\n<p>&#8222;SUPERWIZJER&#8221;, WTOREK 23:30<\/p>\n<p>&nbsp;<\/p>\n","protected":false},"excerpt":{"rendered":"TVN przygotowuje wiele atrakcji, kt\u00f3re widzowie zobacz\u0105 ju\u017c wiosn\u0105. Nowe seriale w ofercie, ale nie zabraknie te\u017c kontynuacji znanych program\u00f3w.","protected":false},"author":60,"featured_media":189805,"comment_status":"open","ping_status":"closed","sticky":false,"template":"","format":"standard","meta":{"csco_display_header_overlay":false,"csco_singular_sidebar":"","csco_page_header_type":"","csco_page_load_nextpost":"","csco_post_video_location":[],"csco_post_video_location_hash":"","csco_post_video_url":"","csco_post_video_bg_start_time":0,"csco_post_video_bg_end_time":0,"footnotes":""},"categories":[9670,9668,4631],"tags":[4112,7904,980,9671,98],"class_list":{"0":"post-189804","1":"post","2":"type-post","3":"status-publish","4":"format-standard","5":"has-post-thumbnail","7":"category-tv","8":"category-media","9":"category-trendy","10":"tag-media-2","11":"tag-nowosci","12":"tag-ramowka","13":"tag-tv","14":"tag-tvn","15":"cs-entry","16":"cs-video-wrap"},"_links":{"self":[{"href":"https:\/\/mediarun.com\/pl\/wp-json\/wp\/v2\/posts\/189804","targetHints":{"allow":["GET"]}}],"collection":[{"href":"https:\/\/mediarun.com\/pl\/wp-json\/wp\/v2\/posts"}],"about":[{"href":"https:\/\/mediarun.com\/pl\/wp-json\/wp\/v2\/types\/post"}],"author":[{"embeddable":true,"href":"https:\/\/mediarun.com\/pl\/wp-json\/wp\/v2\/users\/60"}],"replies":[{"embeddable":true,"href":"https:\/\/mediarun.com\/pl\/wp-json\/wp\/v2\/comments?post=189804"}],"version-history":[{"count":0,"href":"https:\/\/mediarun.com\/pl\/wp-json\/wp\/v2\/posts\/189804\/revisions"}],"wp:featuredmedia":[{"embeddable":true,"href":"https:\/\/mediarun.com\/pl\/wp-json\/wp\/v2\/media\/189805"}],"wp:attachment":[{"href":"https:\/\/mediarun.com\/pl\/wp-json\/wp\/v2\/media?parent=189804"}],"wp:term":[{"taxonomy":"category","embeddable":true,"href":"https:\/\/mediarun.com\/pl\/wp-json\/wp\/v2\/categories?post=189804"},{"taxonomy":"post_tag","embeddable":true,"href":"https:\/\/mediarun.com\/pl\/wp-json\/wp\/v2\/tags?post=189804"}],"curies":[{"name":"wp","href":"https:\/\/api.w.org\/{rel}","templated":true}]}}