{"id":189523,"date":"2020-02-10T11:33:26","date_gmt":"2020-02-10T10:33:26","guid":{"rendered":"https:\/\/mediarun.com\/pl\/?p=189523"},"modified":"2020-02-10T13:25:38","modified_gmt":"2020-02-10T12:25:38","slug":"do-pkn-orlen-przechodzi-znana-dziennikarka-tvp","status":"publish","type":"post","link":"https:\/\/mediarun.com\/pl\/ludzie\/kariera\/do-pkn-orlen-przechodzi-znana-dziennikarka-tvp.html","title":{"rendered":"PKN Orlen z now\u0105 dyrektor ds. komunikacji korporacyjnej"},"content":{"rendered":"<p>Zuzanna Falzmann, dotychczas dziennikarka Telewizji Polskiej, obj\u0119\u0142a stanowisko dyrektor wykonawczej ds. komunikacji korporacyjnej w PKN Orlen &#8211; przekaza\u0142o &#8222;Presserwisowi&#8221; biuro prasowe koncernu.<\/p>\n<blockquote class=\"twitter-tweet\">\n<p dir=\"ltr\" lang=\"pl\">Nowy rok, nowe wyzwania. Obj\u0119\u0142am w\u0142a\u015bnie funkcj\u0119 Dyrektora Wykonawczego ds. Komunikacji Korporacyjnej w <a href=\"https:\/\/twitter.com\/PKN_ORLEN?ref_src=twsrc%5Etfw\" target=\"_blank\" rel=\"noopener\">@PKN_ORLEN<\/a>. Dzi\u0119kuj\u0119 <a href=\"https:\/\/twitter.com\/DanielObajtek?ref_src=twsrc%5Etfw\" target=\"_blank\" rel=\"noopener\">@DanielObajtek<\/a> za zaufanie. A Pa\u0144stwu przepi\u0119knie dzi\u0119kuj\u0119 za ogrom ciep\u0142ych s\u0142\u00f3w i setki wiadomo\u015bci, kt\u00f3re sp\u0142ywaj\u0105 nieustannie od kilku dni. <a href=\"https:\/\/t.co\/EQoNWhN6ib\">https:\/\/t.co\/EQoNWhN6ib<\/a><\/p>\n<p>\u2014 Zuzanna Falzmann (@zuzannafalzmann) <a href=\"https:\/\/twitter.com\/zuzannafalzmann\/status\/1225394212646113280?ref_src=twsrc%5Etfw\" target=\"_blank\" rel=\"noopener\">February 6, 2020<\/a><\/p><\/blockquote>\n<p><script async src=\"https:\/\/platform.twitter.com\/widgets.js\" charset=\"utf-8\"><\/script><\/p>\n<p>Zuzanna Falzmann od listopada 2019 roku prowadzi\u0142a &#8222;Panoram\u0119&#8221; w TVP 2. Od lipca 2016 roku do czerwca 2019 roku by\u0142a korespondentk\u0105 TVP w Stanach Zjednoczonych. Od 2008 roku pracowa\u0142a w Stanach Zjednoczonych jako korespondentka Polsat News. Wcze\u015bniej by\u0142a m.in. prowadz\u0105c\u0105 i wydawczyni\u0105 programu &#8222;VIP&#8221; w TV 4. Prac\u0119 dziennikarsk\u0105 zaczyna\u0142a w TVN.<\/p>\n<p>Dwa lata temu, w lutym 2018 roku, z TVP do PKN Orlen przesz\u0142a Ewa Buga\u0142a, kt\u00f3ra zosta\u0142a dyrektorem biura komunikacji korporacyjnej. Po tym jak pojawi\u0142o si\u0119 wiele krytycznych uwag dotycz\u0105cych powierzenia jej tego stanowiska, Buga\u0142a zrezygnowa\u0142a po dw\u00f3ch dniach. Miesi\u0105c p\u00f3\u017aniej wr\u00f3ci\u0142a do telewizji publicznej.<\/p>\n","protected":false},"excerpt":{"rendered":"Dotychczas dziennikarka Telewizji Polskiej, obj\u0119\u0142a stanowisko dyrektor wykonawczej ds. komunikacji korporacyjnej w PKN Orlen.","protected":false},"author":60,"featured_media":189556,"comment_status":"open","ping_status":"closed","sticky":false,"template":"","format":"standard","meta":{"csco_display_header_overlay":false,"csco_singular_sidebar":"","csco_page_header_type":"","csco_page_load_nextpost":"","csco_post_video_location":[],"csco_post_video_location_hash":"","csco_post_video_url":"","csco_post_video_bg_start_time":0,"csco_post_video_bg_end_time":0,"footnotes":""},"categories":[9677,5909],"tags":[3621,982,4679,318,392,13014],"class_list":{"0":"post-189523","1":"post","2":"type-post","3":"status-publish","4":"format-standard","5":"has-post-thumbnail","7":"category-ludzie","8":"category-kariera","9":"tag-awans","10":"tag-kariera","11":"tag-ludzie","12":"tag-pkn-orlen","13":"tag-tvp","14":"tag-zuzanna-falzmann","15":"cs-entry","16":"cs-video-wrap"},"_links":{"self":[{"href":"https:\/\/mediarun.com\/pl\/wp-json\/wp\/v2\/posts\/189523","targetHints":{"allow":["GET"]}}],"collection":[{"href":"https:\/\/mediarun.com\/pl\/wp-json\/wp\/v2\/posts"}],"about":[{"href":"https:\/\/mediarun.com\/pl\/wp-json\/wp\/v2\/types\/post"}],"author":[{"embeddable":true,"href":"https:\/\/mediarun.com\/pl\/wp-json\/wp\/v2\/users\/60"}],"replies":[{"embeddable":true,"href":"https:\/\/mediarun.com\/pl\/wp-json\/wp\/v2\/comments?post=189523"}],"version-history":[{"count":0,"href":"https:\/\/mediarun.com\/pl\/wp-json\/wp\/v2\/posts\/189523\/revisions"}],"wp:featuredmedia":[{"embeddable":true,"href":"https:\/\/mediarun.com\/pl\/wp-json\/wp\/v2\/media\/189556"}],"wp:attachment":[{"href":"https:\/\/mediarun.com\/pl\/wp-json\/wp\/v2\/media?parent=189523"}],"wp:term":[{"taxonomy":"category","embeddable":true,"href":"https:\/\/mediarun.com\/pl\/wp-json\/wp\/v2\/categories?post=189523"},{"taxonomy":"post_tag","embeddable":true,"href":"https:\/\/mediarun.com\/pl\/wp-json\/wp\/v2\/tags?post=189523"}],"curies":[{"name":"wp","href":"https:\/\/api.w.org\/{rel}","templated":true}]}}