{"id":189483,"date":"2020-02-04T14:52:02","date_gmt":"2020-02-04T13:52:02","guid":{"rendered":"https:\/\/mediarun.com\/pl\/?p=189483"},"modified":"2020-02-05T09:32:53","modified_gmt":"2020-02-05T08:32:53","slug":"lenovo-z-nowym-prezesem","status":"publish","type":"post","link":"https:\/\/mediarun.com\/pl\/ludzie\/kariera\/lenovo-z-nowym-prezesem.html","title":{"rendered":"LENOVO z nowym prezesem EMEA"},"content":{"rendered":"<h2>Nowy prezes regionu EMEA w Lenovo Data Center Group (DCG)<\/h2>\n<p><strong>Giovanni Di Filippo<\/strong> do\u0142\u0105czy\u0142 do Lenovo Data Center Group (DCG) jako <strong>prezes regionu Europy, Afryki i Bliskiego Wschodu (EMEA)<\/strong>, gdzie b\u0119dzie rozwija\u0107 dzia\u0142alno\u015b\u0107 firmy oraz jej relacje z partnerami i klientami w segmencie centr\u00f3w danych.<\/p>\n<p>Giovanni wnosi do Lenovo DCG imponuj\u0105ce do\u015bwiadczenie. Zajmuj\u0105c r\u00f3\u017cne wy\u017csze stanowiska kierownicze, <strong>optymalizowa\u0142 prac\u0119 dzia\u0142\u00f3w sprzeda\u017cy w mi\u0119dzynarodowych firmach technologicznych osi\u0105gaj\u0105cych obroty rz\u0119du miliard\u00f3w dolar\u00f3w.<\/strong><\/p>\n<p>Przed przej\u015bciem do<strong> Lenovo, Giovanni Di Filippo<\/strong> by\u0142 wiceprezesem regionu EMEA ds. wsp\u00f3\u0142pracy z partnerami, sprzeda\u017cy i sojuszy strategicznych w firmie <strong>Riverbed Technology<\/strong>, w kt\u00f3rej realizowana przez niego strategia zorientowana na kana\u0142y sprzeda\u017cy zaowocowa\u0142a tytu\u0142em<strong> Regionu Roku<\/strong>. Wcze\u015bniej zajmowa\u0142 r\u00f3\u017cne stanowiska na szczeblu wiceprezesa globalnego w dzia\u0142ach wsp\u00f3\u0142pracy z partnerami i sprzeda\u017cy SAP. W <strong>Cisco<\/strong> zajmowa\u0142 pocz\u0105tkowo stanowisko dyrektora zarz\u0105dzaj\u0105cego region\u00f3w Europy \u015arodkowej i Wschodniej oraz Zatoki Perskiej, a nast\u0119pnie ca\u0142ego regionu <strong>Europy \u015arodkowej i Wschodniej<\/strong>, WNP i Bliskiego Wschodu, obejmuj\u0105cego 42 pa\u0144stwa i osi\u0105gaj\u0105cego obroty 3 mld USD. Przedtem zyska\u0142 do\u015bwiadczenie jako lider w firmach <strong>Sun Microsystems i Compaq Computers<\/strong>, rozwijaj\u0105c sprzeda\u017c w \u015brodowiskach mi\u0119dzynarodowych. Ostatnio <strong>Giovanni<\/strong> wsp\u00f3\u0142pracowa\u0142 z kilkoma europejskimi startupami, dbaj\u0105c o ich stabilny rozw\u00f3j i organizuj\u0105c mi\u0119dzynarodowe dzia\u0142y sprzeda\u017cy, co zapewni\u0142o mu cenny wgl\u0105d w kwestie biznesowej sprawno\u015bci i innowacyjno\u015bci.<\/p>\n<p>Giovanni jest zdeklarowanym <strong>zwolennikiem inteligentnych modeli sprzeda\u017cy<\/strong> opartych na ca\u0142ym ekosystemie partner\u00f3w. Opracowa\u0142 w\u0142asn\u0105, innowacyjn\u0105 architektur\u0119 biznesow\u0105 nowej generacji znan\u0105 jako model szybkiej sprzeda\u017cy operacyjnej i model kwadrantu partnerskiego. Jego pasj\u0105 jest te\u017c rozw\u00f3j pracownik\u00f3w i budowanie zespo\u0142u, kt\u00f3ry koncentruje si\u0119 na satysfakcjonuj\u0105cej i owocnej wsp\u00f3\u0142pracy z partnerami i klientami.<\/p>\n<blockquote><p>Technologia mo\u017ce zrobi\u0107 bardzo wiele dla spo\u0142ecze\u0144stwa cyfrowego, je\u015bli w centrum dzia\u0142a\u0144 znajdzie si\u0119 cz\u0142owiek i jego do\u015bwiadczenie, kt\u00f3re <strong>pozwoli znale\u017a\u0107 odpowiedzi na pytania<\/strong> &#8211; jak powinna dzia\u0142a\u0107 inteligentna technologia by s\u0142u\u017cy\u0142a wszystkim, jak mo\u017ce u\u0142atwi\u0107 codzienne \u017cycie, a nawet jak realnie mo\u017ce pom\u00f3c w rozwi\u0105zaniu niekt\u00f3rych z najwi\u0119kszych wyzwa\u0144 ludzko\u015bci \u00a0<span style=\"color: #333333;\">\u2014 m\u00f3wi Giovanni.<\/span><\/p><\/blockquote>\n<p><strong>Giovanni mieszka w Szwajcarii, w Zurychu<\/strong>. Ma tytu\u0142y licencjata i magistra w r\u00f3\u017cnych dziedzinach, takich jak bankowo\u015b\u0107, administracja w biznesie, sprzeda\u017c i marketing, a tak\u017ce kilka dyplom\u00f3w biznesowych z r\u00f3\u017cnych kraj\u00f3w. Wi\u0119cej informacji od samego <strong>Giovanniego<\/strong> b\u0119dzie mo\u017cna us\u0142ysze\u0107 podczas MWC&#8217;20 w Barcelonie od 24 lutego.<\/p>\n<p>&nbsp;<\/p>\n","protected":false},"excerpt":{"rendered":"Prezes regionu Europy, Afryki i Bliskiego Wschodu b\u0119dzie rozwija\u0107 dzia\u0142alno\u015b\u0107 firmy oraz jej relacje z partnerami i klientami w segmencie centr\u00f3w danych.","protected":false},"author":59,"featured_media":189485,"comment_status":"open","ping_status":"closed","sticky":false,"template":"","format":"standard","meta":{"csco_display_header_overlay":false,"csco_singular_sidebar":"","csco_page_header_type":"","csco_page_load_nextpost":"","csco_post_video_location":[],"csco_post_video_location_hash":"","csco_post_video_url":"","csco_post_video_bg_start_time":0,"csco_post_video_bg_end_time":0,"footnotes":""},"categories":[5909,8111,9677],"tags":[3621,13001,982,311,3534,13002],"class_list":{"0":"post-189483","1":"post","2":"type-post","3":"status-publish","4":"format-standard","5":"has-post-thumbnail","7":"category-kariera","8":"category-it","9":"category-ludzie","10":"tag-awans","11":"tag-giovanni-di-filippo","12":"tag-kariera","13":"tag-lenovo","14":"tag-prezes","15":"tag-riverberd-technology","16":"cs-entry","17":"cs-video-wrap"},"_links":{"self":[{"href":"https:\/\/mediarun.com\/pl\/wp-json\/wp\/v2\/posts\/189483","targetHints":{"allow":["GET"]}}],"collection":[{"href":"https:\/\/mediarun.com\/pl\/wp-json\/wp\/v2\/posts"}],"about":[{"href":"https:\/\/mediarun.com\/pl\/wp-json\/wp\/v2\/types\/post"}],"author":[{"embeddable":true,"href":"https:\/\/mediarun.com\/pl\/wp-json\/wp\/v2\/users\/59"}],"replies":[{"embeddable":true,"href":"https:\/\/mediarun.com\/pl\/wp-json\/wp\/v2\/comments?post=189483"}],"version-history":[{"count":0,"href":"https:\/\/mediarun.com\/pl\/wp-json\/wp\/v2\/posts\/189483\/revisions"}],"wp:featuredmedia":[{"embeddable":true,"href":"https:\/\/mediarun.com\/pl\/wp-json\/wp\/v2\/media\/189485"}],"wp:attachment":[{"href":"https:\/\/mediarun.com\/pl\/wp-json\/wp\/v2\/media?parent=189483"}],"wp:term":[{"taxonomy":"category","embeddable":true,"href":"https:\/\/mediarun.com\/pl\/wp-json\/wp\/v2\/categories?post=189483"},{"taxonomy":"post_tag","embeddable":true,"href":"https:\/\/mediarun.com\/pl\/wp-json\/wp\/v2\/tags?post=189483"}],"curies":[{"name":"wp","href":"https:\/\/api.w.org\/{rel}","templated":true}]}}