{"id":189380,"date":"2020-01-30T17:45:03","date_gmt":"2020-01-30T16:45:03","guid":{"rendered":"https:\/\/mediarun.com\/pl\/?p=189380"},"modified":"2020-01-30T17:45:03","modified_gmt":"2020-01-30T16:45:03","slug":"grupa-lux-med-z-nowym-dyrektorem-komunikacji-korporacyjnej-i-pr","status":"publish","type":"post","link":"https:\/\/mediarun.com\/pl\/ludzie\/kariera\/grupa-lux-med-z-nowym-dyrektorem-komunikacji-korporacyjnej-i-pr.html","title":{"rendered":"Grupa LUX MED z nowym Dyrektorem komunikacji korporacyjnej i PR"},"content":{"rendered":"<h1>Zmiana w Grupie LUX MED<\/h1>\n<p>Dyrektorem departamentu komunikacji korporacyjnej i PR zosta\u0142 <strong>\u0141ukasz Niewola<\/strong>. Do jego zada\u0144 nale\u017cy zarz\u0105dzanie strategi\u0105 wizerunkow\u0105 i komunikacyjn\u0105 firmy. Zast\u0105pi\u0142 na tym stanowisku Grzegorza Stachacza, kt\u00f3ry pe\u0142ni\u0142 t\u0119 funkcj\u0119 od 2018 roku.<\/p>\n<p>Zmiana wynika z prowadzonego przez Grup\u0119 Lux Med programu rozwoju kadr. W jego wyniku zasz\u0142y zmiany na stanowisku dyrektora i wice dyrektora departamentu komunikacji korporacyjnej i PR.<\/p>\n<p>Poprzedni dyrektor departamentu komunikacji korporacyjnej i PR \u2013 <strong>Grzegorz Stachacz<\/strong> \u2013 pozostaje w Grupie LUX MED. Od stycznia 2020 roku pracuje na nowo utworzonym stanowisku wicedyrektora ds. PR medycznego. Odpowiada za public affairs oraz PR obszaru medycznego.<\/p>\n<h2>Grupa LUX MED<\/h2>\n<p><strong>Grupa LUX MED<\/strong> powsta\u0142a w procesie rozpocz\u0119tej w 2007 r. integracji plac\u00f3wek medycznych znanych wcze\u015bniej pod markami: CM LIM, LUX MED, Medycyna Rodzinna, PROMEDIS. Dzi\u0119ki wykorzystaniu najlepszych praktyk ka\u017cdej z sieci i w my\u015bl has\u0142a \u201eKilka tradycji &#8211; jeden zdrowy cel&#8221; powsta\u0142a jedna profesjonalna i nowoczesna organizacja.<\/p>\n<p>Dzi\u015b <strong>Grupa LUX MED<\/strong> jest liderem rynku prywatnych us\u0142ug medycznych w Polsce oraz cz\u0119\u015bci\u0105 uznanej mi\u0119dzynarodowej organizacji &#8211; Bupa, obs\u0142uguj\u0105cej 32 mln Klient\u00f3w w ponad 190 krajach. Grupa zatrudnia ponad 15 000 pracownik\u00f3w (w tym oko\u0142o 6 800 lekarzy kilkudziesi\u0119ciu specjalizacji). Pod jej opiek\u0105 znajduje si\u0119 oko\u0142o 2 000 000 Pacjent\u00f3w. Posiada sie\u0107 ponad 200 plac\u00f3wek w\u0142asnych i wsp\u00f3\u0142pracuje z oko\u0142o 2 600 poradniami partnerskimi w ca\u0142ym kraju.<\/p>\n<p>&nbsp;<\/p>\n<p>Zobacz te\u017c <a href=\"https:\/\/mediarun.com\/tag\/awans\">awanse<\/a>:<\/p>\n<ul>\n<li><a href=\"https:\/\/mediarun.com\/ludzie\/awanse\/onet-pl-z-nowym-szefem-strony-glownej.html\">ONET.PL z nowym szefem Strony G\u0142\u00f3wnej<\/a><\/li>\n<li><a href=\"https:\/\/mediarun.com\/ludzie\/nowa-dyrektor-marketingu-w-rtv-euro-agd.html\">RTV EURO AGD z now\u0105 Dyrektor Marketingu<\/a><\/li>\n<\/ul>\n","protected":false},"excerpt":{"rendered":"Zmiana wynika z prowadzonego przez Grup\u0119 Lux Med programu rozwoju kadr.","protected":false},"author":60,"featured_media":189381,"comment_status":"open","ping_status":"closed","sticky":false,"template":"","format":"standard","meta":{"csco_display_header_overlay":false,"csco_singular_sidebar":"","csco_page_header_type":"","csco_page_load_nextpost":"","csco_post_video_location":[],"csco_post_video_location_hash":"","csco_post_video_url":"","csco_post_video_bg_start_time":0,"csco_post_video_bg_end_time":0,"footnotes":""},"categories":[9678,5909,9677],"tags":[3621,12991,12989,6200,982,1916,12990,4009],"class_list":{"0":"post-189380","1":"post","2":"type-post","3":"status-publish","4":"format-standard","5":"has-post-thumbnail","7":"category-awanse","8":"category-kariera","9":"category-ludzie","10":"tag-awans","11":"tag-grupa-lux-med","12":"tag-grzegorz-stachacz","13":"tag-kadry","14":"tag-kariera","15":"tag-lux-med","16":"tag-lukasz-niewola","17":"tag-praca-2","18":"cs-entry","19":"cs-video-wrap"},"_links":{"self":[{"href":"https:\/\/mediarun.com\/pl\/wp-json\/wp\/v2\/posts\/189380","targetHints":{"allow":["GET"]}}],"collection":[{"href":"https:\/\/mediarun.com\/pl\/wp-json\/wp\/v2\/posts"}],"about":[{"href":"https:\/\/mediarun.com\/pl\/wp-json\/wp\/v2\/types\/post"}],"author":[{"embeddable":true,"href":"https:\/\/mediarun.com\/pl\/wp-json\/wp\/v2\/users\/60"}],"replies":[{"embeddable":true,"href":"https:\/\/mediarun.com\/pl\/wp-json\/wp\/v2\/comments?post=189380"}],"version-history":[{"count":0,"href":"https:\/\/mediarun.com\/pl\/wp-json\/wp\/v2\/posts\/189380\/revisions"}],"wp:featuredmedia":[{"embeddable":true,"href":"https:\/\/mediarun.com\/pl\/wp-json\/wp\/v2\/media\/189381"}],"wp:attachment":[{"href":"https:\/\/mediarun.com\/pl\/wp-json\/wp\/v2\/media?parent=189380"}],"wp:term":[{"taxonomy":"category","embeddable":true,"href":"https:\/\/mediarun.com\/pl\/wp-json\/wp\/v2\/categories?post=189380"},{"taxonomy":"post_tag","embeddable":true,"href":"https:\/\/mediarun.com\/pl\/wp-json\/wp\/v2\/tags?post=189380"}],"curies":[{"name":"wp","href":"https:\/\/api.w.org\/{rel}","templated":true}]}}