{"id":189356,"date":"2020-01-29T09:48:02","date_gmt":"2020-01-29T08:48:02","guid":{"rendered":"https:\/\/mediarun.com\/pl\/?p=189356"},"modified":"2020-01-29T09:48:02","modified_gmt":"2020-01-29T08:48:02","slug":"zmiany-na-facebooku-zwiekszone-mozliwosci-ochrony-prywatnosci","status":"publish","type":"post","link":"https:\/\/mediarun.com\/pl\/digital\/social-media\/zmiany-na-facebooku-zwiekszone-mozliwosci-ochrony-prywatnosci.html","title":{"rendered":"Zmiany na Facebooku &#8211; zwi\u0119kszone mo\u017cliwo\u015bci ochrony prywatno\u015bci"},"content":{"rendered":"<h1>Facebook zwi\u0119ksza mo\u017cliwo\u015bci ochrony prywatno\u015bci<\/h1>\n<p>Jednym z g\u0142\u00f3wnych cel\u00f3w Facebooka na nast\u0119pn\u0105 dekad\u0119 jest zbudowanie znacznie silniejszej ochrony prywatno\u015bci dla wszystkich u\u017cytkownik\u00f3w.<\/p>\n<blockquote><p>\u201eJest to priorytet dla naszych zespo\u0142\u00f3w i dla mnie osobi\u015bcie\u201d. M<span style=\"color: #333333;\">\u00f3wi Mark Zuckerberg<\/span><\/p><\/blockquote>\n<h3>Zach\u0119canie ludzi do przegl\u0105du ustawie\u0144 prywatno\u015bci<\/h3>\n<p>W ci\u0105gu najbli\u017cszych kilku tygodni prawie 2 miliardom u\u017cytkownik\u00f3w na ca\u0142ym \u015bwiecie poka\u017ce si\u0119 komunikat, zach\u0119caj\u0105c ich do sprawdzenia swoich ustawie\u0144 prywatno\u015bci. B\u0119dzie to wiadomo\u015b\u0107, kt\u00f3ra przekieruje do narz\u0119dzia sprawdzania prywatno\u015bci , kt\u00f3re niedawno zosta\u0142o zaktualizowane. Dzi\u0119ki temu jeszcze \u0142atwiej mo\u017cna ustali\u0107, kto wy\u015bwietla Twoje posty i informacje w profilu, wzmocni\u0107 bezpiecze\u0144stwo konta, w\u0142\u0105czaj\u0105c alerty logowania i przegl\u0105da\u0107 informacje, kt\u00f3re udost\u0119pniasz aplikacjom na Facebooku.<\/p>\n<h3>Wi\u0119ksza kontrola nad aktywno\u015bci\u0105 poza Facebookiem<\/h3>\n<p>Na dzie\u0144 dzisiejszy narz\u0119dzie aktywno\u015bci poza Facebookiem jest dost\u0119pne dla u\u017cytkownik\u00f3w na ca\u0142ym \u015bwiecie. Inne firmy przekazuj\u0105 informacje o Twojej aktywno\u015bci w swoich witrynach, a Facebook wykorzystuje te informacje, aby wy\u015bwietla\u0107 reklamy, kt\u00f3re s\u0105 dla spersonalizowane indywidualnie dla ka\u017cdego u\u017cytkownika. Teraz istnieje mo\u017cliwo\u015b\u0107 zobaczy\u0107 podsumowanie aktywno\u015bci i w razie ch\u0119ci usun\u0105\u0107 je ze swojego konta.<br \/>\nAktywno\u015b\u0107 poza Facebookiem wyznacza nowy poziom przejrzysto\u015bci i kontroli. Pracujemy nad tym przez jaki\u015b czas, poniewa\u017c musieli\u015bmy przebudowa\u0107 niekt\u00f3re nasze systemy, aby by\u0142o to mo\u017cliwe.<\/p>\n<h3>Alerty dotycz\u0105ce login\u00f3w stron trzecich<\/h3>\n<p>Logowanie przez Facebooka pozwala zalogowa\u0107 si\u0119 do innych aplikacji i us\u0142ug, takich jak gry, czy platformy streamingowe. Facebook wprowadza Powiadomienia o logowaniu. Facebook powiadomi Ci\u0119, gdy korzystasz z funkcji logowania do Facebooka, loguj\u0105c si\u0119 do aplikacji innych firm. Dzi\u0119ki temu mamy wgl\u0105d, w jaki spos\u00f3b konto jest u\u017cywane, i mo\u017cliwo\u015b\u0107 edytowania ustawie\u0144.<\/p>\n<p>Tego mo\u017cemy dowiedzie\u0107 si\u0119 z najnowszego sprawozdania Marka Zuckerberga<\/p>\n<p>&nbsp;<\/p>\n","protected":false},"excerpt":{"rendered":"Jednym z g\u0142\u00f3wnych cel\u00f3w Facebooka na nast\u0119pn\u0105 dekad\u0119 jest zbudowanie znacznie silniejszej ochrony prywatno\u015bci dla wszystkich u\u017cytkownik\u00f3w.","protected":false},"author":60,"featured_media":189358,"comment_status":"open","ping_status":"closed","sticky":false,"template":"","format":"standard","meta":{"csco_display_header_overlay":false,"csco_singular_sidebar":"","csco_page_header_type":"","csco_page_load_nextpost":"","csco_post_video_location":[],"csco_post_video_location_hash":"","csco_post_video_url":"","csco_post_video_bg_start_time":0,"csco_post_video_bg_end_time":0,"footnotes":""},"categories":[20,4630,4631],"tags":[128,3160,9998,316],"class_list":{"0":"post-189356","1":"post","2":"type-post","3":"status-publish","4":"format-standard","5":"has-post-thumbnail","7":"category-social-media","8":"category-digital","9":"category-trendy","10":"tag-facebook","11":"tag-mark-zuckerberg","12":"tag-prywatnosc-w-sieci","13":"tag-social-media-2","14":"cs-entry","15":"cs-video-wrap"},"_links":{"self":[{"href":"https:\/\/mediarun.com\/pl\/wp-json\/wp\/v2\/posts\/189356","targetHints":{"allow":["GET"]}}],"collection":[{"href":"https:\/\/mediarun.com\/pl\/wp-json\/wp\/v2\/posts"}],"about":[{"href":"https:\/\/mediarun.com\/pl\/wp-json\/wp\/v2\/types\/post"}],"author":[{"embeddable":true,"href":"https:\/\/mediarun.com\/pl\/wp-json\/wp\/v2\/users\/60"}],"replies":[{"embeddable":true,"href":"https:\/\/mediarun.com\/pl\/wp-json\/wp\/v2\/comments?post=189356"}],"version-history":[{"count":0,"href":"https:\/\/mediarun.com\/pl\/wp-json\/wp\/v2\/posts\/189356\/revisions"}],"wp:featuredmedia":[{"embeddable":true,"href":"https:\/\/mediarun.com\/pl\/wp-json\/wp\/v2\/media\/189358"}],"wp:attachment":[{"href":"https:\/\/mediarun.com\/pl\/wp-json\/wp\/v2\/media?parent=189356"}],"wp:term":[{"taxonomy":"category","embeddable":true,"href":"https:\/\/mediarun.com\/pl\/wp-json\/wp\/v2\/categories?post=189356"},{"taxonomy":"post_tag","embeddable":true,"href":"https:\/\/mediarun.com\/pl\/wp-json\/wp\/v2\/tags?post=189356"}],"curies":[{"name":"wp","href":"https:\/\/api.w.org\/{rel}","templated":true}]}}