{"id":189326,"date":"2020-01-27T15:53:07","date_gmt":"2020-01-27T14:53:07","guid":{"rendered":"https:\/\/mediarun.com\/pl\/?p=189326"},"modified":"2020-01-27T18:32:28","modified_gmt":"2020-01-27T17:32:28","slug":"nowa-dyrektor-marketingu-w-rtv-euro-agd","status":"publish","type":"post","link":"https:\/\/mediarun.com\/pl\/ludzie\/kariera\/nowa-dyrektor-marketingu-w-rtv-euro-agd.html","title":{"rendered":"RTV EURO AGD z now\u0105 Dyrektor Marketingu"},"content":{"rendered":"<h2>Nowa dyrektor marketingu w RTV EURO AGD<\/h2>\n<p>Z pocz\u0105tkiem stycznia Sylwia Kocon, laureatka ubieg\u0142orocznej IX Edycji Konkursu <strong>Dyrektor Marketingu Roku 2019<\/strong> obj\u0119\u0142a stanowisko dyrektor marketingu w RTV EURO AGD i odpowiada za strategi\u0119 oraz ca\u0142o\u015b\u0107 dzia\u0142a\u0144 marketingowych sieci \u2013 ATL, BTL, social media, e-mail marketing i CRM.<\/p>\n<p><strong>Sylwia Kocon<\/strong> to marketingowiec z wieloletnim do\u015bwiadczeniem strategicznym i operacyjnym, rozwijanym zar\u00f3wno w strukturach mi\u0119dzynarodowych korporacji, jak i w polskich organizacjach. Jej zainteresowania zawodowe to przede wszystkim opracowywanie kr\u00f3tko- i d\u0142ugoterminowych strategii marek, kampanie digitalowe, a tak\u017ce szeroko poj\u0119ty marketing konsumencki i aktywacje prosprzeda\u017cowe.<\/p>\n<blockquote><p>\u2013 Ciesz\u0119 si\u0119, \u017ce Sylwia do\u0142\u0105czy\u0142a do naszego zespo\u0142u. Poszukiwali\u015bmy osoby, kt\u00f3ra b\u0119dzie mia\u0142a du\u017ce do\u015bwiadczenie z wielu rynk\u00f3w, wiedz\u0119 merytoryczn\u0105, kreatywne podej\u015bcie do zada\u0144 marketingowych oraz ch\u0119\u0107 poszukiwania nowych kierunk\u00f3w rozwoju dla naszej marki \u2013 <strong>powiedzia\u0142 Grzegorz Wachowicz, Dyrektor Pionu Handlu i Marketingu w RTV EURO AGD.<\/strong> \u2013 Retail jest jedn\u0105 z najdynamiczniej rozwijaj\u0105cych si\u0119 bran\u017c, w kt\u00f3rej trzeba \u017cywo reagowa\u0107 na zmieniaj\u0105ce si\u0119 trendy konsumenckie, zmiany technologiczne i nowe wyzwania. A jako lider chcemy wprowadza\u0107 innowacyjne rozwi\u0105zania, kt\u00f3re stan\u0105 si\u0119 punktem odniesienia na polskim rynku.<\/p><\/blockquote>\n<p>Przez ostatnie 2 lata Sylwia Kocon zwi\u0105zana by\u0142a z <strong>OSM Pi\u0105tnica<\/strong>, w kt\u00f3rej pe\u0142ni\u0142a funkcj\u0119 dyrektor marketingu. Wcze\u015bniej przez 2,5 roku pracowa\u0142a jako dyrektor marketingu w MILA S.A. (poprzednio Polomarket), a w latach 2011-2014 w Unilever Polska Sp. z o.o. by\u0142a pocz\u0105tkowo Brand Building Director Poland &amp; Baltics for Personal Care, a p\u00f3\u017aniej Brand Building Director CEE for House Hold Care Category oraz Brand Building Director Poland and Baltics for Home Care.<\/p>\n<p>Sylwia to autorka wielu nagradzanych kampanii reklamowych. Dwukrotnie zdoby\u0142a Effie \u2013 za kampani\u0119 marki Kujawski z pierwszego t\u0142oczenia oraz za kampani\u0119 marki Fortuna, a tak\u017ce Cannes Lion za kampani\u0119 \u201e\u015awie\u017ca ryba\u201d.<\/p>\n<p>W 2019 r. w konkursie Dyrektor Marketingu Roku otrzyma\u0142a nagrod\u0119 w dw\u00f3ch kategoriach \u2013 Dyrektora Marketingu i Sprzeda\u017cy Roku oraz w kategorii bran\u017cowej Dyrektor Marketingu Roku: Produkty \u017bywno\u015bciowe.<\/p>\n<blockquote><p>\u2013 RTV EURO AGD to lider sprzeda\u017cy elektroniki u\u017cytkowej. To silna polska marka z 30-letni\u0105 tradycj\u0105, kt\u00f3rej klienci ufaj\u0105 \u2013 <strong>powiedzia\u0142a Sylwia Kocon, Dyrektor Marketingu w RTV EURO AGD.<\/strong> \u2013 Mo\u017cliwo\u015b\u0107 do\u0142\u0105czenia do firmy, kt\u00f3ra tak dynamicznie rozwija\u0142a si\u0119 przez ostanie 3 dekady, konsekwentnie buduj\u0105c swoj\u0105 pozycj\u0119 i wprowadzaj\u0105c unikalne na rynku rozwi\u0105zania to dla mnie wyzwanie i przyjemno\u015b\u0107.<\/p><\/blockquote>\n<p>Zobacz te\u017c: <strong><a href=\"https:\/\/mediarun.com\/wydarzenia\/konkursy\/poznaj-najlepszych-marketerow-w-polsce-2019-wyniki-konkursu-dyrektor-marketingu-roku-2019.html\">Dyrektor Marketingu Roku 2019<\/a><\/strong><\/p>\n","protected":false},"excerpt":{"rendered":"Nowa Dyrektor Marketingu w RTV EURO AGD to marketingowiec z wieloletnim do\u015bwiadczeniem strategicznym i operacyjnym, rozwijanym w r\u00f3\u017cnych organizacjach.","protected":false},"author":60,"featured_media":189327,"comment_status":"open","ping_status":"closed","sticky":false,"template":"","format":"standard","meta":{"csco_display_header_overlay":false,"csco_singular_sidebar":"","csco_page_header_type":"","csco_page_load_nextpost":"","csco_post_video_location":[],"csco_post_video_location_hash":"","csco_post_video_url":"","csco_post_video_bg_start_time":0,"csco_post_video_bg_end_time":0,"footnotes":""},"categories":[9677,5909],"tags":[6495,3814,982,12985,4009,6777,12984],"class_list":{"0":"post-189326","1":"post","2":"type-post","3":"status-publish","4":"format-standard","5":"has-post-thumbnail","7":"category-ludzie","8":"category-kariera","9":"tag-dmr","10":"tag-dyrektor-marketingu","11":"tag-kariera","12":"tag-osm-piatnica","13":"tag-praca-2","14":"tag-rtv-euro-agd","15":"tag-sylwia-kocon","16":"cs-entry","17":"cs-video-wrap"},"_links":{"self":[{"href":"https:\/\/mediarun.com\/pl\/wp-json\/wp\/v2\/posts\/189326","targetHints":{"allow":["GET"]}}],"collection":[{"href":"https:\/\/mediarun.com\/pl\/wp-json\/wp\/v2\/posts"}],"about":[{"href":"https:\/\/mediarun.com\/pl\/wp-json\/wp\/v2\/types\/post"}],"author":[{"embeddable":true,"href":"https:\/\/mediarun.com\/pl\/wp-json\/wp\/v2\/users\/60"}],"replies":[{"embeddable":true,"href":"https:\/\/mediarun.com\/pl\/wp-json\/wp\/v2\/comments?post=189326"}],"version-history":[{"count":0,"href":"https:\/\/mediarun.com\/pl\/wp-json\/wp\/v2\/posts\/189326\/revisions"}],"wp:featuredmedia":[{"embeddable":true,"href":"https:\/\/mediarun.com\/pl\/wp-json\/wp\/v2\/media\/189327"}],"wp:attachment":[{"href":"https:\/\/mediarun.com\/pl\/wp-json\/wp\/v2\/media?parent=189326"}],"wp:term":[{"taxonomy":"category","embeddable":true,"href":"https:\/\/mediarun.com\/pl\/wp-json\/wp\/v2\/categories?post=189326"},{"taxonomy":"post_tag","embeddable":true,"href":"https:\/\/mediarun.com\/pl\/wp-json\/wp\/v2\/tags?post=189326"}],"curies":[{"name":"wp","href":"https:\/\/api.w.org\/{rel}","templated":true}]}}