{"id":189208,"date":"2020-01-20T13:03:46","date_gmt":"2020-01-20T12:03:46","guid":{"rendered":"https:\/\/mediarun.com\/pl\/?p=189208"},"modified":"2020-01-20T14:33:06","modified_gmt":"2020-01-20T13:33:06","slug":"eurosport-z-nowym-dyrektorem","status":"publish","type":"post","link":"https:\/\/mediarun.com\/pl\/ludzie\/kariera\/eurosport-z-nowym-dyrektorem.html","title":{"rendered":"EUROSPORT  z nowym dyrektorem"},"content":{"rendered":"<p><strong>Maciej S\u0142omczy\u0144ski obj\u0105\u0142 nowo utworzone stanowisko Production &amp; Olympic Games Director w<\/strong> polskim Eurosporcie. B\u0119dzie nadzorowa\u0142 ca\u0142o\u015b\u0107 dzia\u0142a\u0144 produkcyjnych stacji, zar\u00f3wno w telewizji linearnej, jak i przestrzeni cyfrowej oraz odpowiada\u0142 za przygotowanie stacji do<strong> Igrzysk Olimpijskich Tokio 2020<\/strong> i kolejnych.<\/p>\n<p>Maciej S\u0142omczy\u0144ski, kt\u00f3ry obj\u0105\u0142 nowe stanowisko wraz z pocz\u0105tkiem 2020 roku, ma ogromne do\u015bwiadczenie telewizyjne. <strong>Przez 15 lat pracowa\u0142 w TVN24,<\/strong> gdzie by\u0142 ostatnio szefem Zespo\u0142u Projekt\u00f3w Specjalnych. W ci\u0105gu lat sp\u0119dzonych w najwi\u0119kszej telewizji informacyjnej w Polsce by\u0142 m.in. wydawc\u0105 i producentem flagowych pasm i program\u00f3w kana\u0142u, jednym z pierwszych szef\u00f3w Kontakt24, wydawc\u0105 Fakt\u00f3w TVN, a tak\u017ce <strong>re\u017cyserem i wydawc\u0105 wieczor\u00f3w wyborczych<\/strong>. Od 2016 roku by\u0142 szefem <strong>TOTERAZ<\/strong> \u2013 pierwszego w Polsce serwisu produkuj\u0105cego pionowe wideo, dedykowane urz\u0105dzeniom mobilnym i mediom spo\u0142eczno\u015bciowym.<\/p>\n<p>S\u0142omczy\u0144ski jest r\u00f3wnie\u017c <strong>entuzjast\u0105 nowych technologii i trenerem dziennikarstwa mobilnego<\/strong>. W ramach <strong>TechCamp<\/strong> kszta\u0142ci dziennikarzy i dzia\u0142aczy spo\u0142ecznych z ponad 20 kraj\u00f3w, szkol\u0105c m.in. w Tajlandii, Meksyku i na Cyprze.<\/p>\n<p>Od po\u0142owy 2019 roku \u0142\u0105czy\u0142 obowi\u0105zki w TVN24 z prac\u0105 dla Eurosportu, gdzie <strong>odpowiada\u0142 za przygotowanie stacji do najwi\u0119kszego projektu 2020 roku<\/strong>, czyli relacjonowania Igrzysk Olimpijskich w Tokio. Wraz z pocz\u0105tkiem tego roku S\u0142omczy\u0144ski \u2013 prywatnie m\u0105\u017c i ojciec trzech c\u00f3rek \u2013 przeni\u00f3s\u0142 si\u0119 na sta\u0142e do flagowego kana\u0142u sportowego <strong>grupy Discovery<\/strong>, gdzie obj\u0105\u0142 nowo utworzone stanowisko Production &amp; Olympic Games Director.<\/p>\n<blockquote><p>\u2013 Od roku \u015bci\u015ble wsp\u00f3\u0142pracujemy z Maciejem, kt\u00f3ry na ka\u017cdym kroku potwierdza, jak dobrze zna si\u0119 na funkcjonowaniu i tworzeniu nowoczesnej telewizji.<strong> Znakomicie \u0142\u0105czy wielkie do\u015bwiadczenie w tradycyjnej telewizyjnej produkcji i przestrzeni cyfrowej.<\/strong> Jestem przekonana, \u017ce nowa pozycja Ma\u0107ka w strukturach Eurosportu przyczyni si\u0119 do tego, \u017ce kana\u0142 b\u0119dzie si\u0119 w dalszym ci\u0105gu rozwija\u0142 i zapewnia\u0142 widzom sportow\u0105 rozrywk\u0119 i emocje na najwy\u017cszym poziomie. Przed nami najwi\u0119ksza sportowa impreza czterolecia, czyli igrzyska w Tokio. Maciej od niemal roku jest odpowiedzialny za ca\u0142o\u015b\u0107 projektu olimpijskiego w TVN i Discovery, a teraz pokieruje tak\u017ce ca\u0142o\u015bci\u0105 dzia\u0142a\u0144 produkcyjnych polskiego Eurosportu\u00a0<span style=\"color: #333333;\">\u2013 powiedzia\u0142a <strong>Dorota \u017burkowska-Bytner, Cz\u0142onek Zarz\u0105du TVN i Dyrektor Eurosportu.<\/strong><\/span><\/p>\n<p>Ogl\u0105dam Eurosport od 1998 roku, a zaledwie rok p\u00f3\u017aniej, wci\u0105gni\u0119ty w niezwyk\u0142\u0105 edycj\u0119<strong> Australian Open<\/strong> i fina\u0142 Jewgienija Kafielnikowa z Thomasem Enqvistem, niemal zawali\u0142em pierwsz\u0105 sesj\u0119 na studiach! Przez ponad 20 lat \u015bledzi\u0142em w Eurosporcie najbardziej epickie rywalizacje w \u015bwiatowym tenisie, poznawa\u0142em gigant\u00f3w snookera, ogl\u0105da\u0142em kolarskie wielkie toury, podziwia\u0142em biathlonowe rekordy Ole Einara Bjoerndalena i wspania\u0142e sukcesy Tomasza Sikory.<\/p>\n<p>W Eurosporcie obserwowa\u0142em tytaniczne wysi\u0142ki i wielkie zwyci\u0119stwa Justyny Kowalczyk. Dzi\u0119ki tej stacji <strong>ogl\u0105da\u0142em sukcesy polskich skoczk\u00f3w narciarskich<\/strong> na czele z Adamem Ma\u0142yszem, Kamilem Stochem i Dawidem Kubackim. Eurosport da\u0142 mi mo\u017cliwo\u015b\u0107 \u015bledzenia ka\u017cdego wydarzenia podczas Igrzysk Olimpijskich Pyeongchang 2018. Praca w tak niezwyk\u0142ej, pe\u0142nej pi\u0119knych emocji i eksperckiej wiedzy stacji, jest dla mnie powodem do dumy i wielkim zobowi\u0105zaniem\u00a0<span style=\"color: #333333;\">\u2013 podkre\u015bli\u0142 <strong>Maciej S\u0142omczy\u0144ski, Production &amp; Olympic Games Director w Eurosporcie.<\/strong><\/span><\/p><\/blockquote>\n<p>W 2020 roku widz\u00f3w Eurosportu czekaj\u0105<strong> dziesi\u0105tki tysi\u0119cy godzin transmisji<\/strong> z rywalizacji najlepszych sportowc\u00f3w \u015bwiata. Punktem kulminacyjnym b\u0119d\u0105 Igrzyska Olimpijskie Tokio 2020, kt\u00f3re Eurosport poka\u017ce w bezprecedensowy spos\u00f3b, oferuj\u0105c fanom sportu najbardziej kompleksowe relacje telewizyjne i cyfrowe w historii<\/p>\n","protected":false},"excerpt":{"rendered":"Maciej S\u0142omczy\u0144ski jest od roku zwi\u0105zany z Eurosportem, wcze\u015bniej przez 15 lat pracowa\u0142 w TVN24, kszta\u0142ci te\u017c dziennikarzy w ramach TechCamp.","protected":false},"author":59,"featured_media":189209,"comment_status":"open","ping_status":"closed","sticky":false,"template":"","format":"standard","meta":{"csco_display_header_overlay":false,"csco_singular_sidebar":"","csco_page_header_type":"","csco_page_load_nextpost":"","csco_post_video_location":[],"csco_post_video_location_hash":"","csco_post_video_url":"","csco_post_video_bg_start_time":0,"csco_post_video_bg_end_time":0,"footnotes":""},"categories":[5909,9677],"tags":[12971,672,982,12970,12980,4009,9671,12972],"class_list":{"0":"post-189208","1":"post","2":"type-post","3":"status-publish","4":"format-standard","5":"has-post-thumbnail","7":"category-kariera","8":"category-ludzie","9":"tag-dorota-zurkowska-bytner","10":"tag-eurosport","11":"tag-kariera","12":"tag-maciej-slomczynski","13":"tag-olimpiada-2020","14":"tag-praca-2","15":"tag-tv","16":"tag-tvn24","17":"cs-entry","18":"cs-video-wrap"},"_links":{"self":[{"href":"https:\/\/mediarun.com\/pl\/wp-json\/wp\/v2\/posts\/189208","targetHints":{"allow":["GET"]}}],"collection":[{"href":"https:\/\/mediarun.com\/pl\/wp-json\/wp\/v2\/posts"}],"about":[{"href":"https:\/\/mediarun.com\/pl\/wp-json\/wp\/v2\/types\/post"}],"author":[{"embeddable":true,"href":"https:\/\/mediarun.com\/pl\/wp-json\/wp\/v2\/users\/59"}],"replies":[{"embeddable":true,"href":"https:\/\/mediarun.com\/pl\/wp-json\/wp\/v2\/comments?post=189208"}],"version-history":[{"count":0,"href":"https:\/\/mediarun.com\/pl\/wp-json\/wp\/v2\/posts\/189208\/revisions"}],"wp:featuredmedia":[{"embeddable":true,"href":"https:\/\/mediarun.com\/pl\/wp-json\/wp\/v2\/media\/189209"}],"wp:attachment":[{"href":"https:\/\/mediarun.com\/pl\/wp-json\/wp\/v2\/media?parent=189208"}],"wp:term":[{"taxonomy":"category","embeddable":true,"href":"https:\/\/mediarun.com\/pl\/wp-json\/wp\/v2\/categories?post=189208"},{"taxonomy":"post_tag","embeddable":true,"href":"https:\/\/mediarun.com\/pl\/wp-json\/wp\/v2\/tags?post=189208"}],"curies":[{"name":"wp","href":"https:\/\/api.w.org\/{rel}","templated":true}]}}