{"id":18863,"date":"2011-02-27T22:53:52","date_gmt":"2011-02-27T21:53:52","guid":{"rendered":"https:\/\/mediarun.com\/index.php\/news-posts\/blaszczak-monika-olejnik-zachowuje-sie-nieetycznie-wideo\/"},"modified":"2011-02-27T22:53:52","modified_gmt":"2011-02-27T21:53:52","slug":"blaszczak-monika-olejnik-zachowuje-sie-nieetycznie-wideo","status":"publish","type":"post","link":"https:\/\/mediarun.com\/pl\/media\/radio\/blaszczak-monika-olejnik-zachowuje-sie-nieetycznie-wideo.html","title":{"rendered":"B\u0142aszczak: Monika Olejnik zachowuje si\u0119 nieetycznie (wideo)"},"content":{"rendered":"<p>Zamierza z\u0142o\u017cy\u0107 w tej sprawie skargi do Rady Etyki Medi&oacute;w i kierownictwa Radia Zet.<\/p>\n<p>&#8222;W zwi\u0105zku z nieetycznym i nieprofesjonalnym zachowaniem redaktor Moniki Olejnik w programie &#8222;7. Dzie\u0144 Tygodnia&#8221; w Radiu Zet, kt&oacute;re jest pogwa\u0142ceniem zasad dziennikarskiego obiektywizmu, drastycznym naruszeniem Karty Etycznej Medi&oacute;w zwracam si\u0119 do Pani Przewodnicz\u0105cej oraz Rady Etyki Medi&oacute;w o zaj\u0119cie si\u0119 tym przypadkiem&#8221; &#8211; napisa\u0142 B\u0142aszczak w pi\u015bmie do przewodnicz\u0105cej Rady Etyki Medi&oacute;w Magdaleny Bajer, kt&oacute;re cytuje PAP.<\/p>\n<p>W pi\u015bmie pose\u0142 prosi o wyci\u0105gniecie stosownych wniosk&oacute;w i konsekwencji, aby wskazane przez niego &#8222;antystandardy trwale znikn\u0119\u0142y z polskiego dziennikarstwa, aby s\u0142uchacze, widzowie i czytelnicy nie musieli by\u0107 nara\u017ceni na obcowanie z czym\u015b, co tylko formalnie przypomina obiektywne, rzetelne dziennikarstwo&#8221;.<\/p>\n<p>Mariusz B\u0142aszczak o swoim stanowisku zamierza r&oacute;wnie\u017c poinformowa\u0107 Monik\u0119 Bednarek, prezesa grupy Eurozet i Mateusza Kirsteina, redaktora naczelnego Radia Zet.<\/p>\n<p>Szef klubu Prawo i Sprawiedliwo\u015b\u0107 opu\u015bci\u0142 studio Radia Zet w trakcie niedzielnego programu &#8222;7. Dzie\u0144&nbsp;Tygodnia&#8221;, kt&oacute;ry prowadzi Monika Olejnik.<\/p>\n<p>&#8222;Pani Monika Olejnik nie zachowywa\u0142a si\u0119 wobec mnie jak obiektywna, prowadz\u0105ca program dziennikarka, jak moderatorka, lecz by\u0142a skrajnie stronnicza, napastliwa, nieobiektywna, utrudnia\u0142a mi zabieranie g\u0142osu &#8211; napisa\u0142&nbsp;B\u0142aszczak.<\/p>\n<p>&#8211; Od 10 lat prowadz\u0119 t\u0119 audycj\u0119 i po raz pierwszy zdarzy\u0142a mi si\u0119 taka historia, \u017ceby pose\u0142 prowokowa\u0142 do tego, \u017ceby wyj\u015b\u0107 ze studia &#8211; skomentowa\u0142a w rozmowie z PAP zachowanie pos\u0142a Monika Olejnik.<\/p>\n<p>&#8211; Obiektywizm jest dla Radia Zet najwa\u017cniejszy &#8211; tak dyrektor programowy Mateusz Kirstein odpowiedzia\u0142 na zarzuty Mariusza B\u0142aszczaka. &#8211; Z pokor\u0105 poddamy si\u0119 ocenie Rady Etyki Medi&oacute;w &#8211; doda\u0142&nbsp;Kirstein.<\/p>\n","protected":false},"excerpt":{"rendered":"&#8211; Monika Olejnik jako dziennikarz zachowuje si\u0119 nieetycznie i nieprofesjonalnie &#8211; przekonuje Mariusz B\u0142aszczak, szef PiS.&nbsp;","protected":false},"author":1,"featured_media":18864,"comment_status":"open","ping_status":"closed","sticky":false,"template":"","format":"standard","meta":{"csco_display_header_overlay":false,"csco_singular_sidebar":"","csco_page_header_type":"","csco_page_load_nextpost":"","csco_post_video_location":[],"csco_post_video_location_hash":"","csco_post_video_url":"","csco_post_video_bg_start_time":0,"csco_post_video_bg_end_time":0,"footnotes":""},"categories":[9672],"tags":[504],"class_list":{"0":"post-18863","1":"post","2":"type-post","3":"status-publish","4":"format-standard","5":"has-post-thumbnail","7":"category-radio","8":"tag-radio-zet","9":"cs-entry","10":"cs-video-wrap"},"_links":{"self":[{"href":"https:\/\/mediarun.com\/pl\/wp-json\/wp\/v2\/posts\/18863","targetHints":{"allow":["GET"]}}],"collection":[{"href":"https:\/\/mediarun.com\/pl\/wp-json\/wp\/v2\/posts"}],"about":[{"href":"https:\/\/mediarun.com\/pl\/wp-json\/wp\/v2\/types\/post"}],"author":[{"embeddable":true,"href":"https:\/\/mediarun.com\/pl\/wp-json\/wp\/v2\/users\/1"}],"replies":[{"embeddable":true,"href":"https:\/\/mediarun.com\/pl\/wp-json\/wp\/v2\/comments?post=18863"}],"version-history":[{"count":0,"href":"https:\/\/mediarun.com\/pl\/wp-json\/wp\/v2\/posts\/18863\/revisions"}],"wp:featuredmedia":[{"embeddable":true,"href":"https:\/\/mediarun.com\/pl\/wp-json\/wp\/v2\/media\/18864"}],"wp:attachment":[{"href":"https:\/\/mediarun.com\/pl\/wp-json\/wp\/v2\/media?parent=18863"}],"wp:term":[{"taxonomy":"category","embeddable":true,"href":"https:\/\/mediarun.com\/pl\/wp-json\/wp\/v2\/categories?post=18863"},{"taxonomy":"post_tag","embeddable":true,"href":"https:\/\/mediarun.com\/pl\/wp-json\/wp\/v2\/tags?post=18863"}],"curies":[{"name":"wp","href":"https:\/\/api.w.org\/{rel}","templated":true}]}}