{"id":188478,"date":"2019-11-07T22:24:52","date_gmt":"2019-11-07T21:24:52","guid":{"rendered":"https:\/\/mediarun.com\/pl\/?p=188478"},"modified":"2019-11-07T22:24:52","modified_gmt":"2019-11-07T21:24:52","slug":"media-markt-z-nowym-ceo","status":"publish","type":"post","link":"https:\/\/mediarun.com\/pl\/ludzie\/kariera\/media-markt-z-nowym-ceo.html","title":{"rendered":"MEDIA MARKT z nowym CEO"},"content":{"rendered":"<h2>Zmiana w Zarz\u0105dzie MediaMarktSaturn Polska &#8211; Alpay G\u00fcner zast\u0119puje Marcina Rosati na stanowisku Prezesa Zarz\u0105du (CEO)<\/h2>\n<p>Z dniem 1. listopada 2019 Marcin Rosati, CEO MediaMarktSaturn Polska, po 13 latach opu\u015bci\u0142 firm\u0119, aby podj\u0105\u0107 nowe wyzwania zawodowe. Od 2014 r. kierowa\u0142 firm\u0105 w Polsce (najpierw jako CEO MSH (Media Saturn Holding), nast\u0119pnie MediaMarktSaturn). W ostatnich latach zarz\u0105dza\u0142 transformacj\u0105 i konsolidacj\u0105 biznesu (po\u0142\u0105czenie sieci Media Markt i Saturn). Do 2014 r. by\u0142 cz\u0142onkiem zarz\u0105du MSH odpowiedzialnym za zakupy.<\/p>\n<p>Jego nast\u0119pc\u0105 jest Alpay G\u00fcner. Nowy Prezes Zarz\u0105du (CEO) MediaMarktSaturn Polska jest ekspertem w dziedzinie handlu detalicznego z wieloletnim mi\u0119dzynarodowym do\u015bwiadczeniem. W latach 2005-2008 pracowa\u0142 jako Category Manager w MediaMarkt Niemcy, nast\u0119pnie pe\u0142ni\u0142 r\u00f3\u017cne funkcje mened\u017cerskie m.in. w Dixons Retail i BSH w Wielkiej Brytanii i Irlandii, a od 2017 do 2019 roku jako CEO Europe zarz\u0105dza\u0142 europejskim biznesem Appliances Online.<\/p>\n<p>&nbsp;<\/p>\n<p>Alpay G\u00fcner, nowy CEO MediaMarktSaturn Polska:<\/p>\n<p><img fetchpriority=\"high\" decoding=\"async\" class=\"aligncenter size-full wp-image-188479\" src=\"https:\/\/mediarun.com\/wp-content\/uploads\/2019\/11\/alpay-guener.jpeg\" alt=\"\" width=\"1110\" height=\"740\" title=\"\" srcset=\"https:\/\/mediarun.com\/pl\/wp-content\/uploads\/2019\/11\/alpay-guener.jpeg 1110w, https:\/\/mediarun.com\/pl\/wp-content\/uploads\/2019\/11\/alpay-guener-600x400.jpeg 600w, https:\/\/mediarun.com\/pl\/wp-content\/uploads\/2019\/11\/alpay-guener-1050x700.jpeg 1050w, https:\/\/mediarun.com\/pl\/wp-content\/uploads\/2019\/11\/alpay-guener-300x200.jpeg 300w, https:\/\/mediarun.com\/pl\/wp-content\/uploads\/2019\/11\/alpay-guener-360x240.jpeg 360w\" sizes=\"(max-width: 1110px) 100vw, 1110px\" \/><\/p>\n","protected":false},"excerpt":{"rendered":"Z dniem 1. listopada 2019 Marcin Rosati, CEO Media Markt Saturn Polska, po 13 latach opu\u015bci\u0142 firm\u0119, aby podj\u0105\u0107 nowe wyzwania zawodowe.","protected":false},"author":60,"featured_media":188480,"comment_status":"open","ping_status":"closed","sticky":false,"template":"","format":"standard","meta":{"csco_display_header_overlay":false,"csco_singular_sidebar":"","csco_page_header_type":"","csco_page_load_nextpost":"","csco_post_video_location":[],"csco_post_video_location_hash":"","csco_post_video_url":"","csco_post_video_bg_start_time":0,"csco_post_video_bg_end_time":0,"footnotes":""},"categories":[9677,9678,5909],"tags":[12874,8760,982,12875,736],"class_list":{"0":"post-188478","1":"post","2":"type-post","3":"status-publish","4":"format-standard","5":"has-post-thumbnail","7":"category-ludzie","8":"category-awanse","9":"category-kariera","10":"tag-alpay-guner","11":"tag-ceo","12":"tag-kariera","13":"tag-marcin-rosati","14":"tag-media-markt","15":"cs-entry","16":"cs-video-wrap"},"_links":{"self":[{"href":"https:\/\/mediarun.com\/pl\/wp-json\/wp\/v2\/posts\/188478","targetHints":{"allow":["GET"]}}],"collection":[{"href":"https:\/\/mediarun.com\/pl\/wp-json\/wp\/v2\/posts"}],"about":[{"href":"https:\/\/mediarun.com\/pl\/wp-json\/wp\/v2\/types\/post"}],"author":[{"embeddable":true,"href":"https:\/\/mediarun.com\/pl\/wp-json\/wp\/v2\/users\/60"}],"replies":[{"embeddable":true,"href":"https:\/\/mediarun.com\/pl\/wp-json\/wp\/v2\/comments?post=188478"}],"version-history":[{"count":0,"href":"https:\/\/mediarun.com\/pl\/wp-json\/wp\/v2\/posts\/188478\/revisions"}],"wp:featuredmedia":[{"embeddable":true,"href":"https:\/\/mediarun.com\/pl\/wp-json\/wp\/v2\/media\/188480"}],"wp:attachment":[{"href":"https:\/\/mediarun.com\/pl\/wp-json\/wp\/v2\/media?parent=188478"}],"wp:term":[{"taxonomy":"category","embeddable":true,"href":"https:\/\/mediarun.com\/pl\/wp-json\/wp\/v2\/categories?post=188478"},{"taxonomy":"post_tag","embeddable":true,"href":"https:\/\/mediarun.com\/pl\/wp-json\/wp\/v2\/tags?post=188478"}],"curies":[{"name":"wp","href":"https:\/\/api.w.org\/{rel}","templated":true}]}}