{"id":187638,"date":"2019-10-03T13:46:33","date_gmt":"2019-10-03T11:46:33","guid":{"rendered":"https:\/\/mediarun.com\/pl\/?p=187638"},"modified":"2019-10-04T08:05:57","modified_gmt":"2019-10-04T06:05:57","slug":"ergo-hestia-z-nowym-rzecznikiem","status":"publish","type":"post","link":"https:\/\/mediarun.com\/pl\/ludzie\/ergo-hestia-z-nowym-rzecznikiem.html","title":{"rendered":"Ergo Hestia z nowym Rzecznikiem"},"content":{"rendered":"<p><strong>Marcin Dybuk<\/strong> rzecznikiem prasowym <strong>Ergo Hestia<\/strong>.<\/p>\n<p>W sierpniu 2019 roku <strong>Marcin Dybuk<\/strong> zosta\u0142 rzecznikiem prasowym oraz zast\u0119pc\u0105 dyrektora biura komunikacji w <strong>Grupie Ergo Hestia<\/strong>. Odpowiada m.in. za komunikacj\u0119 z mediami, rozw\u00f3j medi\u00f3w w\u0142asnych oraz zwi\u0119kszenie efektywno\u015bci dzia\u0142a\u0144 w mediach spo\u0142eczno\u015bciowych. Zast\u0105pi\u0142 <strong>Arkadiusza Bruli\u0144skiego<\/strong>, kt\u00f3ry pe\u0142ni\u0142 t\u0119 funkcj\u0119 od maja 2018 do sierpnia 2019 roku.<\/p>\n<p>Poprzednio, od 2011 roku, <strong>Marcin Dybuk<\/strong> pracowa\u0142 jako dyrektor biura marketingu i reklamy oraz dyrektor ds. rozwoju w Radiu Gda\u0144sk. Wcze\u015bniej pe\u0142ni\u0142 funkcj\u0119 redaktora naczelnego w Echu Miasta. Pracowa\u0142 r\u00f3wnie\u017c w redakcjach Dziennika Ba\u0142tyckiego i Wieczoru Wybrze\u017ca. Aktualnie jest r\u00f3wnie\u017c wyk\u0142adowc\u0105 na kierunku dziennikarstwo w Ateneum Szkole Wy\u017cszej w Gda\u0144sku.<\/p>\n<p><strong>Arkadiusz Bruli\u0144ski<\/strong> obecnie pracuje w biurze prasowym <strong>Grupy PZU<\/strong>. (ak)<\/p>\n","protected":false},"excerpt":{"rendered":"Rzecznik odpowiada m.in. za komunikacj\u0119 z mediami, rozw\u00f3j medi\u00f3w w\u0142asnych oraz zwi\u0119kszenie efektywno\u015bci dzia\u0142a\u0144 w mediach spo\u0142eczno\u015bciowych.","protected":false},"author":60,"featured_media":187640,"comment_status":"open","ping_status":"closed","sticky":false,"template":"","format":"standard","meta":{"csco_display_header_overlay":false,"csco_singular_sidebar":"","csco_page_header_type":"","csco_page_load_nextpost":"","csco_post_video_location":[],"csco_post_video_location_hash":"","csco_post_video_url":"","csco_post_video_bg_start_time":0,"csco_post_video_bg_end_time":0,"footnotes":""},"categories":[9678,9677],"tags":[6733,3621,1856,4472,12697],"class_list":{"0":"post-187638","1":"post","2":"type-post","3":"status-publish","4":"format-standard","5":"has-post-thumbnail","7":"category-awanse","8":"category-ludzie","9":"tag-arkadiusz-brulinski","10":"tag-awans","11":"tag-ergo-hestia","12":"tag-grupa-pzu","13":"tag-marcin-dybuk","14":"cs-entry","15":"cs-video-wrap"},"_links":{"self":[{"href":"https:\/\/mediarun.com\/pl\/wp-json\/wp\/v2\/posts\/187638","targetHints":{"allow":["GET"]}}],"collection":[{"href":"https:\/\/mediarun.com\/pl\/wp-json\/wp\/v2\/posts"}],"about":[{"href":"https:\/\/mediarun.com\/pl\/wp-json\/wp\/v2\/types\/post"}],"author":[{"embeddable":true,"href":"https:\/\/mediarun.com\/pl\/wp-json\/wp\/v2\/users\/60"}],"replies":[{"embeddable":true,"href":"https:\/\/mediarun.com\/pl\/wp-json\/wp\/v2\/comments?post=187638"}],"version-history":[{"count":0,"href":"https:\/\/mediarun.com\/pl\/wp-json\/wp\/v2\/posts\/187638\/revisions"}],"wp:featuredmedia":[{"embeddable":true,"href":"https:\/\/mediarun.com\/pl\/wp-json\/wp\/v2\/media\/187640"}],"wp:attachment":[{"href":"https:\/\/mediarun.com\/pl\/wp-json\/wp\/v2\/media?parent=187638"}],"wp:term":[{"taxonomy":"category","embeddable":true,"href":"https:\/\/mediarun.com\/pl\/wp-json\/wp\/v2\/categories?post=187638"},{"taxonomy":"post_tag","embeddable":true,"href":"https:\/\/mediarun.com\/pl\/wp-json\/wp\/v2\/tags?post=187638"}],"curies":[{"name":"wp","href":"https:\/\/api.w.org\/{rel}","templated":true}]}}