{"id":18711,"date":"2011-03-02T22:50:55","date_gmt":"2011-03-02T21:50:55","guid":{"rendered":"https:\/\/mediarun.com\/index.php\/news-posts\/ipad-2-w-polsce-od-25-marca-wideo\/"},"modified":"2011-03-02T22:50:55","modified_gmt":"2011-03-02T21:50:55","slug":"ipad-2-w-polsce-od-25-marca-wideo","status":"publish","type":"post","link":"https:\/\/mediarun.com\/pl\/trendy\/branding\/ipad-2-w-polsce-od-25-marca-wideo.html","title":{"rendered":"iPad 2 w Polsce od 25 marca (wideo)"},"content":{"rendered":"<p>iPad 2 jest o 33 proc. cie\u0144szy i do 15 proc. l\u017cejszy od swojego poprzednika oraz oferuje ekran o przek\u0105tnej 9,7 cala (1024 x 768 px).<\/p>\n<p>Tablet wyposa\u017cono w dwurdzeniowy procesor Apple A5 taktowany zegarem 1GHz, kamer\u0119 z mo\u017cliwo\u015bci\u0105 rejestracji obrazu w rozdzielczo\u015bci 720p oraz dodatkow\u0105 kamer\u0119 VGA nad wy\u015bwietlaczem, pozwalaj\u0105ca na prowadzenie rozm&oacute;w wideo. iPad 2 oferuje r&oacute;wnie\u017c akcelerometr, kompas, wyj\u015bcie wideo, g\u0142o\u015bnik i mikrofon. Bateria ma pozwoli\u0107 na 10 godz. pracy.<\/p>\n<p><img fetchpriority=\"high\" decoding=\"async\" src=\"http:\/\/mediarun.pl\/files\/images\/2011\/03\/1299103705.jpg\" alt=\"\" width=\"390\" height=\"207\" title=\"\"><\/p>\n<p>iPad b\u0119dzie dost\u0119pny z systemem iOS 4.3 i nowymi aplikacjami: Photo Booth, FaceTime, iMovie i Garage Band.<\/p>\n<p>Nowy tablet Apple b\u0119dzie dost\u0119pny w dw&oacute;ch kolorach &#8211; bia\u0142ym i czarnym.<\/p>\n<p>Sugerowane ceny detaliczne w USA:<br \/>$499 &#8211; 16GB WiFi<br \/>$599 &#8211; 32GB WiFi<br \/>$699 &#8211; 64GB WiFi<br \/>$629 &#8211; 16GB WiFi + 3G<br \/>$729 &#8211; 32GB WiFi + 3G<br \/>$829 &#8211; 64GB WiFi + 3G<\/p>\n<p><img decoding=\"async\" src=\"http:\/\/mediarun.pl\/files\/images\/2011\/03\/1299105315.jpg\" alt=\"\" width=\"390\" height=\"274\" title=\"\"><\/p>\n<p>Przy okazji premiery nowego iPada zaprezentowano r&oacute;wnie\u017c nowe dodatki do tabletu: kabel HDMI oraz case iPad Smart Cover.<\/p>\n<p>Pierwsze egzemplarze iPada 2 trafi\u0105 na rynek w Stanach Zjednoczonych 11 marca. 25 marca tablet b\u0119dzie dost\u0119pny w kolejnych w 26 krajach, w tym r&oacute;wnie\u017c w Polsce.<\/p>\n","protected":false},"excerpt":{"rendered":"Apple zaprezentowa\u0142&nbsp;w San Francisco nowy model iPada. Tablet pojawi si\u0119&nbsp;w sprzeda\u017cy ju\u017c za tydzie\u0144, do polskich sklep&oacute;w dotrze 25 marca.","protected":false},"author":1,"featured_media":18712,"comment_status":"open","ping_status":"closed","sticky":false,"template":"","format":"standard","meta":{"csco_display_header_overlay":false,"csco_singular_sidebar":"","csco_page_header_type":"","csco_page_load_nextpost":"","csco_post_video_location":[],"csco_post_video_location_hash":"","csco_post_video_url":"","csco_post_video_bg_start_time":0,"csco_post_video_bg_end_time":0,"footnotes":""},"categories":[9658],"tags":[196,197],"class_list":{"0":"post-18711","1":"post","2":"type-post","3":"status-publish","4":"format-standard","5":"has-post-thumbnail","7":"category-branding","8":"tag-apple","9":"tag-ipad","10":"cs-entry","11":"cs-video-wrap"},"_links":{"self":[{"href":"https:\/\/mediarun.com\/pl\/wp-json\/wp\/v2\/posts\/18711","targetHints":{"allow":["GET"]}}],"collection":[{"href":"https:\/\/mediarun.com\/pl\/wp-json\/wp\/v2\/posts"}],"about":[{"href":"https:\/\/mediarun.com\/pl\/wp-json\/wp\/v2\/types\/post"}],"author":[{"embeddable":true,"href":"https:\/\/mediarun.com\/pl\/wp-json\/wp\/v2\/users\/1"}],"replies":[{"embeddable":true,"href":"https:\/\/mediarun.com\/pl\/wp-json\/wp\/v2\/comments?post=18711"}],"version-history":[{"count":0,"href":"https:\/\/mediarun.com\/pl\/wp-json\/wp\/v2\/posts\/18711\/revisions"}],"wp:featuredmedia":[{"embeddable":true,"href":"https:\/\/mediarun.com\/pl\/wp-json\/wp\/v2\/media\/18712"}],"wp:attachment":[{"href":"https:\/\/mediarun.com\/pl\/wp-json\/wp\/v2\/media?parent=18711"}],"wp:term":[{"taxonomy":"category","embeddable":true,"href":"https:\/\/mediarun.com\/pl\/wp-json\/wp\/v2\/categories?post=18711"},{"taxonomy":"post_tag","embeddable":true,"href":"https:\/\/mediarun.com\/pl\/wp-json\/wp\/v2\/tags?post=18711"}],"curies":[{"name":"wp","href":"https:\/\/api.w.org\/{rel}","templated":true}]}}