{"id":18667,"date":"2011-03-03T21:25:15","date_gmt":"2011-03-03T20:25:15","guid":{"rendered":"https:\/\/mediarun.com\/index.php\/news-posts\/facebook-na-sprzedaz\/"},"modified":"2015-01-13T01:28:49","modified_gmt":"2015-01-13T01:28:49","slug":"facebook-na-sprzedaz","status":"publish","type":"post","link":"https:\/\/mediarun.com\/pl\/digital\/social-media\/facebook-na-sprzedaz.html","title":{"rendered":"Facebook na sprzeda\u017c"},"content":{"rendered":"<p>Nie wiadomo jednak, kt&oacute;ry z za\u0142o\u017cycieli najpopularniejszego portalu spo\u0142eczno\u015bciowego na \u015bwiecie zamierza pozby\u0107 si\u0119 swoich udzia\u0142&oacute;w: Mark Zuckerberg czy jeden z tr&oacute;jki wsp&oacute;\u0142za\u0142o\u017cycieli: Chris Hughes, Dustin Moskovitz i Eduardo Saverin. Nieznany jest r&oacute;wnie\u017c pow&oacute;d transakcji.<\/p>\n<p>W zwi\u0105zku z faktem, \u017ce cena akcji Facebooka na rynku wt&oacute;rnym wynosi 30 dolar&oacute;w, transakcja mo\u017cne przynie\u015b\u0107 jednemu z za\u0142o\u017cycieli portalu nawet 300 mln dolar&oacute;w zysku.<\/p>\n<p>Warto\u015b\u0107 rynkowa portalu jest obecnie szacowana na ponad 50 mld dolar&oacute;w.<\/p>\n<p>Facebook nie udzieli\u0142 jak dot\u0105d \u017cadnego oficjalnego komentarza dotycz\u0105cego sprzeda\u017cy akcji.<\/p>\n","protected":false},"excerpt":{"rendered":"Jak donosi New York Post jeden z za\u0142o\u017cycieli Facebooka chce sprzeda\u0107 nawet 10 mln akcji.","protected":false},"author":1,"featured_media":18668,"comment_status":"open","ping_status":"closed","sticky":false,"template":"","format":"standard","meta":{"csco_display_header_overlay":false,"csco_singular_sidebar":"","csco_page_header_type":"","csco_page_load_nextpost":"","csco_post_video_location":[],"csco_post_video_location_hash":"","csco_post_video_url":"","csco_post_video_bg_start_time":0,"csco_post_video_bg_end_time":0,"footnotes":""},"categories":[47,20],"tags":[128],"class_list":{"0":"post-18667","1":"post","2":"type-post","3":"status-publish","4":"format-standard","5":"has-post-thumbnail","7":"category-inne","8":"category-social-media","9":"tag-facebook","10":"cs-entry","11":"cs-video-wrap"},"_links":{"self":[{"href":"https:\/\/mediarun.com\/pl\/wp-json\/wp\/v2\/posts\/18667","targetHints":{"allow":["GET"]}}],"collection":[{"href":"https:\/\/mediarun.com\/pl\/wp-json\/wp\/v2\/posts"}],"about":[{"href":"https:\/\/mediarun.com\/pl\/wp-json\/wp\/v2\/types\/post"}],"author":[{"embeddable":true,"href":"https:\/\/mediarun.com\/pl\/wp-json\/wp\/v2\/users\/1"}],"replies":[{"embeddable":true,"href":"https:\/\/mediarun.com\/pl\/wp-json\/wp\/v2\/comments?post=18667"}],"version-history":[{"count":0,"href":"https:\/\/mediarun.com\/pl\/wp-json\/wp\/v2\/posts\/18667\/revisions"}],"wp:featuredmedia":[{"embeddable":true,"href":"https:\/\/mediarun.com\/pl\/wp-json\/wp\/v2\/media\/18668"}],"wp:attachment":[{"href":"https:\/\/mediarun.com\/pl\/wp-json\/wp\/v2\/media?parent=18667"}],"wp:term":[{"taxonomy":"category","embeddable":true,"href":"https:\/\/mediarun.com\/pl\/wp-json\/wp\/v2\/categories?post=18667"},{"taxonomy":"post_tag","embeddable":true,"href":"https:\/\/mediarun.com\/pl\/wp-json\/wp\/v2\/tags?post=18667"}],"curies":[{"name":"wp","href":"https:\/\/api.w.org\/{rel}","templated":true}]}}