{"id":18605,"date":"2011-03-07T12:47:51","date_gmt":"2011-03-07T11:47:51","guid":{"rendered":"https:\/\/mediarun.com\/index.php\/news-posts\/a-normalnie-o-tej-porze-najslabsze-w-swoim-pasmie\/"},"modified":"2011-03-07T12:47:51","modified_gmt":"2011-03-07T11:47:51","slug":"a-normalnie-o-tej-porze-najslabsze-w-swoim-pasmie","status":"publish","type":"post","link":"https:\/\/mediarun.com\/pl\/media\/tv\/a-normalnie-o-tej-porze-najslabsze-w-swoim-pasmie.html","title":{"rendered":"&#8222;A normalnie o tej porze&#8221; najs\u0142absze w swoim pa\u015bmie"},"content":{"rendered":"<p>Talk show nadawany jest od poniedzia\u0142ku do pi\u0105tku od godz. 16.35 do 17.20 w <a href=\" \thttp:\/\/dlafirm.mediarun.pl\/katalog\/firma\/tvp2,960,1.html\" target=\"_blank\">TVP2<\/a>. Premiera mia\u0142a miejsce 28 lutego br. Pi\u0119\u0107 pierwszych emisji formatu zgromadzi\u0142o przed odbiornikami w ci\u0105gu minuty \u015brednio 421 550 widz&oacute;w, przy udziale w rynku na poziomie 4,02 proc. (grupa 4+).<\/p>\n<p>Wynik ten ulokowa\u0142 stacj\u0119 na czwartej pozycji pod wzgl\u0119dem ogl\u0105dalno\u015bci w popo\u0142udniowym pa\u015bmie. Na pierwszym miejscu w tym czasie antenowym znalaz\u0142a si\u0119 Jedynka (m.in. &#8222;Celownik&#8221; i &#8222;Teleexpress&#8221;), kt&oacute;ra zainteresowa\u0142a \u015brednio 3,2 mln os&oacute;b, 30,35 proc. widowni. Drugie miejsce nale\u017ca\u0142o do Polsatu z 19,56 proc. udzia\u0142u w rynku, 2 mln widz&oacute;w (m.in. seriale &#8222;Malinowski &amp; Partnerzy&#8221; i &#8222;Dlaczego ja?&#8221;). TVN znalaz\u0142 si\u0119 na trzeciej pozycji, uzyska\u0142 15,98 proc. udzia\u0142u w rynku, 1,7 mln widz&oacute;w (m.in. &#8222;Rozmowy w toku&#8221; i &#8222;S\u0119dzia Anna Maria Weso\u0142owska&#8221;).<\/p>\n<p>Format &#8222;A normalnie o tej porze&#8221; ma struktur\u0119 magazynu (kilka temat&oacute;w w jednym programie, podobnie jak np. w &#8222;Pytaniu na \u015bniadanie&#8221;). Jednak tw&oacute;rcy zak\u0142adaj\u0105 mo\u017cliwo\u015b\u0107 wyda\u0144 specjalnych, w ca\u0142o\u015bci podporz\u0105dkowanych jednemu tematowi przewodniemu (np. Oscary). Kolejne tematy poprzedzane s\u0105 felietonami. Na zako\u0144czenie programu widzowie mog\u0105 obejrze\u0107 wyst\u0119p muzyczny na \u017cywo.<\/p>\n<p>Program prowadz\u0105 Agnieszka Szulim, Wojciech Jagielski i Pawe\u0142 Korsun. Prowadz\u0105cy w drugim planie to: Olimpia Ajakaiye i Jason Polak.<\/p>\n<p>Podobny format ruszy\u0142 jesieni\u0105 ub.r. w TVN. Nadawany od 4 pa\u017adziernika 2010 r. do 4 marca br. codzienny program &#8222;Mi\u0119dzy kuchni\u0105 a salonem&#8221; (emisja o godz. 14.55) gromadzi\u0142 przed odbiornikami wi\u0119ksz\u0105 widowni\u0119 ni\u017c &#8222;A normalnie o tej porze&#8221; &#8211; \u015brednio 658 tys. widz&oacute;w, 9,76 proc. udzia\u0142u w runku. TVN zrezygnowa\u0142 z emisji tego formatu (<a href=\"http:\/\/wiadomosci.mediarun.pl\/artykul\/media-telewizja,miedzy-kuchnia-a-salonem-wypadlo-z-ramowki,9571,4,1,1.html\" target=\"_blank\" rel=\"noopener\">wi\u0119cej na ten temat<\/a>).<\/p>\n","protected":false},"excerpt":{"rendered":"Pi\u0119\u0107 pierwszych emisji nowego programu TVP2 &#8222;A normalnie o tej porze&#8221; ogl\u0105da\u0142o \u015brednio 422 tys. widz&oacute;w &#8211; wynika z danych Nielsen Audience Measurement.","protected":false},"author":1,"featured_media":18606,"comment_status":"open","ping_status":"closed","sticky":false,"template":"","format":"standard","meta":{"csco_display_header_overlay":false,"csco_singular_sidebar":"","csco_page_header_type":"","csco_page_load_nextpost":"","csco_post_video_location":[],"csco_post_video_location_hash":"","csco_post_video_url":"","csco_post_video_bg_start_time":0,"csco_post_video_bg_end_time":0,"footnotes":""},"categories":[9670],"tags":[1083,1113,610],"class_list":{"0":"post-18605","1":"post","2":"type-post","3":"status-publish","4":"format-standard","5":"has-post-thumbnail","7":"category-tv","8":"tag-nielsen-audience-measurement","9":"tag-ogladalnosc","10":"tag-tvp2","11":"cs-entry","12":"cs-video-wrap"},"_links":{"self":[{"href":"https:\/\/mediarun.com\/pl\/wp-json\/wp\/v2\/posts\/18605","targetHints":{"allow":["GET"]}}],"collection":[{"href":"https:\/\/mediarun.com\/pl\/wp-json\/wp\/v2\/posts"}],"about":[{"href":"https:\/\/mediarun.com\/pl\/wp-json\/wp\/v2\/types\/post"}],"author":[{"embeddable":true,"href":"https:\/\/mediarun.com\/pl\/wp-json\/wp\/v2\/users\/1"}],"replies":[{"embeddable":true,"href":"https:\/\/mediarun.com\/pl\/wp-json\/wp\/v2\/comments?post=18605"}],"version-history":[{"count":0,"href":"https:\/\/mediarun.com\/pl\/wp-json\/wp\/v2\/posts\/18605\/revisions"}],"wp:featuredmedia":[{"embeddable":true,"href":"https:\/\/mediarun.com\/pl\/wp-json\/wp\/v2\/media\/18606"}],"wp:attachment":[{"href":"https:\/\/mediarun.com\/pl\/wp-json\/wp\/v2\/media?parent=18605"}],"wp:term":[{"taxonomy":"category","embeddable":true,"href":"https:\/\/mediarun.com\/pl\/wp-json\/wp\/v2\/categories?post=18605"},{"taxonomy":"post_tag","embeddable":true,"href":"https:\/\/mediarun.com\/pl\/wp-json\/wp\/v2\/tags?post=18605"}],"curies":[{"name":"wp","href":"https:\/\/api.w.org\/{rel}","templated":true}]}}