{"id":186018,"date":"2018-09-03T16:33:51","date_gmt":"2018-09-03T14:33:51","guid":{"rendered":"https:\/\/mediarun.com\/pl\/?p=186018"},"modified":"2018-09-03T16:33:51","modified_gmt":"2018-09-03T14:33:51","slug":"trzy-pokolenia-przedsiebiorcow-poznaj-wyniki-badania-raport","status":"publish","type":"post","link":"https:\/\/mediarun.com\/pl\/trendy\/raporty\/trzy-pokolenia-przedsiebiorcow-poznaj-wyniki-badania-raport.html","title":{"rendered":"Trzy pokolenia przedsi\u0119biorc\u00f3w &#8211; poznaj wyniki badania! [RAPORT]"},"content":{"rendered":"<h4><strong>\u201eBadanie Polskiej Mikroprzedsi\u0119biorczo\u015bci\u201d przeprowadzone metod\u0105 wywiad\u00f3w internetowych (CAWI) przez agencj\u0119 badawcz\u0105 ARC Rynek i Opinia, skupi\u0142o si\u0119 na mikroprzedsi\u0119biorcach, czyli osobach prowadz\u0105cych jednoosobowe dzia\u0142alno\u015bci gospodarcze lub przedsi\u0119biorstwa zatrudniaj\u0105ce do 9 os\u00f3b.<\/strong><\/h4>\n<p>Uczestnicy badania zostali poproszeni o odpowiedzi na <strong>pytania dotycz\u0105ce prowadzonej dzia\u0142alno\u015bci gospodarczej, dzia\u0142ania urz\u0119d\u00f3w i instytucji oraz sposob\u00f3w prowadzenia ksi\u0119gowo\u015bci<\/strong>. W badaniu wzi\u0119\u0142o udzia\u0142 <strong>1018 mikroprzedsi\u0119biorc\u00f3w z ca\u0142ej Polski<\/strong>, a wyniki przedstawiamy poni\u017cej:<\/p>\n<p><strong>Najm\u0142odsi<\/strong> przedsi\u0119biorcy z <strong>najwi\u0119kszym optymizmem<\/strong> patrz\u0105 na swoj\u0105 dzia\u0142alno\u015b\u0107 oraz chc\u0105 si\u0119 <strong>uczy\u0107 i rozwija\u0107<\/strong>. A\u017c 71% spo\u015br\u00f3d nich deklaruje, \u017ce odczuwa <strong>satysfakcj\u0119<\/strong> z tego, co robi. W\u015br\u00f3d nich by\u0142o te\u017c najwi\u0119cej os\u00f3b, kt\u00f3re uwa\u017ca\u0142y, \u017ce przedsi\u0119biorca ma w spo\u0142ecze\u0144stwie pozytywny obraz.<\/p>\n<p><strong>Trzydziestolatkowie<\/strong> skupiaj\u0105 si\u0119 na <strong>rozwoju biznesu i zarabianiu pieni\u0119dzy<\/strong>. Z kolei dla <strong>pi\u0119\u0107dziesi\u0119ciolatk\u00f3w<\/strong> wa\u017cne jest poczucie <strong>stabilizacji i niezale\u017cno\u015bci<\/strong>, a satysfakcj\u0119 z prowadzenia biznesu odczuwa tylko po\u0142owa.<\/p>\n<p>Nale\u017cy zwr\u00f3ci\u0107 uwag\u0119 na bardzo pozytywny fakt, \u017ce w ka\u017cdej z tych grup cz\u0119\u015b\u0107 os\u00f3b, kt\u00f3re zdecydowanie stwierdzaj\u0105, \u017ce <strong>nie odczuwaj\u0105 satysfakcji z dzia\u0142alno\u015bci<\/strong>, jest <strong>niewielki<\/strong> i maksymalnie si\u0119ga 15% w najstarszej grupie.<\/p>\n<p><img fetchpriority=\"high\" decoding=\"async\" class=\"alignnone size-medium wp-image-186020\" src=\"https:\/\/mediarun.com\/wp-content\/uploads\/2018\/09\/1-600x300.png\" alt=\"\" width=\"600\" height=\"300\" title=\"\"><\/p>\n<p>Na pytanie <strong>\u201eNa jakie czynno\u015bci po\u015bwi\u0119casz najwi\u0119cej czasu podczas prowadzenia dzia\u0142alno\u015bci. Wybierz maksymalnie dwie odpowiedzi\u201d<\/strong> <strong>57%<\/strong> przedstawicieli najm\u0142odszej grupa odpowiedzia\u0142o, \u017ce najwi\u0119cej swojego czasu po\u015bwi\u0119caj\u0105 na <strong>realizacj\u0119 zlece\u0144<\/strong>, a<strong> 41%<\/strong> zadeklarowa\u0142o, \u017ce czas przeznaczaj\u0105 na <strong>dokszta\u0142canie i rozw\u00f3j firmy<\/strong>. Na trzecim miejscu znalaz\u0142o si\u0119 za\u0142atwianie <strong>spraw<\/strong> <strong>formalno-ksi\u0119gowych (30%)<\/strong> oraz <strong>poszukiwanie klient\u00f3w (24%)<\/strong>.<\/p>\n<p>Trzydziestolatkowie z kolei zazwyczaj maj\u0105 ju\u017c stabiln\u0105 pozycj\u0119 na rynku, dlatego te\u017c koncentruj\u0105 si\u0119 bardziej na <strong>realizacji zlece\u0144 (68%)<\/strong>. W ich przypadku za\u0142atwianie <strong>spraw formalno-ksi\u0119gowych (28%)<\/strong> niewiele przewa\u017ca nad <strong>dokszta\u0142caniem (27%)<\/strong>.<\/p>\n<p>Natomiast pi\u0119\u0107dziesi\u0119ciolatkowie najcz\u0119\u015bciej zajmuj\u0105 si\u0119 <strong>g\u0142\u00f3wnym przedmiotem swojego biznesu (54%)<\/strong>. Du\u017co czasu po\u015bwi\u0119caj\u0105 te\u017c na <strong>szukanie nowych klient\u00f3w (40%)<\/strong> oraz <strong>\u015bledzenie zmian prawnych i podatkowych (35%)<\/strong>. Dlatego te\u017c maj\u0105 ma\u0142o czasu na rozw\u00f3j firmy i dokszta\u0142canie (12%).<\/p>\n<p>Trzy generacje ankietowanych przedsi\u0119biorc\u00f3w zgadzaj\u0105 si\u0119 w jednej sprawie: <strong>najwi\u0119ksz\u0105 korzy\u015bci\u0105 z prowadzenia dzia\u0142alno\u015bci gospodarczej jest niezale\u017cno\u015b\u0107 i bycie swoim w\u0142asnym szefem<\/strong>.<\/p>\n<p>Co ciekawe, taka postawa jest szczeg\u00f3lnie widoczna u <strong>najm\u0142odszych (75%) oraz najstarszych (74%)<\/strong> biznesmen\u00f3w. Trzydziestolatkowie r\u00f3wnie\u017c doceniaj\u0105 niezale\u017cno\u015b\u0107 (58%), ale zwracaj\u0105 te\u017c du\u017c\u0105 uwag\u0119 na <strong>zarobki<\/strong> (53%), wi\u0119ksz\u0105 ni\u017c najm\u0142odsi (37%) oraz najstarsi (31%) badani.<\/p>\n","protected":false},"excerpt":{"rendered":"\u201eBadanie Polskiej Mikroprzedsi\u0119biorczo\u015bci\u201d przeprowadzone metod\u0105 wywiad\u00f3w internetowych (CAWI) przez agencj\u0119 badawcz\u0105 ARC Rynek i Opinia, skupi\u0142o si\u0119 na&hellip;","protected":false},"author":54,"featured_media":186019,"comment_status":"open","ping_status":"closed","sticky":false,"template":"","format":"standard","meta":{"csco_display_header_overlay":false,"csco_singular_sidebar":"","csco_page_header_type":"","csco_page_load_nextpost":"","csco_post_video_location":[],"csco_post_video_location_hash":"","csco_post_video_url":"","csco_post_video_bg_start_time":0,"csco_post_video_bg_end_time":0,"footnotes":""},"categories":[5156,4702],"tags":[12240,3726,12449,932],"class_list":{"0":"post-186018","1":"post","2":"type-post","3":"status-publish","4":"format-standard","5":"has-post-thumbnail","7":"category-ciekawostki","8":"category-raporty","9":"tag-badanie","10":"tag-biznes-2","11":"tag-mikroprzedsiebiorstwo","12":"tag-raport","13":"cs-entry","14":"cs-video-wrap"},"_links":{"self":[{"href":"https:\/\/mediarun.com\/pl\/wp-json\/wp\/v2\/posts\/186018","targetHints":{"allow":["GET"]}}],"collection":[{"href":"https:\/\/mediarun.com\/pl\/wp-json\/wp\/v2\/posts"}],"about":[{"href":"https:\/\/mediarun.com\/pl\/wp-json\/wp\/v2\/types\/post"}],"author":[{"embeddable":true,"href":"https:\/\/mediarun.com\/pl\/wp-json\/wp\/v2\/users\/54"}],"replies":[{"embeddable":true,"href":"https:\/\/mediarun.com\/pl\/wp-json\/wp\/v2\/comments?post=186018"}],"version-history":[{"count":0,"href":"https:\/\/mediarun.com\/pl\/wp-json\/wp\/v2\/posts\/186018\/revisions"}],"wp:featuredmedia":[{"embeddable":true,"href":"https:\/\/mediarun.com\/pl\/wp-json\/wp\/v2\/media\/186019"}],"wp:attachment":[{"href":"https:\/\/mediarun.com\/pl\/wp-json\/wp\/v2\/media?parent=186018"}],"wp:term":[{"taxonomy":"category","embeddable":true,"href":"https:\/\/mediarun.com\/pl\/wp-json\/wp\/v2\/categories?post=186018"},{"taxonomy":"post_tag","embeddable":true,"href":"https:\/\/mediarun.com\/pl\/wp-json\/wp\/v2\/tags?post=186018"}],"curies":[{"name":"wp","href":"https:\/\/api.w.org\/{rel}","templated":true}]}}