{"id":185586,"date":"2018-08-16T13:21:56","date_gmt":"2018-08-16T11:21:56","guid":{"rendered":"https:\/\/mediarun.com\/pl\/?p=185586"},"modified":"2018-08-16T13:21:56","modified_gmt":"2018-08-16T11:21:56","slug":"co-kryje-za-soba-pierwsza-kampania-promocji-gospodarczej-podkarpacia","status":"publish","type":"post","link":"https:\/\/mediarun.com\/pl\/wydarzenia\/co-kryje-za-soba-pierwsza-kampania-promocji-gospodarczej-podkarpacia.html","title":{"rendered":"Co kryje za sob\u0105 pierwsza kampania promocji gospodarczej Podkarpacia?"},"content":{"rendered":"<h4>Pierwsza kampania promocji gospodarczej Podkarpacia realizowana w ramach projektu Promocja Gospodarcza Wojew\u00f3dztwa Podkarpackiego, finansowanego ze \u015brodk\u00f3w Unii Europejskiej odby\u0142a si\u0119 8 sierpnia br. w Centrum Wystawienniczo &#8211; Kongresowym Wojew\u00f3dztwa Podkarpackiego G2A Arena w Jasionce k. Rzeszowa. Skupia si\u0119 ona na upowszechnieniu tutejszych inteligentnych specjalizacji takich jak lotnictwo i kosmonautyka, motoryzacja, informatyka i telekomunikacja oraz jako\u015b\u0107 \u017cycia.<\/h4>\n<p>Wydarzenie by\u0142o doskona\u0142\u0105 okazj\u0105 do <strong>om\u00f3wienia najwa\u017cniejszych dzia\u0142a\u0144<\/strong> prowadzonych w ramach kampanii, przedstawieniu <strong>spot\u00f3w promocyjnych<\/strong> oraz <strong>element\u00f3w identyfikacji wizualnej<\/strong>. Odby\u0142o si\u0119 r\u00f3wnie\u017c sporo <strong>paneli dyskusyjnych<\/strong>, w kt\u00f3rych wzi\u0119li udzia\u0142 przedstawiciele najwa\u017cniejszych przedsi\u0119biorstw, organizacji i instytucji dzia\u0142aj\u0105cych na Podkarpaciu. Tematami dyskusji by\u0142 <strong>wp\u0142yw inteligentnych specjalizacji na rozw\u00f3j i inwestycje<\/strong>, <strong>kreowanie pozytywnego wizerunku regionu<\/strong> w oparciu o jego g\u0142\u00f3wne atuty oraz <strong>korzy\u015bci spo\u0142eczne wynikaj\u0105ce z budowania zr\u00f3wnowa\u017conego rozwoju regionu<\/strong>.<\/p>\n<p><strong>G\u0142\u00f3wnym celem projektu<\/strong> jest zadbanie o to by Podkarpacie by\u0142o nie tylko kojarzone z atrakcyjnym regionem turystycznym, ale r\u00f3wnie\u017c z <strong>dynamicznie rozwijaj\u0105c\u0105 si\u0119 gospodark\u0105<\/strong>, wykorzystuj\u0105c\u0105 innowacyjne rozwi\u0105zania w oparciu o inteligentne specjalizacje, kt\u00f3re wzmacnia\u0142yby potencja\u0142 inwestycyjny regionu. Organizatorzy kampanii licz\u0105 na wzrost zainteresowania regionem narodowych i mi\u0119dzynarodowych inwestor\u00f3w, pobudzenie eksportu regionalnych produkt\u00f3w i us\u0142ug, a tak\u017ce promocj\u0119 podkarpackich firm.<\/p>\n<blockquote><p>Dzia\u0142ania promocyjne zainicjowane przez Wojew\u00f3dztwo Podkarpackie s\u0105 odpowiedzi\u0105 na stawiane przed regionem wyzwania, a tak\u017ce potrzeby naszego spo\u0142ecze\u0144stwa. Realizuj\u0105c kampani\u0119 pn. \u201ePodkarpackie. Wy\u017cszy poziom innowacji\u201d, chcemy podkre\u015bli\u0107 gospodarczy potencja\u0142 regionu i zaprezentowa\u0107 go jako najlepsze miejsce do \u017cycia i pracy. Lotnictwo i kosmonautyka, motoryzacja, informatyka i telekomunikacja, a tak\u017ce jako\u015b\u0107 \u017cycia to obszary, o kt\u00f3re chcemy oprze\u0107 komunikacj\u0119 kampanii, poniewa\u017c to w\u0142a\u015bnie one wytyczaj\u0105 drog\u0119 naszego gospodarczego rozwoju. Poprzez nasze dzia\u0142ania chcemy podkre\u015bli\u0107, \u017ce Podkarpacie to nie tylko walory przyrodnicze &#8211; Podkarpacie to r\u00f3wnie\u017c miejsce, gdzie inteligentne specjalizacje, rozbudowana struktura komunikacyjna, techniczna i badawczo-rozwojowa w towarzystwie nieska\u017conej przyrody i bogatej kultury stwarzaj\u0105 mo\u017cliwo\u015b\u0107 prowadzenia zr\u00f3wnowa\u017conego trybu \u017cycia. &#8211; m\u00f3wi <strong>W\u0142adys\u0142aw Ortyl, Marsza\u0142ek Wojew\u00f3dztwa Podkarpackiego<\/strong><\/p><\/blockquote>\n","protected":false},"excerpt":{"rendered":"Pierwsza kampania promocji gospodarczej Podkarpacia realizowana w ramach projektu Promocja Gospodarcza Wojew\u00f3dztwa Podkarpackiego, finansowanego ze \u015brodk\u00f3w Unii Europejskiej&hellip;","protected":false},"author":54,"featured_media":185874,"comment_status":"open","ping_status":"closed","sticky":false,"template":"","format":"standard","meta":{"csco_display_header_overlay":false,"csco_singular_sidebar":"","csco_page_header_type":"","csco_page_load_nextpost":"","csco_post_video_location":[],"csco_post_video_location_hash":"","csco_post_video_url":"","csco_post_video_bg_start_time":0,"csco_post_video_bg_end_time":0,"footnotes":""},"categories":[46,5156],"tags":[4757,3246,12360,12362,12363,12361],"class_list":{"0":"post-185586","1":"post","2":"type-post","3":"status-publish","4":"format-standard","5":"has-post-thumbnail","7":"category-wydarzenia","8":"category-ciekawostki","9":"tag-gospodarka","10":"tag-kampania","11":"tag-kampania-promocji-gospodarczej","12":"tag-podkarpacie","13":"tag-wladyslaw-ortyl","14":"tag-wojewodztwo-podkarpackie","15":"cs-entry","16":"cs-video-wrap"},"_links":{"self":[{"href":"https:\/\/mediarun.com\/pl\/wp-json\/wp\/v2\/posts\/185586","targetHints":{"allow":["GET"]}}],"collection":[{"href":"https:\/\/mediarun.com\/pl\/wp-json\/wp\/v2\/posts"}],"about":[{"href":"https:\/\/mediarun.com\/pl\/wp-json\/wp\/v2\/types\/post"}],"author":[{"embeddable":true,"href":"https:\/\/mediarun.com\/pl\/wp-json\/wp\/v2\/users\/54"}],"replies":[{"embeddable":true,"href":"https:\/\/mediarun.com\/pl\/wp-json\/wp\/v2\/comments?post=185586"}],"version-history":[{"count":0,"href":"https:\/\/mediarun.com\/pl\/wp-json\/wp\/v2\/posts\/185586\/revisions"}],"wp:featuredmedia":[{"embeddable":true,"href":"https:\/\/mediarun.com\/pl\/wp-json\/wp\/v2\/media\/185874"}],"wp:attachment":[{"href":"https:\/\/mediarun.com\/pl\/wp-json\/wp\/v2\/media?parent=185586"}],"wp:term":[{"taxonomy":"category","embeddable":true,"href":"https:\/\/mediarun.com\/pl\/wp-json\/wp\/v2\/categories?post=185586"},{"taxonomy":"post_tag","embeddable":true,"href":"https:\/\/mediarun.com\/pl\/wp-json\/wp\/v2\/tags?post=185586"}],"curies":[{"name":"wp","href":"https:\/\/api.w.org\/{rel}","templated":true}]}}