{"id":18545,"date":"2011-03-08T12:08:28","date_gmt":"2011-03-08T11:08:28","guid":{"rendered":"https:\/\/mediarun.com\/index.php\/news-posts\/radiowa-trojka-szuka-talentow\/"},"modified":"2011-03-08T12:08:28","modified_gmt":"2011-03-08T11:08:28","slug":"radiowa-trojka-szuka-talentow","status":"publish","type":"post","link":"https:\/\/mediarun.com\/pl\/media\/radio\/radiowa-trojka-szuka-talentow.html","title":{"rendered":"Radiowa Tr\u00f3jka szuka talent\u00f3w"},"content":{"rendered":"<p>Konkurs &#8222;Talenty Tr&oacute;jki&#8221;, organizowany przez <a href=\"http:\/\/dlafirm.mediarun.pl\/katalog\/firma\/trojka---polskie-radio-s.a.,809,1.html\" target=\"_blank\" rel=\"noopener\">Program III<\/a>, ma stanowi\u0107 realn\u0105 pomoc dla debiutant&oacute;w na pocz\u0105tku ich drogi artystycznej. Bior\u0105 w nim udzia\u0142 m\u0142odzi, najbardziej obiecuj\u0105cy tw&oacute;rcy &#8211; studenci oraz absolwenci uczelni artystycznych do 30. roku \u017cycia. Kandydat&oacute;w zg\u0142aszaj\u0105 uczelnie, instytucje kultury, profesorowie i mentorzy. Nagrody przyznawane s\u0105 w trzech kategoriach: Teatr, Film i Sztuki wizualne.<\/p>\n<p>Kapitu\u0142\u0119 &#8222;Talent&oacute;w Tr&oacute;jki&#8221; tworz\u0105 dziennikarze Programu III: Ryszard Ja\u017awi\u0144ski, Magda Jethon, Anna Krakowska, Wojciech Mann, Barbara Marcinik, Micha\u0142 Noga\u015b oraz Jerzy Sosnowski.<\/p>\n<p>Spo\u015br&oacute;d nades\u0142anych prac, jury zakwalifikuje do fina\u0142u dziewi\u0119ciu m\u0142odych tw&oacute;rc&oacute;w. Rozstrzygni\u0119cie konkursu i gali wr\u0119czenia nagr&oacute;d odb\u0119dzie si\u0119 w czerwcu br.<\/p>\n<p>Kandydatury mo\u017cna zg\u0142asza\u0107 do 30 kwietnia br., a do tego czasu najzdolniejszych artyst&oacute;w u progu kariery przedstawia\u0107 b\u0119d\u0105 ich profesorowie i mistrzowie w cyklu &#8222;Wykrywacz Talent&oacute;w&#8221; we wtorki o godz. 17.20. Pierwsza audycja ju\u017c dzi\u015b, 8 marca. Cykl zainauguruje rozmowa z prof. Ann\u0105 Polony z krakowskiej PWST, kt&oacute;ra opowie o m\u0142odej aktorce Paulinie Pu\u015blednik.<\/p>\n<p>O konkursie us\u0142ysze\u0107 b\u0119dzie mo\u017cna tak\u017ce w audycjach &#8222;Radiowy Dom Kultury&#8221;, &#8222;Tr&oacute;jkowo &#8211; filmowo&#8221; i &#8222;Magazyn Bardzo Kulturalny&#8221;.<\/p>\n<p>&#8222;Talenty Tr&oacute;jki&#8221; po raz pierwszy zosta\u0142y wr\u0119czone w 2010 roku. Laureatami zostali w&oacute;wczas malarka Ma\u0142gorzata Szymankiewicz, re\u017cyser teatralny Krzysztof Garbaczewski i re\u017cyser filmowy Kuba Czekaj. W jury pierwszej edycji &#8222;Talent&oacute;w Tr&oacute;jki&#8221; zasiedli: Wojciech Malajkat, Zbigniew Zamachowski, Wojciech Sztarbowski (kategoria Teatr), Roman Gutek, Borys Lankosz, Krzysztof Majchrzak (kategoria Film) oraz Monika Ma\u0142kowska, Edward Dwurnik, Oskar Dawicki (kategoria Sztuki wizualne).<\/p>\n<p>Szczeg&oacute;\u0142y dotycz\u0105ce konkursu oraz regulamin znajduj\u0105 si\u0119 na stronie: <a href=\"http:\/\/www.polskieradio.pl\/9,Trojka\/895,Talenty-Trojki\" target=\"_blank\" rel=\"noopener\">www.polskieradio.pl\/trojka\/talenty<\/a>.<\/p>\n","protected":false},"excerpt":{"rendered":"Tr&oacute;jka po raz drugi og\u0142asza konkurs &#8222;Talenty Tr&oacute;jki&#8221; dla m\u0142odych tw&oacute;rc&oacute;w.","protected":false},"author":1,"featured_media":18546,"comment_status":"open","ping_status":"closed","sticky":false,"template":"","format":"standard","meta":{"csco_display_header_overlay":false,"csco_singular_sidebar":"","csco_page_header_type":"","csco_page_load_nextpost":"","csco_post_video_location":[],"csco_post_video_location_hash":"","csco_post_video_url":"","csco_post_video_bg_start_time":0,"csco_post_video_bg_end_time":0,"footnotes":""},"categories":[9672],"tags":[1098],"class_list":{"0":"post-18545","1":"post","2":"type-post","3":"status-publish","4":"format-standard","5":"has-post-thumbnail","7":"category-radio","8":"tag-radio-trojka","9":"cs-entry","10":"cs-video-wrap"},"_links":{"self":[{"href":"https:\/\/mediarun.com\/pl\/wp-json\/wp\/v2\/posts\/18545","targetHints":{"allow":["GET"]}}],"collection":[{"href":"https:\/\/mediarun.com\/pl\/wp-json\/wp\/v2\/posts"}],"about":[{"href":"https:\/\/mediarun.com\/pl\/wp-json\/wp\/v2\/types\/post"}],"author":[{"embeddable":true,"href":"https:\/\/mediarun.com\/pl\/wp-json\/wp\/v2\/users\/1"}],"replies":[{"embeddable":true,"href":"https:\/\/mediarun.com\/pl\/wp-json\/wp\/v2\/comments?post=18545"}],"version-history":[{"count":0,"href":"https:\/\/mediarun.com\/pl\/wp-json\/wp\/v2\/posts\/18545\/revisions"}],"wp:featuredmedia":[{"embeddable":true,"href":"https:\/\/mediarun.com\/pl\/wp-json\/wp\/v2\/media\/18546"}],"wp:attachment":[{"href":"https:\/\/mediarun.com\/pl\/wp-json\/wp\/v2\/media?parent=18545"}],"wp:term":[{"taxonomy":"category","embeddable":true,"href":"https:\/\/mediarun.com\/pl\/wp-json\/wp\/v2\/categories?post=18545"},{"taxonomy":"post_tag","embeddable":true,"href":"https:\/\/mediarun.com\/pl\/wp-json\/wp\/v2\/tags?post=18545"}],"curies":[{"name":"wp","href":"https:\/\/api.w.org\/{rel}","templated":true}]}}