{"id":185447,"date":"2018-07-03T12:01:23","date_gmt":"2018-07-03T10:01:23","guid":{"rendered":"https:\/\/mediarun.com\/pl\/?p=185447"},"modified":"2018-07-03T12:01:23","modified_gmt":"2018-07-03T10:01:23","slug":"michal-laskowski-zastapiony-na-stanowisku-prezesa-rankomatu","status":"publish","type":"post","link":"https:\/\/mediarun.com\/pl\/ludzie\/awanse\/michal-laskowski-zastapiony-na-stanowisku-prezesa-rankomatu.html","title":{"rendered":"Micha\u0142 Laskowski zast\u0105piony na stanowisku prezesa Rankomatu"},"content":{"rendered":"<h2><strong>Micha\u0142 Laskowski po 10 latach pracy odchodzi ze stanowiska prezesa Rankomatu. Na jego miejsce zosta\u0142 wybrany ju\u017c nowy kandydat.<\/strong><\/h2>\n<p>&nbsp;<\/p>\n<p><strong>Tomasz Masaj\u0142o<\/strong> wraz z pocz\u0105tkiem lipca obj\u0105\u0142 funkcj\u0119 prezesa por\u00f3wnywarki ubezpieczeniowej <strong>Rankomat<\/strong>, kt\u00f3ra nale\u017cy do <strong>Grupy Bauer Media<\/strong>.<\/p>\n<h4><strong>\u201eTo dla mnie du\u017ca odpowiedzialno\u015b\u0107 i\u00a0stymuluj\u0105ce zawodowe wyzwanie. Pracowa\u0142em z Micha\u0142em wiele lat, z sukcesem rozwijaj\u0105c Rankomat i pozyskuj\u0105c do pracy w nim wiele profesjonalnych, do\u015bwiadczonych specjalist\u00f3w. Wierz\u0119, \u017ce razem z nimi nie tylko utrzymamy nasz\u0105 pozycj\u0119 lidera, ale wprowadzimy tak\u017ce wiele nowych, innowacyjnych produkt\u00f3w.\u201d &#8211; wypowiada si\u0119 Tomasz Masaj\u0142o.<\/strong><\/h4>\n<h2><strong>Do\u015bwiadczenie Masaj\u0142o<\/strong><\/h2>\n<p>Dotychczas <strong>Tomasz Masaj\u0142o<\/strong> pe\u0142ni\u0142 w Rankomacie funkcj\u0119 Dyrektora ds. Marketingu. Z firm\u0105 zwi\u0105zany jest ponad trzy lata, natomiast swoje do\u015bwiadczenie zdobywa\u0142 r\u00f3wnie\u017c pracuj\u0105c mi\u0119dzy innymi w <strong>PZU<\/strong> i <strong>AXA Direct<\/strong>.<\/p>\n<p>By\u0142y prezes<strong> Rankomatu<\/strong> &#8211; <strong>Micha\u0142 Laskowski<\/strong> &#8211; po 10 lat kierownictwa, odchodzi z firmy. Nie podano jednak jego plan\u00f3w zawodowych.<\/p>\n","protected":false},"excerpt":{"rendered":"Micha\u0142 Laskowski po 10 latach pracy odchodzi ze stanowiska prezesa Rankomatu. Na jego miejsce zosta\u0142 wybrany ju\u017c nowy&hellip;","protected":false},"author":49,"featured_media":185448,"comment_status":"open","ping_status":"closed","sticky":false,"template":"","format":"standard","meta":{"csco_display_header_overlay":false,"csco_singular_sidebar":"","csco_page_header_type":"","csco_page_load_nextpost":"","csco_post_video_location":[],"csco_post_video_location_hash":"","csco_post_video_url":"","csco_post_video_bg_start_time":0,"csco_post_video_bg_end_time":0,"footnotes":""},"categories":[9678],"tags":[12316,12317,12318],"class_list":{"0":"post-185447","1":"post","2":"type-post","3":"status-publish","4":"format-standard","5":"has-post-thumbnail","7":"category-awanse","8":"tag-michal-laskowski","9":"tag-rankomat","10":"tag-tomasz-masajlo","11":"cs-entry","12":"cs-video-wrap"},"_links":{"self":[{"href":"https:\/\/mediarun.com\/pl\/wp-json\/wp\/v2\/posts\/185447","targetHints":{"allow":["GET"]}}],"collection":[{"href":"https:\/\/mediarun.com\/pl\/wp-json\/wp\/v2\/posts"}],"about":[{"href":"https:\/\/mediarun.com\/pl\/wp-json\/wp\/v2\/types\/post"}],"author":[{"embeddable":true,"href":"https:\/\/mediarun.com\/pl\/wp-json\/wp\/v2\/users\/49"}],"replies":[{"embeddable":true,"href":"https:\/\/mediarun.com\/pl\/wp-json\/wp\/v2\/comments?post=185447"}],"version-history":[{"count":0,"href":"https:\/\/mediarun.com\/pl\/wp-json\/wp\/v2\/posts\/185447\/revisions"}],"wp:featuredmedia":[{"embeddable":true,"href":"https:\/\/mediarun.com\/pl\/wp-json\/wp\/v2\/media\/185448"}],"wp:attachment":[{"href":"https:\/\/mediarun.com\/pl\/wp-json\/wp\/v2\/media?parent=185447"}],"wp:term":[{"taxonomy":"category","embeddable":true,"href":"https:\/\/mediarun.com\/pl\/wp-json\/wp\/v2\/categories?post=185447"},{"taxonomy":"post_tag","embeddable":true,"href":"https:\/\/mediarun.com\/pl\/wp-json\/wp\/v2\/tags?post=185447"}],"curies":[{"name":"wp","href":"https:\/\/api.w.org\/{rel}","templated":true}]}}